{"id":433782,"date":"2025-10-02T13:46:14","date_gmt":"2025-10-02T13:46:14","guid":{"rendered":"https:\/\/www.europesays.com\/fr\/433782\/"},"modified":"2025-10-02T13:46:14","modified_gmt":"2025-10-02T13:46:14","slug":"le-food-court-de-la-rue-de-bethune-ferme-definitivement-ses-portes","status":"publish","type":"post","link":"https:\/\/www.europesays.com\/fr\/433782\/","title":{"rendered":"le food court de la rue de B\u00e9thune ferme d\u00e9finitivement ses portes"},"content":{"rendered":"<p>            Par<br \/>\n        <strong><br \/>\n            <a href=\"https:\/\/actu.fr\/auteur\/hervine-mahaud\" title=\"Consulter tous les articles de Hervine Mahaud\" rel=\"nofollow noopener\" target=\"_blank\">Hervine Mahaud<\/a><br \/>\n        <\/strong><\/p>\n<p>        Publi\u00e9 le<\/p>\n<p>            2 oct. 2025 \u00e0 14h50        <\/p>\n<p>L\u2019annonce est tomb\u00e9e comme un couperet : <b>Grand Sc\u00e8ne va fermer d\u00e9finitivement ses portes<\/b>. D\u2019abord plac\u00e9 en <b>redressement judiciaire<\/b>, le <b>food court de la rue de B\u00e9thune<\/b> n\u2019a finalement pas r\u00e9ussi \u00e0 redresser la barre. Si bien que, le mercredi 1er octobre, 2025, le <b>tribunal de commerce de Lille<\/b> a prononc\u00e9 la <b>liquidation judiciaire<\/b> du lieu. Grand Sc\u00e8ne fermera ses portes ce samedi 4 octobre 2025 \u00e0 minuit.<\/p>\n<p>\u00ab\u00a0Apr\u00e8s des mois de travail acharn\u00e9, nous \u00e9tions convaincus d\u2019avoir retrouv\u00e9 un souffle\u00a0\u00bb<\/p>\n<p class=\" wall-content\">Cette d\u00e9cision signifie \u00ab\u00a0la fin de l\u2019aventure : <b>l\u2019activit\u00e9 s\u2019arr\u00eate d\u00e9finitivement, malgr\u00e9 tous nos efforts pour construire un plan de redressement solide<\/b>\u00ab\u00a0, \u00e9crit <a href=\"https:\/\/actu.fr\/hauts-de-france\/lille_59350\/voici-les-10-restos-street-food-de-grand-scene-au-31-rue-de-bethune-a-lille_41083719.html\" rel=\"nofollow noopener\" target=\"_blank\">Grand Sc\u00e8ne<\/a> dans un communiqu\u00e9 de presse. \u00ab\u00a0C\u2019est une <b>d\u00e9cision brutale<\/b>. Apr\u00e8s des mois de travail acharn\u00e9, nous \u00e9tions convaincus d\u2019avoir retrouv\u00e9 un souffle : des engagements financiers confirm\u00e9s, un chiffre d\u2019affaires en ligne avec nos pr\u00e9visions, une dizaine d\u2019\u00e9v\u00e9nements pr\u00eats \u00e0 voir le jour d\u00e8s octobre.\u00a0\u00bb En effet, le lieu avait pr\u00e9vu une belle programmation : d\u00e9gustation de vins, pop-up store, ateliers, stand up\u2026<\/p>\n<p class=\" wall-content\">\u00ab\u00a0Nous demandions simplement <b>trois semaines pour finaliser notre plan<\/b>. Mais le tribunal en a d\u00e9cid\u00e9 autrement : <b>Grand Sc\u00e8ne fermera ses portes ce samedi \u00e0 minuit<\/b>\u00ab\u00a0, regrette la direction du food court.<\/p>\n<p>\u00ab\u00a0Ce qui reste le plus fort, ce sont les souvenirs\u00a0\u00bb<\/p>\n<p class=\" wall-content\">Toute l\u2019\u00e9quipe de Grand Sc\u00e8ne ne cache pas son \u00ab\u00a0amertume\u00a0\u00bb. Pour autant, elle pr\u00e9f\u00e8re garder le positif de cette belle aventure, qui aura permis aux Lillois de (re)d\u00e9couvrir la<b> street food<\/b> et de vivre de nombreux \u00e9v\u00e9nements, notamment les grands rendez-vous sportifs.<\/p>\n<p class=\" wall-content\">\u00ab\u00a0Ce qui reste le plus fort, <b>ce sont les souvenirs<\/b> : vos rires autour de grandes tabl\u00e9es, vos corps qui dansent, les festivals gastronomiques, les banquets g\u00e9ants dans la rue, les fanfares, les viewing parties endiabl\u00e9es, les soir\u00e9es voguing, la ferveur des matchs et des Jeux Olympiques\u2026 Grand Sc\u00e8ne, c\u2019\u00e9tait tout \u00e7a.\u00a0\u00bb<\/p>\n<p class=\" wall-content\">Le lieu a aussi permis \u00e0 des restaurateurs lillois et d\u2019ailleurs d\u2019\u00eatre mis en avant. Pour <b>Marianne Barbier<\/b>, co-fondatrice,<b> ces \u00ab\u00a0rencontres resteront grav\u00e9es\u00a0\u00bb<\/b>. Et de citer quelques noms : \u00ab\u00a0Rim et Bassem (Ataya), devenus une famille ; C\u00e9sar et Greg (Comptoir Volant), mes grands fr\u00e8res de route ; R\u00e9my et Gautier, nos rois de la frite arriv\u00e9s en trombe, avec qui on r\u00eavait d\u2019avenir.\u00a0\u00bb Ce dernier duo venait tout juste de lancer Barkette, une friterie authentique comme on les aime.\u00a0<\/p>\n<p>Votre r\u00e9gion, votre actu !<\/p>\n<p>Recevez chaque jour les infos qui comptent pour vous.<\/p>\n<p>\t<a href=\"https:\/\/actu.fr\/newsletter\" class=\"ac-btn ac-btn--corner ac-btn--medium ac-btn--blue800\" rel=\"nofollow noopener\" target=\"_blank\">S&rsquo;incrire<\/a><\/p>\n<p class=\" wall-content\"><a href=\"https:\/\/www.instagram.com\/p\/DPGZHDsjCCV\/embed\" title=\"Ouvrir le lien sur Instagram\" rel=\"nofollow noopener\" target=\"_blank\">Visualiser le contenu sur Instagram<\/a><\/p>\n<p>\u00ab\u00a0Chaque semaine, des restaurants ferment leurs portes \u00e0 Lille\u00a0\u00bb<\/p>\n<p class=\" wall-content\">\u00ab\u00a0Grand Sc\u00e8ne n\u2019a jamais \u00e9t\u00e9 un \u2018simple resto\u2019, poursuit Marianne Barbier. C\u2019\u00e9tait une maison ouverte, un carrefour de cultures, de musique, de cuisine, de f\u00eate. Un endroit pour se retrouver, se r\u00e9chauffer, s\u2019oublier un instant. Et <b>Lille a besoin de lieux comme celui-l\u00e0<\/b>. J\u2019aimerais vous dire que notre cas est isol\u00e9, malheureusement il ne l\u2019est pas. <b>Chaque semaine, des restaurants ferment leurs portes \u00e0 Lille<\/b>. Hier <a href=\"https:\/\/actu.fr\/hauts-de-france\/lille_59350\/lhirondelle-est-morte-le-bistrot-saint-so-de-lille-annonce-officiellement-sa-fermeture_63206776.html\" rel=\"nofollow noopener\" target=\"_blank\">c\u2019\u00e9tait le Bistro Saint-So<\/a>, aujourd\u2019hui c\u2019est nous\u2026 et demain ? Lille a besoin de lieux culturels et vibrants, o\u00f9 l\u2019on se retrouve, o\u00f9 l\u2019on partage, o\u00f9 l\u2019on oublie un instant les tracas. Des lieux pour vivre, tout simplement. Alors s\u2019il vous pla\u00eet :<b> soutenez vos bars et vos restos de quartier<\/b>, en vous y attablant. <b>Ils n\u2019ont jamais eu autant besoin de vous<\/b>.\u00a0\u00bb<\/p>\n<p>C\u00e9l\u00e9brer Grand Sc\u00e8ne jusqu\u2019\u00e0 la derni\u00e8re minute<\/p>\n<p class=\" wall-content\">Le lieu refuse cependant de \u00ab\u00a0partir en silence\u00a0\u00bb et compte bien sur l\u2019effervescence lilloise pour faire, une derni\u00e8re fois, la f\u00eate. \u00ab\u00a0<b>Jusqu\u2019\u00e0 samedi minuit, nous vous dirons au revoir \u00e0 notre mani\u00e8re<\/b> : en poussant le son, en faisant couler les bi\u00e8res et en vous r\u00e9galant jusqu\u2019au dernier service. Parce que, m\u00eame \u00e0 la fin, Grand Sc\u00e8ne restera une f\u00eate.\u00a0\u00bb<\/p>\n<p class=\" wall-content\">Et de conclure sur ces mots. \u00ab\u00a0Nous aurions aim\u00e9 que l\u2019histoire continue encore longtemps. Mais si ce chapitre s\u2019ach\u00e8ve, il laisse place \u00e0 un autre. L\u2019\u00e9nergie, la passion et les liens cr\u00e9\u00e9s ici, eux, ne s\u2019\u00e9teindront pas. Merci \u00e0 l\u2019\u00e9quipe soud\u00e9e et merci \u00e0 vous, d\u2019avoir \u00e9crit cette aventure avec nous.\u00a0\u00bb<\/p>\n<p class=\" wall-content\">Pour dire au revoir \u00e0 toute l\u2019\u00e9quipe, et c\u00e9l\u00e9brer Grand Sc\u00e8ne une derni\u00e8re fois, il vous reste jusqu\u2019\u00e0 samedi 4 octobre minuit.<\/p>\n<p class=\" wall-content\">Personnalisez votre actualit\u00e9 en ajoutant vos villes et m\u00e9dias en favori avec <a href=\"https:\/\/moncompte.actu.fr\" title=\"D\u00e9couvez Mon Actu\" rel=\"nofollow noopener\" data-trk=\"{&quot;cta&quot;:{&quot;action&quot;:&quot;https:\\\/\\\/moncompte.actu.fr&quot;,&quot;category&quot;:&quot;mon compte&quot;,&quot;from&quot;:&quot;article footer&quot;,&quot;name&quot;:&quot;Mon actu&quot;,&quot;type&quot;:&quot;cta&quot;}}\" target=\"_blank\">Mon Actu<\/a>.<\/p>\n<p>                    <script async src=\"\/\/www.instagram.com\/embed.js\"><\/script><\/p>\n","protected":false},"excerpt":{"rendered":"Par Hervine Mahaud Publi\u00e9 le 2 oct. 2025 \u00e0 14h50 L\u2019annonce est tomb\u00e9e comme un couperet : Grand&hellip;\n","protected":false},"author":2,"featured_media":433783,"comment_status":"","ping_status":"","sticky":false,"template":"","format":"standard","meta":{"footnotes":""},"categories":[2815],"tags":[1111,11,215,33,1777,674,1011,27,811,1307,12,25,1340],"class_list":{"0":"post-433782","1":"post","2":"type-post","3":"status-publish","4":"format-standard","5":"has-post-thumbnail","7":"category-lille","8":"tag-actu","9":"tag-actualites","10":"tag-commerce","11":"tag-economie","12":"tag-eu","13":"tag-europe","14":"tag-fr","15":"tag-france","16":"tag-hauts-de-france","17":"tag-lille","18":"tag-news","19":"tag-republique-francaise","20":"tag-restaurant"},"share_on_mastodon":{"url":"https:\/\/pubeurope.com\/@fr\/115304882913432107","error":""},"_links":{"self":[{"href":"https:\/\/www.europesays.com\/fr\/wp-json\/wp\/v2\/posts\/433782","targetHints":{"allow":["GET"]}}],"collection":[{"href":"https:\/\/www.europesays.com\/fr\/wp-json\/wp\/v2\/posts"}],"about":[{"href":"https:\/\/www.europesays.com\/fr\/wp-json\/wp\/v2\/types\/post"}],"author":[{"embeddable":true,"href":"https:\/\/www.europesays.com\/fr\/wp-json\/wp\/v2\/users\/2"}],"replies":[{"embeddable":true,"href":"https:\/\/www.europesays.com\/fr\/wp-json\/wp\/v2\/comments?post=433782"}],"version-history":[{"count":0,"href":"https:\/\/www.europesays.com\/fr\/wp-json\/wp\/v2\/posts\/433782\/revisions"}],"wp:featuredmedia":[{"embeddable":true,"href":"https:\/\/www.europesays.com\/fr\/wp-json\/wp\/v2\/media\/433783"}],"wp:attachment":[{"href":"https:\/\/www.europesays.com\/fr\/wp-json\/wp\/v2\/media?parent=433782"}],"wp:term":[{"taxonomy":"category","embeddable":true,"href":"https:\/\/www.europesays.com\/fr\/wp-json\/wp\/v2\/categories?post=433782"},{"taxonomy":"post_tag","embeddable":true,"href":"https:\/\/www.europesays.com\/fr\/wp-json\/wp\/v2\/tags?post=433782"}],"curies":[{"name":"wp","href":"https:\/\/api.w.org\/{rel}","templated":true}]}}