{"id":433789,"date":"2025-10-02T13:50:13","date_gmt":"2025-10-02T13:50:13","guid":{"rendered":"https:\/\/www.europesays.com\/fr\/433789\/"},"modified":"2025-10-02T13:50:13","modified_gmt":"2025-10-02T13:50:13","slug":"lyon-un-homme-tombe-sur-les-voies-du-metro-la-station-bellecour-evacuee","status":"publish","type":"post","link":"https:\/\/www.europesays.com\/fr\/433789\/","title":{"rendered":"Lyon. Un homme tombe sur les voies du m\u00e9tro, la station \u00ab\u00a0Bellecour\u00a0\u00bb \u00e9vacu\u00e9e"},"content":{"rendered":"<p>Un homme d\u2019une quarantaine d\u2019ann\u00e9es a \u00e9t\u00e9 pris en charge par les secours en urgence absolue, ce jeudi vers 14\u00a0h\u00a015 apr\u00e8s une chute sur les voies du m\u00e9tro \u00e0 la station \u00ab\u00a0Bellecour\u00a0\u00bb \u00e0 Lyon (2e).<\/p>\n<p>On ne conna\u00eet pas \u00e0 cette heure les circonstances dans lesquelles la victime, consciente au moment de son \u00e9vacuation apr\u00e8s avoir re\u00e7u les soins des pompiers et du SAMU, est tomb\u00e9e sur les voies. D\u2019importants moyens, dont une trentaine de sapeurs-pompiers, ont \u00e9t\u00e9 d\u00e9ploy\u00e9s et comme le rapporte <a href=\"https:\/\/actu.fr\/auvergne-rhone-alpes\/lyon_69123\/tcl-a-lyon-la-station-de-metro-bellecour-evacuee-d-urgence-les-pompiers-sur-place_63245595.html\" target=\"_blank\" rel=\"noopener\">Actu Lyon,<\/a> la station a \u00e9t\u00e9 \u00e9vacu\u00e9e pour faciliter l\u2019intervention du secours.<\/p>\n<p>  Malaise d\u2019une voyageuse<\/p>\n<p>Une voyageuse, prise de malaise a \u00e9galement \u00e9t\u00e9 secourue par les pompiers et son \u00e9tat n\u2019inspire pas d\u2019inqui\u00e9tude.<\/p>\n<p>La circulation de la ligne D a \u00e9t\u00e9 interrompue entre les stations \u00ab\u00a0Gare de Vaise-G\u00e9rard Collomb\u00a0\u00bb et \u00ab\u00a0Monplaisir Lumi\u00e8re\u00a0\u00bb ne sont plus desservies. <\/p>\n<p>Les rames \u00e0 l\u2019arr\u00eat n\u2019ont pas \u00e9t\u00e9 \u00e9vacu\u00e9es.<\/p>\n","protected":false},"excerpt":{"rendered":"Un homme d\u2019une quarantaine d\u2019ann\u00e9es a \u00e9t\u00e9 pris en charge par les secours en urgence absolue, ce jeudi&hellip;\n","protected":false},"author":2,"featured_media":433790,"comment_status":"","ping_status":"","sticky":false,"template":"","format":"standard","meta":{"footnotes":""},"categories":[1889],"tags":[119,1111,11,2430,2757,1777,674,274,107,1011,27,2428,12354,12353,12,25,2429,10213],"class_list":{"0":"post-433789","1":"post","2":"type-post","3":"status-publish","4":"format-standard","5":"has-post-thumbnail","7":"category-lyon","8":"tag-accident","9":"tag-actu","10":"tag-actualites","11":"tag-auvergne-rhone-alpes","12":"tag-edition-lyon-villeurbanne","13":"tag-eu","14":"tag-europe","15":"tag-faits-divers-justice","16":"tag-fil-info","17":"tag-fr","18":"tag-france","19":"tag-lyon","20":"tag-lyon-2e","21":"tag-lyon-2e-arrondissement","22":"tag-news","23":"tag-republique-francaise","24":"tag-rhone","25":"tag-tcl"},"share_on_mastodon":{"url":"https:\/\/pubeurope.com\/@fr\/115304898573440278","error":""},"_links":{"self":[{"href":"https:\/\/www.europesays.com\/fr\/wp-json\/wp\/v2\/posts\/433789","targetHints":{"allow":["GET"]}}],"collection":[{"href":"https:\/\/www.europesays.com\/fr\/wp-json\/wp\/v2\/posts"}],"about":[{"href":"https:\/\/www.europesays.com\/fr\/wp-json\/wp\/v2\/types\/post"}],"author":[{"embeddable":true,"href":"https:\/\/www.europesays.com\/fr\/wp-json\/wp\/v2\/users\/2"}],"replies":[{"embeddable":true,"href":"https:\/\/www.europesays.com\/fr\/wp-json\/wp\/v2\/comments?post=433789"}],"version-history":[{"count":0,"href":"https:\/\/www.europesays.com\/fr\/wp-json\/wp\/v2\/posts\/433789\/revisions"}],"wp:featuredmedia":[{"embeddable":true,"href":"https:\/\/www.europesays.com\/fr\/wp-json\/wp\/v2\/media\/433790"}],"wp:attachment":[{"href":"https:\/\/www.europesays.com\/fr\/wp-json\/wp\/v2\/media?parent=433789"}],"wp:term":[{"taxonomy":"category","embeddable":true,"href":"https:\/\/www.europesays.com\/fr\/wp-json\/wp\/v2\/categories?post=433789"},{"taxonomy":"post_tag","embeddable":true,"href":"https:\/\/www.europesays.com\/fr\/wp-json\/wp\/v2\/tags?post=433789"}],"curies":[{"name":"wp","href":"https:\/\/api.w.org\/{rel}","templated":true}]}}