{"id":433807,"date":"2025-10-02T13:59:10","date_gmt":"2025-10-02T13:59:10","guid":{"rendered":"https:\/\/www.europesays.com\/fr\/433807\/"},"modified":"2025-10-02T13:59:10","modified_gmt":"2025-10-02T13:59:10","slug":"comment-trump-veut-profiter-du-shutdown-pour-licencier-des-fonctionnaires","status":"publish","type":"post","link":"https:\/\/www.europesays.com\/fr\/433807\/","title":{"rendered":"Comment Trump veut profiter du \u201cshutdown\u201d pour licencier des fonctionnaires"},"content":{"rendered":"\n<p>Donald Trump semble avoir opt\u00e9 pour la m\u00e9thode punitive. D\u00e8s le 1er\u00a0octobre, \u201cson administration a pris des mesures visant \u00e0 maximiser les cons\u00e9quences n\u00e9fastes de la fermeture des services publics, en bloquant des milliards de dollars de fonds destin\u00e9s aux \u00c9tats dirig\u00e9s par les d\u00e9mocrates, tout en pr\u00e9parant un plan visant \u00e0 licencier tr\u00e8s prochainement un grand nombre de fonctionnaires\u201d, <a href=\"https:\/\/www.nytimes.com\/2025\/10\/01\/us\/politics\/white-house-shutdown-punishment.html\" target=\"_blank\" rel=\"noopener\">rapporte <strong>The New York Times.<\/strong><\/a><\/p>\n<p>Une fa\u00e7on de parachever l\u2019ouvrage du Doge (\u201cd\u00e9partement de l\u2019efficacit\u00e9 gouvernementale\u201d), dirig\u00e9 par le milliardaire et patron de Tesla, Elon Musk, jusqu\u2019au 31\u00a0mai. Entre janvier et mai, le Doge avait notamment pr\u00e9sid\u00e9 \u00e0 des licenciements de masse de fonctionnaires f\u00e9d\u00e9raux, \u00e0 des coupes sombres dans de nombreux budgets et au <a href=\"https:\/\/www.courrierinternational.com\/article\/etats-unis-pourquoi-elon-musk-veut-la-peau-de-l-usaid-l-agence-americaine-pour-le-developpement_227334\" target=\"_blank\" rel=\"noopener\">d\u00e9mant\u00e8lement de plusieurs institutions dont l\u2019USAID<\/a>, l\u2019agence de d\u00e9veloppement am\u00e9ricaine, et le<a href=\"https:\/\/www.courrierinternational.com\/article\/etats-unis-trump-s-attelle-au-demantelement-du-ministere-americain-de-l-education_229018\" target=\"_blank\" rel=\"noopener\"> minist\u00e8re de l\u2019\u00c9ducation<\/a>.<\/p>\n<p>Comme <a class=\"ithalc\" data-ithal=\"lien_externe\" data-ithalc=\"[nav_article]\" target=\"_blank\" href=\"https:\/\/eu.usatoday.com\/story\/news\/politics\/2025\/10\/01\/looming-layoffs-federal-workers\/86456233007\/\" rel=\"noopener\">le souligne le quotidien <strong>USA Today, <\/strong><\/a>\u201cl\u2019ann\u00e9e a \u00e9t\u00e9 particuli\u00e8rement dure pour les fonctionnaires f\u00e9d\u00e9raux\u201d. L\u2019une des premi\u00e8res mesures prises par le pr\u00e9sident Donald Trump, le 20\u00a0janvier, \u201ca \u00e9t\u00e9 la cr\u00e9ation du \u2018d\u00e9partement am\u00e9ricain de l\u2019efficacit\u00e9 gouvernementale\u2019 afin de r\u00e9duire les d\u00e9penses et d\u2019\u00e9liminer \u2018le gaspillage, la bureaucratie et l\u2019insularit\u00e9\u2019 au sein de l\u2019administration f\u00e9d\u00e9rale\u201d, rappelle le journal. <\/p>\n","protected":false},"excerpt":{"rendered":"Donald Trump semble avoir opt\u00e9 pour la m\u00e9thode punitive. D\u00e8s le 1er\u00a0octobre, \u201cson administration a pris des mesures&hellip;\n","protected":false},"author":2,"featured_media":433808,"comment_status":"","ping_status":"","sticky":false,"template":"","format":"standard","meta":{"footnotes":""},"categories":[1589],"tags":[11,3822,75,73,1866,12,316,56160,2542,770,1864,1865,1863,308],"class_list":{"0":"post-433807","1":"post","2":"type-post","3":"status-publish","4":"format-standard","5":"has-post-thumbnail","7":"category-etats-unis","8":"tag-actualites","9":"tag-amu00e9riques","10":"tag-donald-trump","11":"tag-etats-unis","12":"tag-etats-unis-damerique","13":"tag-news","14":"tag-politique","15":"tag-shutdown-aux-u00e9tats-unis","16":"tag-u00e9conomie","17":"tag-u00e9tats-unis","18":"tag-united-states","19":"tag-united-states-of-america","20":"tag-us","21":"tag-usa"},"share_on_mastodon":{"url":"https:\/\/pubeurope.com\/@fr\/115304934202226461","error":""},"_links":{"self":[{"href":"https:\/\/www.europesays.com\/fr\/wp-json\/wp\/v2\/posts\/433807","targetHints":{"allow":["GET"]}}],"collection":[{"href":"https:\/\/www.europesays.com\/fr\/wp-json\/wp\/v2\/posts"}],"about":[{"href":"https:\/\/www.europesays.com\/fr\/wp-json\/wp\/v2\/types\/post"}],"author":[{"embeddable":true,"href":"https:\/\/www.europesays.com\/fr\/wp-json\/wp\/v2\/users\/2"}],"replies":[{"embeddable":true,"href":"https:\/\/www.europesays.com\/fr\/wp-json\/wp\/v2\/comments?post=433807"}],"version-history":[{"count":0,"href":"https:\/\/www.europesays.com\/fr\/wp-json\/wp\/v2\/posts\/433807\/revisions"}],"wp:featuredmedia":[{"embeddable":true,"href":"https:\/\/www.europesays.com\/fr\/wp-json\/wp\/v2\/media\/433808"}],"wp:attachment":[{"href":"https:\/\/www.europesays.com\/fr\/wp-json\/wp\/v2\/media?parent=433807"}],"wp:term":[{"taxonomy":"category","embeddable":true,"href":"https:\/\/www.europesays.com\/fr\/wp-json\/wp\/v2\/categories?post=433807"},{"taxonomy":"post_tag","embeddable":true,"href":"https:\/\/www.europesays.com\/fr\/wp-json\/wp\/v2\/tags?post=433807"}],"curies":[{"name":"wp","href":"https:\/\/api.w.org\/{rel}","templated":true}]}}