{"id":433814,"date":"2025-10-02T14:03:13","date_gmt":"2025-10-02T14:03:13","guid":{"rendered":"https:\/\/www.europesays.com\/fr\/433814\/"},"modified":"2025-10-02T14:03:13","modified_gmt":"2025-10-02T14:03:13","slug":"la-france-appelle-lue-a-reduire-drastiquement-lutilisation-de-loctocrylene-filtre-uv-dangereux-pour-lenvironnement-liberation","status":"publish","type":"post","link":"https:\/\/www.europesays.com\/fr\/433814\/","title":{"rendered":"La France appelle l\u2019UE \u00e0 \u00abr\u00e9duire drastiquement\u00bb l\u2019utilisation de l\u2019octocryl\u00e8ne, filtre UV dangereux pour l\u2019environnement \u2013 Lib\u00e9ration"},"content":{"rendered":"<p class=\"sc-cPiKLX AiZTS text-element\">Utilis\u00e9 dans environ un tiers des produits cosm\u00e9tiques, ce produit est de longue date dans le viseur des autorit\u00e9s sanitaires. La France appelle l\u2019Union europ\u00e9enne \u00e0 r\u00e9duire drastiquement d\u00e8s 2027 l\u2019utilisation de <a href=\"https:\/\/www.liberation.fr\/environnement\/cremes-solaires-loctocrylene-substance-chimique-dans-le-viseur-des-autorites-de-sante-20230707_YQ343N3YEVCBVABCWGNODWMSPI\" target=\"_blank\" rel=\"noreferrer nofollow noopener\" title=\"https:\/\/www.liberation.fr\/environnement\/cremes-solaires-loctocrylene-substance-chimique-dans-le-viseur-des-autorites-de-sante-20230707_YQ343N3YEVCBVABCWGNODWMSPI\">l\u2019octocryl\u00e8ne, un filtre UV<\/a>, afin de prot\u00e9ger l\u2019environnement, confirme \u00e0 Lib\u00e9ration ce jeudi 2 octobre l\u2019Agence nationale de s\u00e9curit\u00e9 sanitaire (Anses), qui a instruit ce dossier \u00e0 la demande du minist\u00e8re de l\u2019Environnement. <\/p>\n<p class=\"sc-cPiKLX AiZTS text-element\">\u00abChaque ann\u00e9e, plus de 1 500 tonnes d\u2019octocryl\u00e8ne sont utilis\u00e9es\u00bb dans les cr\u00e8mes solaires, maquillages ou encore parfums. Elles contaminent les milieux aquatiques et les sols ce qui entra\u00eene \u00abdes risques inacceptables\u00bb pour \u00abla reproduction et la croissance des esp\u00e8ces aquatiques\u00bb telles que les crevettes, poissons et algues, ainsi que les organismes \u00abterrestres\u00bb, fait valoir l\u2019Anses. <\/p>\n<p class=\"sc-cPiKLX AiZTS text-element\">En plus <a href=\"https:\/\/www.liberation.fr\/environnement\/pollution\/plusieurs-substances-chimiques-contenues-dans-les-cremes-solaires-ont-un-effet-negatif-sur-les-coraux-pointe-lanses-20230918_HSOROWSLVRAEJMMNZZUVFMCDVM\/\" target=\"_blank\" rel=\"noreferrer nofollow noopener\" title=\"https:\/\/www.liberation.fr\/environnement\/pollution\/plusieurs-substances-chimiques-contenues-dans-les-cremes-solaires-ont-un-effet-negatif-sur-les-coraux-pointe-lanses-20230918_HSOROWSLVRAEJMMNZZUVFMCDVM\/\">des effets nocifs sur les esp\u00e8ces aquatiques<\/a> et les sols, la substance toxique qui s\u2019accumule et persiste dans l\u2019environnement dans des quantit\u00e9s tr\u00e8s \u00e9lev\u00e9es, suscite des inqui\u00e9tudes pour la sant\u00e9 humaine. L\u2019Anses alerte sur les \u00e9ventuels effets toxiques pour la thyro\u00efde et la reproduction. De m\u00eame, l\u2019octocryl\u00e8ne pourrait bien constituer <a href=\"https:\/\/www.liberation.fr\/environnement\/lutte-contre-les-perturbateurs-endocriniens-la-france-progresse-mais-peut-mieux-faire-20240711_FJABTETMU5BCDOJDB67UZZQN3I\/\" target=\"_blank\" rel=\"noreferrer nofollow noopener\" title=\"https:\/\/www.liberation.fr\/environnement\/lutte-contre-les-perturbateurs-endocriniens-la-france-progresse-mais-peut-mieux-faire-20240711_FJABTETMU5BCDOJDB67UZZQN3I\/\">un perturbateur endocrinien<\/a> \u2013 mais les industriels n\u2019ont pas fourni \u00e0 temps les donn\u00e9es requises pour \u00e9valuer ce dernier risque, a pr\u00e9cis\u00e9 l\u2019agence, qui scrute la substance depuis 2012. <\/p>\n<p class=\"sc-cPiKLX AiZTS text-element\">C\u2019est dans le cadre <a href=\"https:\/\/www.liberation.fr\/international\/europe\/reglementation-europeenne-des-produits-chimiques-le-recul-de-la-france-se-fait-dans-un-silence-assourdissant-20221021_FLDFQWBAXNDMHK52MY3NGVRZHA\/\" target=\"_blank\" rel=\"nofollow noopener\" title=\"https:\/\/www.liberation.fr\/international\/europe\/reglementation-europeenne-des-produits-chimiques-le-recul-de-la-france-se-fait-dans-un-silence-assourdissant-20221021_FLDFQWBAXNDMHK52MY3NGVRZHA\/\">du r\u00e8glement europ\u00e9en REACH<\/a> \u2013 entr\u00e9 en vigueur en 2007 pour prot\u00e9ger la sant\u00e9 humaine et l\u2019environnement des risques pr\u00e9sent\u00e9s par les substances chimiques \u2013, que l\u2019Anses a \u00e9labor\u00e9, au nom de la France, cette proposition visant \u00e0 \u00abr\u00e9duire drastiquement\u00bb la concentration maximale autoris\u00e9e de l\u2019octocryl\u00e8ne dans les cosm\u00e9tiques, jusqu\u2019ici limit\u00e9e \u00e0 10 %. <\/p>\n<p class=\"sc-cPiKLX AiZTS text-element\">Si \u00abon en retrouve des quantit\u00e9s importantes\u00bb, \u00ables rejets dans l\u2019environnement sont multiples\u00bb et d\u00e9pendent \u00abdes types de produits, des volumes de vente\u00bb, explique \u00e0 l\u2019AFP St\u00e9phane Jomini, chef de projet scientifique \u00e0 l\u2019Anses. <\/p>\n<p class=\"sc-cPiKLX AiZTS text-element\">A l\u2019avenir, les restrictions demand\u00e9es par la France &#8211; l\u2019Etat rapporteur dans ce dossier &#8211; devraient aboutir \u00aben pratique \u00e0 la suppression de la mise sur le march\u00e9\u00bb de cosm\u00e9tique contenant la substance nocive. Avec quels impacts \u00e9conomiques ? L\u2019agence juge \u00abmod\u00e9r\u00e9s\u00bb les surco\u00fbts induits par une fabrication des produits solaires avec une \u00abassociation de substances\u00bb alternatives : 39 millions d\u2019euros par an de 2027 \u00e0 2036, soit 0,04 % des ventes de produits cosm\u00e9tiques en Europe en 2023. Karine Fiore, directrice adjointe \u00e0 la direction des sciences sociales de l\u2019Anses, estime qu\u2019au regard des \u00abmarges actuelles des fabricants sur ces produits, ces co\u00fbts seraient absorb\u00e9s sans trop de difficult\u00e9s\u00bb. <\/p>\n<p class=\"sc-cPiKLX AiZTS text-element\">C\u00f4t\u00e9 consommateur, les \u00e9ventuelles hausses des tarifs sont largement accept\u00e9es. Selon une enqu\u00eate r\u00e9alis\u00e9e aupr\u00e8s de 7 200 personnes dans 6 pays europ\u00e9ens, le prix qu\u2019ils sont pr\u00eats \u00e0 payer \u00abd\u00e9passe largement les co\u00fbts engendr\u00e9s par la restriction\u00bb, attestant de \u00abla volont\u00e9 des Europ\u00e9ens \u00e0 agir pour am\u00e9liorer la qualit\u00e9 des environnements aquatiques\u00bb, r\u00e9sume Karine Fiore. <\/p>\n<p class=\"sc-cPiKLX AiZTS text-element\">Les deux comit\u00e9s de l\u2019Agence europ\u00e9enne des produits chimiques (ECHA) devraient rendre leurs avis en septembre 2026 permettant \u00e0 la Commission europ\u00e9enne de trancher sur l\u2019application de cette restriction dans l\u2019UE, au plus t\u00f4t en 2027. <\/p>\n","protected":false},"excerpt":{"rendered":"Utilis\u00e9 dans environ un tiers des produits cosm\u00e9tiques, ce produit est de longue date dans le viseur des&hellip;\n","protected":false},"author":2,"featured_media":433815,"comment_status":"","ping_status":"","sticky":false,"template":"","format":"standard","meta":{"footnotes":""},"categories":[1586],"tags":[11,5253,1777,674,1779,1011,27,12,12687,25,1778,364],"class_list":{"0":"post-433814","1":"post","2":"type-post","3":"status-publish","4":"format-standard","5":"has-post-thumbnail","7":"category-europe","8":"tag-actualites","9":"tag-biodiversite-cest-la-sante","10":"tag-eu","11":"tag-europe","12":"tag-european-union","13":"tag-fr","14":"tag-france","15":"tag-news","16":"tag-oceans","17":"tag-republique-francaise","18":"tag-ue","19":"tag-union-europeenne"},"share_on_mastodon":{"url":"https:\/\/pubeurope.com\/@fr\/115304949714024128","error":""},"_links":{"self":[{"href":"https:\/\/www.europesays.com\/fr\/wp-json\/wp\/v2\/posts\/433814","targetHints":{"allow":["GET"]}}],"collection":[{"href":"https:\/\/www.europesays.com\/fr\/wp-json\/wp\/v2\/posts"}],"about":[{"href":"https:\/\/www.europesays.com\/fr\/wp-json\/wp\/v2\/types\/post"}],"author":[{"embeddable":true,"href":"https:\/\/www.europesays.com\/fr\/wp-json\/wp\/v2\/users\/2"}],"replies":[{"embeddable":true,"href":"https:\/\/www.europesays.com\/fr\/wp-json\/wp\/v2\/comments?post=433814"}],"version-history":[{"count":0,"href":"https:\/\/www.europesays.com\/fr\/wp-json\/wp\/v2\/posts\/433814\/revisions"}],"wp:featuredmedia":[{"embeddable":true,"href":"https:\/\/www.europesays.com\/fr\/wp-json\/wp\/v2\/media\/433815"}],"wp:attachment":[{"href":"https:\/\/www.europesays.com\/fr\/wp-json\/wp\/v2\/media?parent=433814"}],"wp:term":[{"taxonomy":"category","embeddable":true,"href":"https:\/\/www.europesays.com\/fr\/wp-json\/wp\/v2\/categories?post=433814"},{"taxonomy":"post_tag","embeddable":true,"href":"https:\/\/www.europesays.com\/fr\/wp-json\/wp\/v2\/tags?post=433814"}],"curies":[{"name":"wp","href":"https:\/\/api.w.org\/{rel}","templated":true}]}}