{"id":433816,"date":"2025-10-02T14:04:13","date_gmt":"2025-10-02T14:04:13","guid":{"rendered":"https:\/\/www.europesays.com\/fr\/433816\/"},"modified":"2025-10-02T14:04:13","modified_gmt":"2025-10-02T14:04:13","slug":"prime-macron-reductions-dimpots-charges-sociales-sebastien-lecornu-fait-filtrer-des-pistes-budgetaires-liberation","status":"publish","type":"post","link":"https:\/\/www.europesays.com\/fr\/433816\/","title":{"rendered":"Prime Macron, r\u00e9ductions d\u2019imp\u00f4ts, charges sociales\u2026 S\u00e9bastien Lecornu fait filtrer des pistes budg\u00e9taires \u2013 Lib\u00e9ration"},"content":{"rendered":"<p class=\"sc-cPiKLX AiZTS text-element\">Est-ce une fa\u00e7on d\u2019esp\u00e9rer calmer la grogne <a href=\"https:\/\/www.liberation.fr\/economie\/social\/greve-du-2-octobre-malgre-une-demobilisation-attendue-les-syndicats-toujours-determines-a-faire-plier-lecornu-20251002_J7CAL4DBHNA77KOALYMGBE2YJA\/\" target=\"_blank\" rel=\"nofollow noopener\" title=\"https:\/\/www.liberation.fr\/economie\/social\/greve-du-2-octobre-malgre-une-demobilisation-attendue-les-syndicats-toujours-determines-a-faire-plier-lecornu-20251002_J7CAL4DBHNA77KOALYMGBE2YJA\/\">des cort\u00e8ges syndicaux<\/a> partout dans le pays ce jeudi 2 octobre ? Si le mot d\u2019ordre de la mobilisation \u00abBloquons tout\u00bb du 10 septembre, auquel s\u2019est ajout\u00e9 celui des forces syndicales lors d\u2019une premi\u00e8re journ\u00e9e le 18 septembre et encore ce 2 octobre, peut sembler parfois large et impr\u00e9cis, nul doute qu\u2019il tourne autour de la notion de \u00abjustice fiscale\u00bb. <a href=\"https:\/\/www.liberation.fr\/economie\/gabriel-zucman-enquete-sur-leconomiste-qui-veut-taxer-les-ultrariches-20251001_Z5H7R2GPOFEP3KSC2AREIEQZGI\/\" target=\"_blank\" rel=\"nofollow noopener\" title=\"https:\/\/www.liberation.fr\/economie\/gabriel-zucman-enquete-sur-leconomiste-qui-veut-taxer-les-ultrariches-20251001_Z5H7R2GPOFEP3KSC2AREIEQZGI\/\">L\u2019\u00e9conomiste Gabriel Zucman<\/a> et sa taxe de 2 % sur les grandes fortunes en sont devenus des figures et des symboles importants. <\/p>\n<p class=\"sc-cPiKLX AiZTS text-element\">Alors toujours en pleines n\u00e9gociations pour tenter de former un gouvernement \u2013 apr\u00e8s tout de m\u00eame 23 jours d\u2019atermoiements, un record sous la Ve R\u00e9publique \u2013 S\u00e9bastien Lecornu a choisi ce jour pour enfin transmettre \u00e0 l\u2019AFP quelques orientations budg\u00e9taires sur la fiscalit\u00e9, dont on ne sait \u00e0 cette heure, s\u2019il s\u2019agit seulement de ballons d\u2019essai ou d\u2019arbitrages plus ou moins d\u00e9finitifs.  <\/p>\n<p class=\"sc-cPiKLX AiZTS text-element\">Le Premier ministre r\u00e9fl\u00e9chirait ainsi au r\u00e9tablissement de <a href=\"https:\/\/www.liberation.fr\/politique\/elections\/prime-macron-a-6-000-euros-la-grossiere-promesse-dun-candidat-de-droite-20220404_PHWXM7KMVNAFJNQC344BGEWQXA\/?redirected=1\" target=\"_blank\" rel=\"noreferrer nofollow noopener\" title=\"https:\/\/www.liberation.fr\/politique\/elections\/prime-macron-a-6-000-euros-la-grossiere-promesse-dun-candidat-de-droite-20220404_PHWXM7KMVNAFJNQC344BGEWQXA\/?redirected=1\">la prime Macron<\/a> sur le \u00abpartage de la valeur\u00bb, qui peut \u00eatre exon\u00e9r\u00e9e d\u2019imp\u00f4t et de cotisations sociales. Facultative pour les entreprises, <a href=\"https:\/\/www.liberation.fr\/checknews\/le-montant-de-la-prime-macron-a-t-il-triple-depuis-sa-mise-en-place-comme-le-dit-le-president-20230516_7RTXO4WTD5EYDIFH7L3JY2AVQA\/\" target=\"_blank\" rel=\"noreferrer nofollow noopener\" title=\"https:\/\/www.liberation.fr\/checknews\/le-montant-de-la-prime-macron-a-t-il-triple-depuis-sa-mise-en-place-comme-le-dit-le-president-20230516_7RTXO4WTD5EYDIFH7L3JY2AVQA\/\">cette prime<\/a> avait connu un franc succ\u00e8s en 2023, mais \u00e9tait moins sollicit\u00e9e depuis qu\u2019elle a \u00e9t\u00e9 d\u00e9fiscalis\u00e9e en 2024.  <\/p>\n<p class=\"sc-cPiKLX AiZTS text-element\">L\u2019ex\u00e9cutif met aussi sur la table, de fa\u00e7on g\u00e9n\u00e9rale, des baisses des pr\u00e9l\u00e8vements pour les salari\u00e9s. \u00abLe fait de vivre de son travail et le reste \u00e0 vivre demeurent une des premi\u00e8res pr\u00e9occupations des Fran\u00e7ais\u00bb, est-il fait valoir \u00e0 l\u2019AFP. \u00abRien n\u2019est encore arbitr\u00e9\u00bb, souligne son entourage, mais le locataire de Matignon regarde diff\u00e9rentes mesures comme \u00abune d\u00e9fiscalisation et un all\u00e8gement des charges sociales\u00bb sur les heures suppl\u00e9mentaires.  <\/p>\n<p class=\"sc-cPiKLX AiZTS text-element\">Dans un entretien au Parisien la semaine derni\u00e8re, o\u00f9 il a ferm\u00e9 la porte \u00e0 plusieurs demandes de la gauche et des syndicats sur la taxe Zucman sur les hauts patrimoines, le r\u00e9tablissement de l\u2019Imp\u00f4t sur la fortune (ISF) ou la suspension de la r\u00e9forme des retraites, S\u00e9bastien Lecornu avait n\u00e9anmoins affirm\u00e9 que \u00abcertains imp\u00f4ts augmenteront\u00bb et \u00abd\u2019autres diminueront\u00bb. Il avait dit lundi \u00e0 ses alli\u00e9s du centre et de la droite du \u00absocle commun\u00bb qu\u2019il ferait des \u00abpropositions\u00bb de baisse d\u2019imp\u00f4ts \u00abnotamment en faveur du travail\u00bb. S\u00e9bastien Lecornu r\u00e9fl\u00e9chit par ailleurs \u00e0 une mesure \u00abencourageant\u00bb les transmissions aux petits-enfants et aux jeunes. <\/p>\n<p class=\"sc-cPiKLX AiZTS text-element\">En revanche, les d\u00e9clarations ce jeudi sur de possibles r\u00e9ductions d\u2019imp\u00f4ts ont sem\u00e9 la confusion. Les proches du Premier ministre avaient dans un premier temps d\u00e9clar\u00e9 \u00e0 l\u2019AFP vouloir diminuer l\u2019imp\u00f4t sur le revenu pour les couples pay\u00e9s chacun au smic. Selon Matignon, si un salari\u00e9 au salaire minium ne paie pas d\u2019imp\u00f4t quand il est seul, les couples o\u00f9 chacun est dans ce cas peuvent l\u2019\u00eatre. Ce qu\u2019aurait envisag\u00e9 le Premier ministre, c\u2019est \u00abd\u2019annuler l\u2019imp\u00f4t\u00bb pay\u00e9 par ces couples et de le ramener \u00e0 \u00abcomme s\u2019ils \u00e9taient seuls\u00bb. Si cela peut avoir un sens en th\u00e9orie, l\u2019AFP rappelle que dans les faits, un couple o\u00f9 chacun est pay\u00e9 au smic ne paie pas souvent d\u2019imp\u00f4ts quand il a des enfants ou b\u00e9n\u00e9ficie d\u2019autres d\u00e9ductions.  <\/p>\n<p class=\"sc-cPiKLX AiZTS text-element\">Dans un second temps, l\u2019entourage de Lecornu a donc pr\u00e9cis\u00e9 aupr\u00e8s de l\u2019agence que la mesure viserait plut\u00f4t les couples pay\u00e9s \u00abl\u00e9g\u00e8rement\u00bb au-dessus du Smic. L\u2019objectif est ainsi \u00abd\u2019all\u00e9ger leur montant d\u2019imp\u00f4t\u00bb, voire de \u00abl\u2019annuler pour tous ceux en entr\u00e9e de bar\u00e8me\u00bb afin qu\u2019ils soient \u00abtrait\u00e9s\u00bb fiscalement comme des c\u00e9libataires, argumente Matignon.  <\/p>\n<p class=\"sc-cPiKLX AiZTS text-element\">Les socialistes, qui seront re\u00e7us une nouvelle fois \u00e0 Matignon vendredi matin, r\u00e9clament entre autres une baisse cibl\u00e9e de la contribution sociale g\u00e9n\u00e9ralis\u00e9e (CSG). Le premier secr\u00e9taire du PS Olivier Faure a estim\u00e9 ce jeudi que les propositions pr\u00e9sent\u00e9es par S\u00e9bastien Lecornu pour les salari\u00e9s \u00e0 bas revenu sont \u00abtr\u00e8s en de\u00e7\u00e0\u00bb des attentes des socialistes, tout en assurant vouloir \u00abdonner sa chance\u00bb au Premier ministre avant sa rencontre avec lui. \u00abC\u2019est s\u00fbr qu\u2019il vaut mieux faire quelque chose en direction des salari\u00e9s plut\u00f4t que rien, mais la r\u00e9alit\u00e9, c\u2019est que c\u2019est tr\u00e8s en de\u00e7\u00e0 de ce que nous attendons\u00bb, a d\u00e9clar\u00e9 le patron socialiste avant le d\u00e9part de la manifestation parisienne \u00e0 l\u2019appel de l\u2019intersyndicale. <\/p>\n<p class=\"sc-cPiKLX AiZTS text-element\"><b>Mise \u00e0 jour : <\/b>\u00e0 15 h 46, avec la nouvelle d\u00e9claration de Matignon sur les r\u00e9ductions d\u2019imp\u00f4ts. <\/p>\n","protected":false},"excerpt":{"rendered":"Est-ce une fa\u00e7on d\u2019esp\u00e9rer calmer la grogne des cort\u00e8ges syndicaux partout dans le pays ce jeudi 2 octobre&hellip;\n","protected":false},"author":2,"featured_media":433817,"comment_status":"","ping_status":"","sticky":false,"template":"","format":"standard","meta":{"footnotes":""},"categories":[2],"tags":[11,25548,1011,27,18677,12,25,11067,53468],"class_list":{"0":"post-433816","1":"post","2":"type-post","3":"status-publish","4":"format-standard","5":"has-post-thumbnail","7":"category-actualites","8":"tag-actualites","9":"tag-budget-public","10":"tag-fr","11":"tag-france","12":"tag-greves","13":"tag-news","14":"tag-republique-francaise","15":"tag-sebastien-lecornu","16":"tag-taxation-des-ultra-riches"},"share_on_mastodon":{"url":"https:\/\/pubeurope.com\/@fr\/115304953634340547","error":""},"_links":{"self":[{"href":"https:\/\/www.europesays.com\/fr\/wp-json\/wp\/v2\/posts\/433816","targetHints":{"allow":["GET"]}}],"collection":[{"href":"https:\/\/www.europesays.com\/fr\/wp-json\/wp\/v2\/posts"}],"about":[{"href":"https:\/\/www.europesays.com\/fr\/wp-json\/wp\/v2\/types\/post"}],"author":[{"embeddable":true,"href":"https:\/\/www.europesays.com\/fr\/wp-json\/wp\/v2\/users\/2"}],"replies":[{"embeddable":true,"href":"https:\/\/www.europesays.com\/fr\/wp-json\/wp\/v2\/comments?post=433816"}],"version-history":[{"count":0,"href":"https:\/\/www.europesays.com\/fr\/wp-json\/wp\/v2\/posts\/433816\/revisions"}],"wp:featuredmedia":[{"embeddable":true,"href":"https:\/\/www.europesays.com\/fr\/wp-json\/wp\/v2\/media\/433817"}],"wp:attachment":[{"href":"https:\/\/www.europesays.com\/fr\/wp-json\/wp\/v2\/media?parent=433816"}],"wp:term":[{"taxonomy":"category","embeddable":true,"href":"https:\/\/www.europesays.com\/fr\/wp-json\/wp\/v2\/categories?post=433816"},{"taxonomy":"post_tag","embeddable":true,"href":"https:\/\/www.europesays.com\/fr\/wp-json\/wp\/v2\/tags?post=433816"}],"curies":[{"name":"wp","href":"https:\/\/api.w.org\/{rel}","templated":true}]}}