{"id":433830,"date":"2025-10-02T14:13:12","date_gmt":"2025-10-02T14:13:12","guid":{"rendered":"https:\/\/www.europesays.com\/fr\/433830\/"},"modified":"2025-10-02T14:13:12","modified_gmt":"2025-10-02T14:13:12","slug":"pourquoi-2025-sans-gt3-mais-lespoir-pour-2026-%f0%9f%a4%94%f0%9f%94%a5","status":"publish","type":"post","link":"https:\/\/www.europesays.com\/fr\/433830\/","title":{"rendered":"Pourquoi 2025 Sans GT3, Mais L\u2019Espoir pour 2026 \ud83e\udd14\ud83d\udd25"},"content":{"rendered":"<p><img decoding=\"async\" src=\"https:\/\/www.europesays.com\/fr\/wp-content\/uploads\/2025\/10\/68de85751f7ea3d543f30ff4_NLS725_091311332506951PK_PK.jpeg\" alt=\"Pourquoi Verstappen ne participera pas \u00e0 une nouvelle course du Nordschleife en 2025\"\/>\ud83c\udfc1 Max Verstappen et la tentation du Nordschleife : Un choix audacieux<\/p>\n<p>Le quadruple champion du monde de Formule 1, Max Verstappen, fait r\u00e9guli\u00e8rement vibrer la plan\u00e8te sport automobile par ses d\u00e9cisions audacieuses et ses ambitions d\u00e9mesur\u00e9es. En 2024, alors que la communaut\u00e9 des fans de F1 c\u00e9l\u00e9brait ses r\u00e9centes victoires, Verstappen a surpris en d\u00e9cidant de disputer ses premi\u00e8res courses de GT3 sur la mythique boucle nord du N\u00fcrburgring, le fameux Nordschleife, apr\u00e8s avoir d\u00e9croch\u00e9 la pr\u00e9cieuse licence indispensable pour s\u2019y frotter. Il a remport\u00e9 sa premi\u00e8re course au volant d\u2019une <a href=\"https:\/\/www.ferrari.com\/fr-FR\/auto\/488-gtb\" target=\"_blank\" rel=\"noopener\">Ferrari 488 GTB<\/a>, confirmant qu\u2019il n\u2019est pas seulement un prodige du bitume en monoplace, mais aussi un pilote polyvalent, passionn\u00e9 par le challenge et l\u2019histoire des circuits l\u00e9gendaires.<\/p>\n<p>Pourtant, \u00e0 la surprise g\u00e9n\u00e9rale, Verstappen a annonc\u00e9 qu&rsquo;il ne serait pas au d\u00e9part de la course finale du championnat d\u2019endurance NLS 2025. Cette d\u00e9cision a rapidement fait le tour du paddock, alimentant les rumeurs et les analyses sur les raisons de cet \u00e9loignement soudain.<\/p>\n<p>\u00ab Je ne participerai pas \u00e0 cette \u00e9preuve, je prends un peu de repos \u00bb, a-t-il confi\u00e9, expliquant que son engagement continu en Formule 1 et l&rsquo;intensit\u00e9 des six derniers week-ends de comp\u00e9tition ont justifi\u00e9 ce besoin de lever le pied.<\/p>\n<p>\ud83d\udea6 Un agenda F1 surcharg\u00e9 et des ambitions r\u00e9fl\u00e9chies pour le futur<\/p>\n<p>Entre le Grand Prix de Singapour et celui d\u2019Austin, la saison bat son plein et les encha\u00eenements de courses laissent peu de place \u00e0 la r\u00e9cup\u00e9ration. Pour Verstappen, 2025 se profile comme une ann\u00e9e charni\u00e8re avec l\u2019entr\u00e9e en vigueur d\u2019un nouveau r\u00e8glement technique en Formule 1, augurant des \u00e9volutions majeures et des d\u00e9fis in\u00e9dits pour toutes les \u00e9curies. \u00ab Honn\u00eatement, il y a beaucoup de facteurs \u00e0 prendre en compte. Cela d\u00e9pend d&rsquo;abord de la <a href=\"https:\/\/www.formula1.com\/\" target=\"_blank\" rel=\"noopener\">Formule 1<\/a> \u00bb, pr\u00e9cise Max Verstappen. <\/p>\n<p>Le quadruple champion du monde est bien conscient qu\u2019un cycle de nouvelles r\u00e8gles peut entra\u00eener des impr\u00e9vus et un surplus de travail, tant pour <a href=\"https:\/\/www.redbullracing.com\/fr-FR\" target=\"_blank\" rel=\"noopener\">Red Bull Racing<\/a> qu&rsquo;au niveau des \u00e9quipes de d\u00e9veloppement technique. Un tel contexte laisse peu de place \u00e0 l\u2019improvisation, m\u00eame pour un pilote aussi exp\u00e9riment\u00e9 et entour\u00e9 que lui. L\u2019organisation du programme GT3, le choix de la voiture pour la saison suivante, et les disponibilit\u00e9s du team jouent \u00e9galement un r\u00f4le d\u00e9terminant sur la faisabilit\u00e9 d\u2019un nouvel engagement au Nordschleife.<\/p>\n<p>Max Verstappen ne ferme cependant pas la porte \u00e0 un retour en 2026. Cette \u00e9dition de la l\u00e9gendaire course de 24 Heures du N\u00fcrburgring pourrait s\u2019int\u00e9grer dans le calendrier F1, co\u00efncidant id\u00e9alement avec l\u2019intervalle qui s\u00e9pare les Grands Prix de Miami et du Canada. Mais, avertit-il, \u00ab beaucoup de choses doivent \u00eatre align\u00e9es avant que je puisse vraiment planifier tout cela et garantir une participation ferme \u00bb.<\/p>\n<p>\ud83c\udfc6 Entre passion, performance et apprentissage continu<\/p>\n<p>Pour Max Verstappen, courir sur le Nordschleife, c\u2019est plus qu\u2019un d\u00e9fi technique \u2013 c&rsquo;est une qu\u00eate, un retour aux sources du pilotage pur sur un circuit qui a forg\u00e9 la l\u00e9gende des sports m\u00e9caniques. Mais qu&rsquo;apporte l\u2019exp\u00e9rience du GT3 \u00e0 un champion d\u00e9j\u00e0 au sommet de la F1 ? Interrog\u00e9 sur le sujet, Verstappen confie : \u00ab Cela ne me rend pas fondamentalement diff\u00e9rent, car j&rsquo;ai d\u00e9j\u00e0 fait cela pendant des ann\u00e9es sur simulateur. Passer de la simulation au r\u00e9el, \u00e7a n\u2019est pas si \u00e9loign\u00e9&#8230; Mais cela apporte tout de m\u00eame une richesse d\u2019exp\u00e9rience, et cela ne fait jamais de mal ! \u00bb.<\/p>\n<p>Les b\u00e9n\u00e9fices de cette exp\u00e9rience sont multiples : gestion de la pression, adaptation \u00e0 des autos aux caract\u00e9ristiques de pilotage tr\u00e8s diff\u00e9rentes, lecture d\u2019un trac\u00e9 extr\u00eame et variable comme celui du Nordschleife&#8230; Autant d\u2019\u00e9l\u00e9ments susceptibles de nourrir son approche de la F1, o\u00f9 chaque d\u00e9tail compte dans la qu\u00eate du centi\u00e8me de seconde d\u00e9cisif.<\/p>\n<p><img decoding=\"async\" src=\"https:\/\/www.europesays.com\/fr\/wp-content\/uploads\/2025\/10\/68de85761f7ea3d543f3106c_NLS325_050909372600281TS_TS.jpeg\" alt=\"Pourquoi Verstappen ne participera pas \u00e0 une nouvelle course du Nordschleife en 2025\"\/>\ud83d\udc40 Jaloux mais admiratifs : la r\u00e9action des rivaux de Verstappen<\/p>\n<p>L\u2019exploit de Verstappen n\u2019est pas pass\u00e9 inaper\u00e7u aupr\u00e8s de ses rivaux du paddock. Nombre d\u2019entre eux ont exprim\u00e9 admiration et, avouons-le, une dose certaine de jalousie face \u00e0 cette libert\u00e9. George Russell, pilote Mercedes, a r\u00e9sum\u00e9 le sentiment g\u00e9n\u00e9ral : \u00ab Je crois que nous sommes tous plut\u00f4t jaloux ! Pouvoir faire ce que l\u2019on aime en Formule 1, puis explorer d&rsquo;autres d\u00e9fis sur des disciplines diff\u00e9rentes comme le GT3, c\u2019est un luxe rare. \u00bb Il a toutefois pr\u00e9cis\u00e9 que peu de pilotes peuvent s\u2019offrir ce genre d\u2019opportunit\u00e9s, \u00e0 moins d\u2019avoir d\u00e9j\u00e0 quatre titres mondiaux accroch\u00e9s \u00e0 son palmar\u00e8s.<\/p>\n<p>Russell a \u00e9galement \u00e9voqu\u00e9 le d\u00e9licat \u00e9quilibre entre passion et risque. \u00c0 ses yeux, prendre des risques fait partie de la vie d&rsquo;un pilote : \u00ab Il existe des dangers partout. Glisser sur un terrain de padel, tomber dans les escaliers\u2026 Il faut profiter et vivre. Certes, le rallye reste plus dangereux que le GT3, mais chacun doit suivre sa voie et vivre pleinement, m\u00eame en connaissant les dangers. \u00bb<\/p>\n<p>Esteban Ocon, pilote Haas F1, partage cette vision d\u2019admiration teint\u00e9e d\u2019envie : \u00ab Si j\u2019\u00e9tais \u00e0 sa place, je ferais probablement la m\u00eame chose, c\u2019est certain. \u00bb Un t\u00e9moignage qui montre \u00e0 quel point la position de Verstappen, fruit de ses succ\u00e8s et de sa d\u00e9termination, suscite fantasmes et respect dans le monde tr\u00e8s ferm\u00e9 de la Formule 1.<\/p>\n<p>\ud83c\udf0c Le Nordschleife, symbole de la qu\u00eate de l\u2019excellence<\/p>\n<p>Le d\u00e9sir de Verstappen de repartir \u00e0 l\u2019assaut du Nordschleife en 2026 illustre une mentalit\u00e9 ch\u00e8re aux plus grands champions : ne jamais se poser de limites et toujours rechercher l\u2019in\u00e9dit. La Nordschleife, surnomm\u00e9e \u00ab l\u2019Enfer Vert \u00bb, demeure un laboratoire unique pour b\u00e2tir sa l\u00e9gende, un espace o\u00f9 la technique, la bravoure et la passion se d\u00e9voilent dans leur plus pure expression. Aucune simulation ne peut totalement restituer la magie, les pi\u00e8ges et le frisson unique que procure un tour sur 21 kilom\u00e8tres de virages, de changements de relief et de paysages \u00e0 couper le souffle.<\/p>\n<p>Ce circuit mythique attire les plus grands, non seulement pour le d\u00e9fi sportif, mais aussi pour l\u2019h\u00e9ritage qu\u2019il transmet. Les pilotes qui s\u2019y illustrent s\u2019inscrivent dans la lign\u00e9e des aventuriers du volant, ceux qui repoussent la peur, s\u2019adaptent aux conditions les plus extr\u00eames, tout cela en qu\u00eate d\u2019une gloire o\u00f9 la satisfaction personnelle a autant de prix que la victoire officielle.<\/p>\n<p>Verstappen, en repoussant \u00e0 2026 sa participation, montre que la patience et la strat\u00e9gie font aussi partie de l\u2019ADN des plus grands. Son approche, \u00e0 la fois prudente et ambitieuse, prouve que m\u00eame au sommet, la passion continue de dicter les choix et d\u2019\u00e9crire l\u2019histoire.<\/p>\n<p>\ud83d\udd2e En route vers 2026 : entre r\u00eaves, r\u00e9alit\u00e9s et inspirations pour tous<\/p>\n<p>Alors, que nous r\u00e9serve le futur ? Les fans de F1, les passionn\u00e9s du N\u00fcrburgring et les curieux du sport automobile guettent la moindre d\u00e9claration de Max Verstappen. Participera-t-il aux 24 Heures du N\u00fcrburgring en 2026 ? Son emploi du temps F1, la strat\u00e9gie de Red Bull, la structuration de l\u2019\u00e9quipe GT3 et la dynamique du nouveau r\u00e8glement seront autant de facteurs d\u00e9cisifs.<\/p>\n<p>Mais au-del\u00e0 des consid\u00e9rations logistiques, humaines et sportives, cette histoire nous inspire tous. Elle rappelle que m\u00eame au sommet, il faut parfois savoir faire une pause, \u00e9couter son instinct et pr\u00e9parer le terrain pour accomplir des exploits encore plus grands. Avancer, prendre soin de soi, puis revenir plus fort : voil\u00e0 une le\u00e7on de vie que chaque passionn\u00e9, pilote amateur ou professionnel, peut retenir de la d\u00e9marche de Verstappen.<\/p>\n<p>En d\u00e9finitive, refuser le confort de la routine, se cr\u00e9er de nouveaux d\u00e9fis et chercher constamment \u00e0 repousser ses limites, c\u2019est cela l\u2019esprit du vrai champion.<\/p>\n<p><b>Et pour chaque passionn\u00e9 qui r\u00eave de gravir un jour les sommets, souvenons-nous des mots de Max : \u00ab Si l\u2019opportunit\u00e9 se pr\u00e9sente et que je me sens pr\u00eat, alors je foncerai. \u00bb Osez sortir des sentiers battus, ne cessez jamais d\u2019apprendre et vous d\u00e9couvrirez, vous aussi, votre propre Nordschleife \u00e0 conqu\u00e9rir !<\/b><\/p>\n<p>Tout comme Verstappen rel\u00e8ve les d\u00e9fis sur circuit, r\u00eaver d&rsquo;une Ferrari 488 GTB peut devenir r\u00e9alit\u00e9 gr\u00e2ce au <a href=\"https:\/\/www.joinsteer.com\" target=\"_blank\" rel=\"noopener\">leasing automobile chez Joinsteer<\/a>. Conciliez passion et libert\u00e9 sans compromis sur l\u2019excellence.<\/p>\n","protected":false},"excerpt":{"rendered":"\ud83c\udfc1 Max Verstappen et la tentation du Nordschleife : Un choix audacieux Le quadruple champion du monde de&hellip;\n","protected":false},"author":2,"featured_media":433831,"comment_status":"","ping_status":"","sticky":false,"template":"","format":"standard","meta":{"footnotes":""},"categories":[1412],"tags":[1451,1452,1453,1454,1455,1011,27,60],"class_list":{"0":"post-433830","1":"post","2":"type-post","3":"status-publish","4":"format-standard","5":"has-post-thumbnail","7":"category-f1","8":"tag-f1","9":"tag-formula-1","10":"tag-formula1","11":"tag-formule-1","12":"tag-formule1","13":"tag-fr","14":"tag-france","15":"tag-sports"},"share_on_mastodon":{"url":"https:\/\/pubeurope.com\/@fr\/115304989638561269","error":""},"_links":{"self":[{"href":"https:\/\/www.europesays.com\/fr\/wp-json\/wp\/v2\/posts\/433830","targetHints":{"allow":["GET"]}}],"collection":[{"href":"https:\/\/www.europesays.com\/fr\/wp-json\/wp\/v2\/posts"}],"about":[{"href":"https:\/\/www.europesays.com\/fr\/wp-json\/wp\/v2\/types\/post"}],"author":[{"embeddable":true,"href":"https:\/\/www.europesays.com\/fr\/wp-json\/wp\/v2\/users\/2"}],"replies":[{"embeddable":true,"href":"https:\/\/www.europesays.com\/fr\/wp-json\/wp\/v2\/comments?post=433830"}],"version-history":[{"count":0,"href":"https:\/\/www.europesays.com\/fr\/wp-json\/wp\/v2\/posts\/433830\/revisions"}],"wp:featuredmedia":[{"embeddable":true,"href":"https:\/\/www.europesays.com\/fr\/wp-json\/wp\/v2\/media\/433831"}],"wp:attachment":[{"href":"https:\/\/www.europesays.com\/fr\/wp-json\/wp\/v2\/media?parent=433830"}],"wp:term":[{"taxonomy":"category","embeddable":true,"href":"https:\/\/www.europesays.com\/fr\/wp-json\/wp\/v2\/categories?post=433830"},{"taxonomy":"post_tag","embeddable":true,"href":"https:\/\/www.europesays.com\/fr\/wp-json\/wp\/v2\/tags?post=433830"}],"curies":[{"name":"wp","href":"https:\/\/api.w.org\/{rel}","templated":true}]}}