{"id":433834,"date":"2025-10-02T14:15:20","date_gmt":"2025-10-02T14:15:20","guid":{"rendered":"https:\/\/www.europesays.com\/fr\/433834\/"},"modified":"2025-10-02T14:15:20","modified_gmt":"2025-10-02T14:15:20","slug":"apres-ceux-de-lol-les-supporters-de-botafogo-chargent-textor","status":"publish","type":"post","link":"https:\/\/www.europesays.com\/fr\/433834\/","title":{"rendered":"Apr\u00e8s ceux de l\u2019OL, les supporters de Botafogo chargent Textor"},"content":{"rendered":"<p>                            <img width=\"770\" height=\"433\" src=\"https:\/\/www.europesays.com\/fr\/wp-content\/uploads\/2025\/04\/AFP__20240711__AGIF635382__v1__HighRes__Brazilian2024VitoriaXBotafogo-770x433.jpg\" class=\"attachment-article size-article wp-post-image\" alt=\"John Textor, propri\u00e9taire de l'OL et patron d'Eagle Football\" decoding=\"async\" fetchpriority=\"high\"  \/><\/p>\n<p>John Textor, propri\u00e9taire de l\u2019OL et patron d\u2019Eagle Football (Photo by Jhony Pinho \/ AGIF \/ AGIF via AFP)<\/p>\n<p>Loin de l\u2019OL, John Textor ne fait plus forc\u00e9ment l\u2019unanimit\u00e9 au Br\u00e9sil. Face aux r\u00e9sultats en dedans de Botafogo, les supporters cariocas commencent \u00e0 se faire entendre.<\/p>\n<p>Le 28 juin dernier, les diff\u00e9rents groupes de supporters de l\u2019OL avaient appel\u00e9 \u00e0 un rassemblement devant le Grand Stade. La volont\u00e9 \u00e9tait de demander le d\u00e9part de John <strong>Textor<\/strong> et d\u2019en finir avec la multipropri\u00e9t\u00e9. Il n\u2019avait fallu que quelques heures pour que les supporters soient entendus, m\u00eame si la d\u00e9cision avait d\u00e9j\u00e0 \u00e9t\u00e9 prise avant cette manifestation. Face \u00e0 la menace de la rel\u00e9gation en Ligue 2, l\u2019Am\u00e9ricain avait gentiment gliss\u00e9 sur le c\u00f4t\u00e9 pour laisser la place \u00e0 Michele <strong>Kang<\/strong> comme pr\u00e9sident de l\u2019OL et d\u2019Eagle Football Group. Toutefois, <strong>Textor<\/strong> avait assur\u00e9 avoir laiss\u00e9 sa place pour le bien du club, mais aussi pour se concentrer \u00e0 100% sur <strong>Botafogo<\/strong>. Les mauvaises langues diront que c\u2019\u00e9tait d\u00e9j\u00e0 le cas avant, mais d\u00e9sormais, plus personne n\u2019entend parler de Textor \u00e0 l\u2019OL.<\/p>\n<p>\u00ab\u00a0Clown\u00a0\u00bb et \u00ab\u00a0escroc\u00a0\u00bb inscrits sur les banderoles<\/p>\n<p>Seulement, les choses ne vont pas forc\u00e9ment en s\u2019arrangeant \u00e0 <strong>Botafogo<\/strong>. S\u2019il souhaite avoir le pouvoir et surtout placer le club dans une autre galaxie, l\u2019homme d\u2019affaires am\u00e9ricain se retrouve avant tout dans une <a href=\"https:\/\/www.olympique-et-lyonnais.com\/la-bataille-continue-entre-eagle-football-holdings-et-textor,374308.html\" target=\"_blank\" rel=\"noopener\">bataille<\/a> avec Ares, mais aussi Iconic Sports. Sur le terrain, ce n\u2019est pas forc\u00e9ment mieux avec une formation cinqui\u00e8me du championnat et surtout d\u00e9j\u00e0 \u00e9limin\u00e9e de la Copa Libertadores. Un comble pour un tenant du titre. Alors forc\u00e9ment, cela commence \u00e0 faire grincer des dents \u00e0 Rio de Janeiro avec quelques voix qui se font entendre.<\/p>\n<p>Pr\u00e8s du stade olympique Nilton Santos, plusieurs fans se sont rassembl\u00e9s dans la nuit du mardi au mercredi 1er\u00a0octobre pour exprimer leur m\u00e9contentement vis-\u00e0-vis des d\u00e9cisions prises par John <strong>Textor<\/strong>. Ils ont d\u00e9ploy\u00e9 des banderoles traitant l\u2019Am\u00e9ricain\u00a0\u00ab\u00a0d\u2019escroc\u00a0\u00bb\u00a0mais aussi de\u00a0\u00ab\u00a0clown\u00a0\u00bb. La lune de miel semble aussi termin\u00e9e \u00e0 Botafogo, m\u00eame si le conseil d&rsquo;administration a confirm\u00e9 que la planification pour 2026 avait d\u00e9j\u00e0 commenc\u00e9 sous sa direction.<\/p>\n<p>\t\t\t\t\t<a href=\"https:\/\/www.olympique-et-lyonnais.com\/niakhate-ol-retenu-avec-le-senegal-cet-octobre,381641.html\" title=\"Niakhat\u00e9 (OL) retenu avec le S\u00e9n\u00e9gal cet octobre\" target=\"_blank\" rel=\"noopener\"><img loading=\"lazy\" width=\"580\" height=\"326\" src=\"https:\/\/www.europesays.com\/fr\/wp-content\/uploads\/2025\/09\/AFP__20230912__33V446D__v3__HighRes__FblSenAlg-e1721563511496-580x326.jpg\" class=\"attachment-actularge size-actularge wp-post-image\" alt=\"Moussa Niakhat\u00e9 avec le S\u00e9n\u00e9gal\" decoding=\"async\"  \/>\t\t\t\t\t<\/a><\/p>\n","protected":false},"excerpt":{"rendered":"John Textor, propri\u00e9taire de l\u2019OL et patron d\u2019Eagle Football (Photo by Jhony Pinho \/ AGIF \/ AGIF via&hellip;\n","protected":false},"author":2,"featured_media":1285,"comment_status":"","ping_status":"","sticky":false,"template":"","format":"standard","meta":{"footnotes":""},"categories":[1410],"tags":[63,1011,27,241,978,60],"class_list":{"0":"post-433834","1":"post","2":"type-post","3":"status-publish","4":"format-standard","5":"has-post-thumbnail","7":"category-football","8":"tag-football","9":"tag-fr","10":"tag-france","11":"tag-ol","12":"tag-olympique-lyonnais","13":"tag-sports"},"share_on_mastodon":{"url":"https:\/\/pubeurope.com\/@fr\/115304996977484323","error":""},"_links":{"self":[{"href":"https:\/\/www.europesays.com\/fr\/wp-json\/wp\/v2\/posts\/433834","targetHints":{"allow":["GET"]}}],"collection":[{"href":"https:\/\/www.europesays.com\/fr\/wp-json\/wp\/v2\/posts"}],"about":[{"href":"https:\/\/www.europesays.com\/fr\/wp-json\/wp\/v2\/types\/post"}],"author":[{"embeddable":true,"href":"https:\/\/www.europesays.com\/fr\/wp-json\/wp\/v2\/users\/2"}],"replies":[{"embeddable":true,"href":"https:\/\/www.europesays.com\/fr\/wp-json\/wp\/v2\/comments?post=433834"}],"version-history":[{"count":0,"href":"https:\/\/www.europesays.com\/fr\/wp-json\/wp\/v2\/posts\/433834\/revisions"}],"wp:featuredmedia":[{"embeddable":true,"href":"https:\/\/www.europesays.com\/fr\/wp-json\/wp\/v2\/media\/1285"}],"wp:attachment":[{"href":"https:\/\/www.europesays.com\/fr\/wp-json\/wp\/v2\/media?parent=433834"}],"wp:term":[{"taxonomy":"category","embeddable":true,"href":"https:\/\/www.europesays.com\/fr\/wp-json\/wp\/v2\/categories?post=433834"},{"taxonomy":"post_tag","embeddable":true,"href":"https:\/\/www.europesays.com\/fr\/wp-json\/wp\/v2\/tags?post=433834"}],"curies":[{"name":"wp","href":"https:\/\/api.w.org\/{rel}","templated":true}]}}