{"id":433837,"date":"2025-10-02T14:17:12","date_gmt":"2025-10-02T14:17:12","guid":{"rendered":"https:\/\/www.europesays.com\/fr\/433837\/"},"modified":"2025-10-02T14:17:12","modified_gmt":"2025-10-02T14:17:12","slug":"nicolas-reynard-hommage-a-un-photographe-aventurier-au-coeur-des-tribus-damazonie","status":"publish","type":"post","link":"https:\/\/www.europesays.com\/fr\/433837\/","title":{"rendered":"Nicolas Reynard, hommage \u00e0 un photographe-aventurier au c\u0153ur des tribus d\u2019Amazonie"},"content":{"rendered":"<p>Dans le cadre du festival Photoclimat \u00e0 Paris, Les Maisons du Voyage rendent hommage \u00e0 ce reporter qui avait entrepris de dresser un inventaire des tribus indig\u00e8nes en sursis. Jusqu\u2019\u00e0 sa disparition tragique en 2004.<\/p>\n<p class=\"fig-paragraph\">Bien avant que les termes de \u00ab\u00a0globalisation\u00a0\u00bb et de \u00ab\u00a0mondialisation\u00a0\u00bb fassent leur entr\u00e9e dans notre vocabulaire courant,\u00a0<a href=\"http:\/\/www.lefigaro.fr\/livres\/claude-comptait-sur-moi-monique-levi-strauss-memoire-vive-du-siecle-des-intellectuels-20250627\" data-fig-type=\"Article\" data-gtm-custom-categorie=\"navigation\" data-gtm-custom-action=\"crossclick\" data-gtm-custom-label=\"Contextuel\" data-gtm-event=\"customEventSPE\" data-fig-domain=\"LEFIGARO\" target=\"_blank\" rel=\"noopener\">Claude L\u00e9vi-Strauss\u00a0<\/a>les appelait \u00ab\u00a0les fleurs de la diff\u00e9rence\u00a0\u00bb. Peuplades \u00e9tranges, tribus perdues, ethnies rebelles\u00a0: tous ceux qui, herm\u00e9tiques \u00e0 la modernit\u00e9, ne trouvent plus leur place sur une Terre devenue trop exigu\u00eb et soumise \u00e0 une seule loi. C\u2019est le travail de l\u2019ethnologue d\u2019aller \u00e0 leur rencontre, de raconter et de t\u00e9moigner. De fouiller dans les entrailles des civilisations exotiques, traditionnelles, \u00e0 l\u2019\u00e9cart du monde en marche. C\u2019est aussi celui du reporter-photographe qui cherche \u00e0 figer sur pellicule les instants d\u2019une \u00e9poque.<\/p>\n<p class=\"fig-paragraph\">Nicolas Reynard a consacr\u00e9 sa vie \u00e0 ces r\u00e9prouv\u00e9s de l\u2019Histoire\u00a0: Gabras du\u00a0<a href=\"http:\/\/www.lefigaro.fr\/voyages\/selection\/dossier\/voyage-au-kenya-nos-circuits-hotels-et-sejours-sur-mesure\" data-fig-type=\"Topic\" rel=\"sponsored noopener\" data-gtm-custom-categorie=\"navigation\" data-gtm-custom-action=\"crossclick\" data-gtm-custom-label=\"Contextuel\" data-gtm-event=\"customEventSPE\" data-fig-domain=\"LEFIGARO\" target=\"_blank\">Kenya<\/a>, Mokens de\u00a0<a href=\"http:\/\/www.lefigaro.fr\/voyages\/selection\/dossier\/voyage-en-thailande-nos-circuits-hotels-et-sejours-sur-mesure\" data-fig-type=\"Topic\" rel=\"sponsored noopener\" data-gtm-custom-categorie=\"navigation\" data-gtm-custom-action=\"crossclick\" data-gtm-custom-label=\"Contextuel\" data-gtm-event=\"customEventSPE\" data-fig-domain=\"LEFIGARO\" target=\"_blank\">Tha\u00eflande<\/a>, Chipayas de\u00a0<a href=\"http:\/\/www.lefigaro.fr\/voyages\/dossier\/bolivie\" data-fig-type=\"Topic\" data-gtm-custom-categorie=\"navigation\" data-gtm-custom-action=\"crossclick\" data-gtm-custom-label=\"Contextuel\" data-gtm-event=\"customEventSPE\" data-fig-domain=\"LEFIGARO\" target=\"_blank\" rel=\"noopener\">Bolivie<\/a>, mais surtout tous ces nids ethniques d\u2019une\u00a0<a href=\"http:\/\/www.lefigaro.fr\/sciences\/amazonie-la-surface-brulee-en-2024-deux-fois-superieure-a-la-moyenne-historique-20250624\" data-fig-type=\"NewsFlash\" data-gtm-custom-categorie=\"navigation\" data-gtm-custom-action=\"crossclick\" data-gtm-custom-label=\"Contextuel\" data-gtm-event=\"customEventSPE\" data-fig-domain=\"LEFIGARO\" target=\"_blank\" rel=\"noopener\">Amazonie\u00a0<\/a>qu\u2019il affectionnait par-dessus tout. Entre un Tintin philosophe et un Indiana Jones pr\u00e9cautionneux, ce chasseur d\u2019images s\u2019est int\u00e9ress\u00e9 \u00e0 ceux que nos temps modernes d\u00e9rangent et pi\u00e9tinent. Dans les for\u00eats moites et obscures de la jungle br\u00e9silienne, il a rencontr\u00e9 et immortalis\u00e9 les Matis, r\u00e9duits \u00e0 quelques centaines d\u2019individus, qui perp\u00e9tuent le mode de vie des chasseurs-cueilleurs\u2009; mais aussi des groupes indig\u00e8nes oubli\u00e9s le long des circonvolutions d\u2019un fleuve mythique qui n\u2019en finit jamais.<\/p>\n<blockquote class=\"fig-quote&#10;    \">\n<p class=\"fig-quote__text\">Un \u00e9cho \u00e0 la col\u00e8re de ceux qui luttent pour prot\u00e9ger les derni\u00e8res ethnies libres<\/p>\n<p>            Nicolas Reynard\n    <\/p><\/blockquote>\n<p>    Nicolas Reynard a consacr\u00e9 sa vie aux tribus indig\u00e8nes<br \/>\n                Nicolas Reynard<\/p>\n<p>                                    <a class=\"fig-a11y-skip a11y-hidden\" href=\"#fig-a11y-skip-main-inarticle\"><br \/>\n        Passer la publicit\u00e9<br \/>\n    <\/a><\/p>\n<p class=\"fig-paragraph\">\u00ab\u00a0Je m\u2019applique \u00e0 r\u00e9aliser une v\u00e9ritable iconographie qui, je l\u2019esp\u00e8re, puisse faire \u00e9cho \u00e0 la col\u00e8re de ceux qui luttent pour prot\u00e9ger les derni\u00e8res ethnies libres.\u00a0\u00bb Nicolas Reynard aimait l\u2019Amazonie. Passionn\u00e9ment. Il avait cette id\u00e9e que, par son travail de photographe, il aiderait \u00e0 mieux la faire conna\u00eetre, et donc \u00e0 la prot\u00e9ger. Avec le minist\u00e8re des Affaires indiennes br\u00e9silien, il participait \u00e0 des exp\u00e9ditions charg\u00e9es d\u2019approcher des tribus inconnues, dans le but de d\u00e9limiter leur territoire et de pr\u00e9server leur avenir.<\/p>\n<p class=\"fig-paragraph\">Pendant des ann\u00e9es, parall\u00e8lement \u00e0 son travail destin\u00e9 aux magazines les plus prestigieux de la presse internationale, dont le National Geographic, Le Figaro Magazine ou Paris Match, il partait au plus profond de la for\u00eat, puis en revenait avec des histoires extraordinaires, intemporelles, rassemblant au fil des ann\u00e9es un t\u00e9moignage exceptionnel sur ces individus en sursis.<\/p>\n<p class=\"fig-body-link\">\n            \u00c0 lire aussi<br \/>\n        <a class=\"fig-body-link__link fig-premium-mark\" href=\"http:\/\/www.lefigaro.fr\/sciences\/les-effets-surprenants-de-la-deforestation-sur-les-saisons-en-amazonie-20250306\" data-fig-type=\"Article\" data-gtm-custom-categorie=\"navigation\" data-gtm-custom-action=\"crossclick\" data-gtm-custom-label=\"Contextuel\" data-gtm-event=\"customEventSPE\" data-fig-domain=\"LEFIGARO\" target=\"_blank\" rel=\"noopener\">Les effets surprenants de la d\u00e9forestation sur les saisons en Amazonie<br \/>\n    <\/a>\n<\/p>\n<p>    Le photographe-aventurier participait \u00e0 des exp\u00e9ditions charg\u00e9es d\u2019approcher des tribus inconnues<br \/>\n                Nicolas Reynard<\/p>\n<p>Passion fatale<\/p>\n<p class=\"fig-paragraph\">Nicolas n\u2019a jamais pu mener \u00e0 terme son ambitieuse profession de foi. Il est mort en reportage, le 11\u00a0novembre 2004, pr\u00e8s de Manaus, avec le journaliste Jo\u00ebl Donnet\u00a0: le petit hydravion dans lequel ils survolaient la jungle amazonienne s\u2019est ab\u00eem\u00e9 dans le r\u00edo Negro. Il reste ces photographies oubli\u00e9es, \u00e9mouvantes, d\u2019une actualit\u00e9 toujours plus vibrante, qui expriment \u00e0 la fois cette exigence ethnologique et une r\u00e9flexion artistique originale.<\/p>\n<p class=\"fig-paragraph\">Pour celles en noir et blanc, sa botte secr\u00e8te est le\u00a0<a href=\"http:\/\/leparticulier.lefigaro.fr\/jcms\/c_115482\/consommation\/fujifilm-ou-polaroid-le-match-des-appareils-photo-instantanes-20240724\" data-fig-type=\"Article\" data-gtm-custom-categorie=\"navigation\" data-gtm-custom-action=\"crossclick\" data-gtm-custom-label=\"Contextuel\" data-gtm-event=\"customEventSPE\" data-fig-domain=\"LEPARTICULIER\" target=\"_blank\" rel=\"noopener\">Polaroid<\/a>. \u00ab\u00a0Je remets chaque fois \u00e0 la ou les personnes photographi\u00e9es le positif, gardant le n\u00e9gatif que j\u2019utilise ensuite, confiait-il. La photo devient un \u00e9change.\u00a0\u00bb Et comment ne pas voir \u00e9galement dans ces n\u00e9gatifs alt\u00e9r\u00e9s par l\u2019humidit\u00e9 et la poussi\u00e8re, couverts de t\u00e2ches et de rayures, un troublant hommage \u00e0 son idole, Edward Curtis (1868-1952), photographe mythique qui immortalisa les Indiens nord-am\u00e9ricains\u00a0?<\/p>\n<p>    Nicolas Reynard a parcouru le monde \u00e0 la rencontre des peuples oubli\u00e9s<br \/>\n                Nicolas Reynard<\/p>\n<p class=\"fig-paragraph\">Cette \u0153uvre de Nicolas Reynard est un hommage aux ethnies qui vivent en toute qui\u00e9tude, sans relation avec notre \u00e9poque. Jusqu\u2019\u00e0 quand\u00a0? Terriblement menac\u00e9es par les d\u00e9pr\u00e9dations du progr\u00e8s, par les orpailleurs et les fermiers, par les maladies apport\u00e9es par nos civilisations, elles sont en sursis. Quand le navigateur portugais Pedro Cabral atteignit la c\u00f4te sud-am\u00e9ricaine en 1500, il y avait environ 11\u00a0millions d\u2019Indiens dans ce qui est maintenant le\u00a0<a href=\"http:\/\/www.lefigaro.fr\/sciences\/bresil-la-foret-amazonienne-a-perdu-une-surface-equivalente-a-l-espagne-en-40-ans-20250916\" data-fig-type=\"NewsFlash\" data-gtm-custom-categorie=\"navigation\" data-gtm-custom-action=\"crossclick\" data-gtm-custom-label=\"Contextuel\" data-gtm-event=\"customEventSPE\" data-fig-domain=\"LEFIGARO\" target=\"_blank\" rel=\"noopener\">Br\u00e9sil<\/a>. Cinq cents\u00a0ans plus tard, il en survit quelque 300.000.<\/p>\n<p class=\"fig-frame__title\">Une exposition in\u00e9dite<\/p>\n<p>        Soucieux d\u2019\u0153uvrer pour un monde plus durable et de sensibiliser le public aux beaut\u00e9s de notre patrimoine naturel et humain, Le Figaro Magazine et Les Maisons du Voyage ont souhait\u00e9 s\u2019associer pour pr\u00e9senter une exposition in\u00e9dite de Nicolas Reynard, au 76 rue Bonaparte, \u00e0 Paris 6e, jusqu\u2019au 28 novembre. Une exposition qui s\u2019inscrit dans le parcours photographique de la biennale\u00a0<a href=\"https:\/\/photoclimat.com\/\" target=\"_blank\" rel=\"sponsored noopener\">Photoclimat<\/a>.<\/p>\n","protected":false},"excerpt":{"rendered":"Dans le cadre du festival Photoclimat \u00e0 Paris, Les Maisons du Voyage rendent hommage \u00e0 ce reporter qui&hellip;\n","protected":false},"author":2,"featured_media":433838,"comment_status":"","ping_status":"","sticky":false,"template":"","format":"standard","meta":{"footnotes":""},"categories":[1358],"tags":[8466,1348,1384,1385,2548,1386,58,59,1011,27,1756],"class_list":{"0":"post-433837","1":"post","2":"type-post","3":"status-publish","4":"format-standard","5":"has-post-thumbnail","7":"category-arts-et-design","8":"tag-amazonie","9":"tag-arts","10":"tag-arts-and-design","11":"tag-arts-et-design","12":"tag-bresil","13":"tag-design","14":"tag-divertissement","15":"tag-entertainment","16":"tag-fr","17":"tag-france","18":"tag-photographie"},"share_on_mastodon":{"url":"https:\/\/pubeurope.com\/@fr\/115305004793672972","error":""},"_links":{"self":[{"href":"https:\/\/www.europesays.com\/fr\/wp-json\/wp\/v2\/posts\/433837","targetHints":{"allow":["GET"]}}],"collection":[{"href":"https:\/\/www.europesays.com\/fr\/wp-json\/wp\/v2\/posts"}],"about":[{"href":"https:\/\/www.europesays.com\/fr\/wp-json\/wp\/v2\/types\/post"}],"author":[{"embeddable":true,"href":"https:\/\/www.europesays.com\/fr\/wp-json\/wp\/v2\/users\/2"}],"replies":[{"embeddable":true,"href":"https:\/\/www.europesays.com\/fr\/wp-json\/wp\/v2\/comments?post=433837"}],"version-history":[{"count":0,"href":"https:\/\/www.europesays.com\/fr\/wp-json\/wp\/v2\/posts\/433837\/revisions"}],"wp:featuredmedia":[{"embeddable":true,"href":"https:\/\/www.europesays.com\/fr\/wp-json\/wp\/v2\/media\/433838"}],"wp:attachment":[{"href":"https:\/\/www.europesays.com\/fr\/wp-json\/wp\/v2\/media?parent=433837"}],"wp:term":[{"taxonomy":"category","embeddable":true,"href":"https:\/\/www.europesays.com\/fr\/wp-json\/wp\/v2\/categories?post=433837"},{"taxonomy":"post_tag","embeddable":true,"href":"https:\/\/www.europesays.com\/fr\/wp-json\/wp\/v2\/tags?post=433837"}],"curies":[{"name":"wp","href":"https:\/\/api.w.org\/{rel}","templated":true}]}}