{"id":433839,"date":"2025-10-02T14:18:11","date_gmt":"2025-10-02T14:18:11","guid":{"rendered":"https:\/\/www.europesays.com\/fr\/433839\/"},"modified":"2025-10-02T14:18:11","modified_gmt":"2025-10-02T14:18:11","slug":"pourquoi-son-nouveau-livre-fait-til-tant-parler","status":"publish","type":"post","link":"https:\/\/www.europesays.com\/fr\/433839\/","title":{"rendered":"pourquoi son nouveau livre fait-til tant parler ?"},"content":{"rendered":"<p>Patrick Modiano publie ce 2\u00a0octobre 70\u00a0bis, entr\u00e9e des artistes, un ouvrage con\u00e7u avec Christian Mazzalai, guitariste du groupe de musique. \u00c0 partir d\u2019archives retrouv\u00e9es dans une cave, les deux auteurs retracent l\u2019histoire du 70\u00a0bis, rue Notre-Dame-des-Champs, \u00e0 Montparnasse, lieu de passage de nombreux artistes.<\/p>\n<p><a href=\"https:\/\/www.fnac.com\/Patrick-Modiano\/ia10916\" target=\"_blank\" rel=\"noreferrer noopener\">Patrick Modiano<\/a> surprend une nouvelle fois. Le <a href=\"https:\/\/leclaireur.fnac.com\/article\/541193-qui-est-han-kang-laureate-du-prix-nobel-de-litterature-2024\/\" target=\"_blank\" rel=\"noreferrer noopener\">prix Nobel<\/a> de litt\u00e9rature\u00a02014, \u00e9crivain majeur de la m\u00e9moire fran\u00e7aise, s\u2019associe au guitariste du groupe <a href=\"https:\/\/leclaireur.fnac.com\/article\/98157-le-groupe-phoenix-renait-de-ses-cendres-apres-cinq-ans-dabsence\/\" target=\"_blank\" rel=\"noreferrer noopener\">Phoenix<\/a>, Christian Mazzalai, pour publier <a href=\"https:\/\/www.fnac.com\/a21774825\/Patrick-Modiano-70-bis-entree-des-artistes\" target=\"_blank\" rel=\"noreferrer noopener\">70\u00a0bis, entr\u00e9e des artistes<\/a>, publi\u00e9 chez Gallimard le 2\u00a0octobre. Un r\u00e9cit hybride qui m\u00eale texte et archives, enqu\u00eate et r\u00eaverie, et qui r\u00e9veille le fant\u00f4me d\u2019un Paris disparu.<\/p>\n<blockquote class=\"instagram-media\" data-instgrm-captioned=\"\" data-instgrm-permalink=\"https:\/\/www.instagram.com\/p\/DPPHyuPCuRC\/?utm_source=ig_embed&amp;utm_campaign=loading\" data-instgrm-version=\"14\" style=\" background:#FFF; border:0; border-radius:3px; box-shadow:0 0 1px 0 rgba(0,0,0,0.5),0 1px 10px 0 rgba(0,0,0,0.15); margin: 1px; max-width:540px; min-width:326px; padding:0; width:99.375%; width:-webkit-calc(100% - 2px); width:calc(100% - 2px);\"\/>\n<p>Un immeuble charg\u00e9 de m\u00e9moire<\/p>\n<p>Le livre prend pour d\u00e9cor le 70\u00a0bis, rue Notre-Dame-des-Champs dans le quartier de Montparnasse. Entre le Second Empire et les ann\u00e9es\u00a01950, cet immeuble a vu d\u00e9filer peintres, \u00e9crivains et musiciens. Monet, Rodin, Picasso, Ezra Pound ou Stevenson s\u2019y sont crois\u00e9s, aux c\u00f4t\u00e9s de figures moins c\u00e9l\u00e8bres comme Maria Latini, mod\u00e8le italien, ou Samuel Granowsky, surnomm\u00e9 \u00ab\u00a0le cow-boy de Montparnasse\u00a0\u00bb, qui arpentait le quartier \u00e0 cheval avant d\u2019\u00eatre d\u00e9port\u00e9 \u00e0 Auschwitz.<\/p>\n<p>Tout est parti d\u2019une caisse de documents retrouv\u00e9e dans une cave. Lettres, photographies et coupures de presse sont devenues la mati\u00e8re premi\u00e8re d\u2019une enqu\u00eate o\u00f9 archives et litt\u00e9rature s\u2019entrelacent. Modiano et Mazzalai composent un album de m\u00e9moire, entre restitution po\u00e9tique et reconstitution, qui plonge dans l\u2019atmosph\u00e8re boh\u00e8me et cosmopolite du Montparnasse d\u2019autrefois.<\/p>\n<p>Un duo inattendu<\/p>\n<p>La singularit\u00e9 du projet tient \u00e0 l\u2019association de ces deux univers. Mazzalai, guitariste du groupe Phoenix, s\u2019est passionn\u00e9 pour l\u2019histoire du 70\u00a0bis apr\u00e8s avoir d\u00e9couvert son pass\u00e9 foisonnant. Il a rassembl\u00e9 pr\u00e8s de 900\u00a0documents, dont une centaine figurent dans le livre, tandis que Modiano les transforme en r\u00e9cit, fid\u00e8le \u00e0 son \u00e9criture elliptique. Cette enqu\u00eate men\u00e9e \u00e0 deux voix donne naissance \u00e0 un objet litt\u00e9raire singulier, \u00e0 la crois\u00e9e du roman, de l\u2019essai et de l\u2019album d\u2019images.<\/p>\n<p>La presse salue d\u2019abord l\u2019audace de ce duo improbable. Le <a href=\"https:\/\/www.huffingtonpost.fr\/culture\/article\/patrick-modiano-ne-pouvait-pas-faire-plus-french-touch-pour-son-nouveau-roman_255414.html\" target=\"_blank\" rel=\"noreferrer noopener nofollow\">HuffPost<\/a> parle d\u2019un projet \u00ab\u00a0qui ne pouvait pas faire plus French touch\u00a0\u00bb, une mani\u00e8re d\u2019insister sur l\u2019\u00e9tonnante alliance entre un \u00e9crivain nob\u00e9lis\u00e9 et un musicien de la pop internationale. Pour <a href=\"https:\/\/www.liberation.fr\/culture\/livres\/70-bis-entree-des-artistes-de-patrick-modiano-et-christian-mazzalai-tres-connus-a-cette-adresse-20251001_Y2JSQV4Y25F6BPLJGXC2N232TI\/?redirected=1\" target=\"_blank\" rel=\"noreferrer noopener nofollow\">Lib\u00e9ration<\/a>, l\u2019ouvrage se distingue surtout par \u00ab\u00a0un riche corpus de photographies et de textes\u00a0\u00bb qui donne chair \u00e0 une histoire collective, restitu\u00e9e avec pr\u00e9cision et sens du d\u00e9tail.<\/p>\n<p><a href=\"https:\/\/www.liberation.fr\/culture\/livres\/70-bis-entree-des-artistes-de-patrick-modiano-et-christian-mazzalai-tres-connus-a-cette-adresse-20251001_Y2JSQV4Y25F6BPLJGXC2N232TI\/?redirected=1\" target=\"_blank\" rel=\"noreferrer noopener nofollow\">Le Monde<\/a> met en avant la dimension m\u00e9morielle, \u00e9crivant que \u00ab\u00a0Modiano ressuscite un haut lieu du Montparnasse d\u2019antan\u00a0\u00bb et confirme, selon le quotidien, sa capacit\u00e9 \u00e0 transformer les fragments du pass\u00e9 en mati\u00e8re litt\u00e9raire. <a href=\"https:\/\/www.telerama.fr\/livre\/patrick-modiano-raconte-sa-vie-d-ecriture-une-fois-que-j-ai-commence-un-livre-je-ne-peux-pas-m-interrompre-7027650.php\" target=\"_blank\" rel=\"noreferrer noopener nofollow\">T\u00e9l\u00e9rama<\/a> insiste de son c\u00f4t\u00e9 sur la coh\u00e9rence de l\u2019entreprise avec l\u2019ensemble de son \u0153uvre, voyant dans cette enqu\u00eate partag\u00e9e une nouvelle fa\u00e7on d\u2019approcher \u00ab\u00a0l\u2019\u00e9nigme des visages tout juste crois\u00e9s, des vies surgissant bri\u00e8vement de l\u2019obscurit\u00e9 avant d\u2019y retourner\u00a0\u00bb.<\/p>\n<p>        <script async src=\"\/\/www.instagram.com\/embed.js\"><\/script><\/p>\n","protected":false},"excerpt":{"rendered":"Patrick Modiano publie ce 2\u00a0octobre 70\u00a0bis, entr\u00e9e des artistes, un ouvrage con\u00e7u avec Christian Mazzalai, guitariste du groupe&hellip;\n","protected":false},"author":2,"featured_media":433840,"comment_status":"","ping_status":"","sticky":false,"template":"","format":"standard","meta":{"footnotes":""},"categories":[1357],"tags":[1379,58,16547,59,1011,27,9945,937,1351,1380,626,56161,52954,2004],"class_list":{"0":"post-433839","1":"post","2":"type-post","3":"status-publish","4":"format-standard","5":"has-post-thumbnail","7":"category-livres","8":"tag-books","9":"tag-divertissement","10":"tag-document","11":"tag-entertainment","12":"tag-fr","13":"tag-france","14":"tag-gallimard","15":"tag-histoire","16":"tag-litterature","17":"tag-livres","18":"tag-paris","19":"tag-patrick-modiano","20":"tag-phoenix","21":"tag-roman"},"share_on_mastodon":{"url":"https:\/\/pubeurope.com\/@fr\/115305008705054360","error":""},"_links":{"self":[{"href":"https:\/\/www.europesays.com\/fr\/wp-json\/wp\/v2\/posts\/433839","targetHints":{"allow":["GET"]}}],"collection":[{"href":"https:\/\/www.europesays.com\/fr\/wp-json\/wp\/v2\/posts"}],"about":[{"href":"https:\/\/www.europesays.com\/fr\/wp-json\/wp\/v2\/types\/post"}],"author":[{"embeddable":true,"href":"https:\/\/www.europesays.com\/fr\/wp-json\/wp\/v2\/users\/2"}],"replies":[{"embeddable":true,"href":"https:\/\/www.europesays.com\/fr\/wp-json\/wp\/v2\/comments?post=433839"}],"version-history":[{"count":0,"href":"https:\/\/www.europesays.com\/fr\/wp-json\/wp\/v2\/posts\/433839\/revisions"}],"wp:featuredmedia":[{"embeddable":true,"href":"https:\/\/www.europesays.com\/fr\/wp-json\/wp\/v2\/media\/433840"}],"wp:attachment":[{"href":"https:\/\/www.europesays.com\/fr\/wp-json\/wp\/v2\/media?parent=433839"}],"wp:term":[{"taxonomy":"category","embeddable":true,"href":"https:\/\/www.europesays.com\/fr\/wp-json\/wp\/v2\/categories?post=433839"},{"taxonomy":"post_tag","embeddable":true,"href":"https:\/\/www.europesays.com\/fr\/wp-json\/wp\/v2\/tags?post=433839"}],"curies":[{"name":"wp","href":"https:\/\/api.w.org\/{rel}","templated":true}]}}