{"id":433841,"date":"2025-10-02T14:19:12","date_gmt":"2025-10-02T14:19:12","guid":{"rendered":"https:\/\/www.europesays.com\/fr\/433841\/"},"modified":"2025-10-02T14:19:12","modified_gmt":"2025-10-02T14:19:12","slug":"sebastien-lecornu-etudie-des-baisses-de-prelevements-pour-les-salaries-dans-le-cadre-du-prochain-budget","status":"publish","type":"post","link":"https:\/\/www.europesays.com\/fr\/433841\/","title":{"rendered":"S\u00e9bastien Lecornu \u00e9tudie des baisses de pr\u00e9l\u00e8vements pour les salari\u00e9s dans le cadre du prochain budget"},"content":{"rendered":"<p>                          <img loading=\"lazy\" decoding=\"async\" src=\"https:\/\/www.europesays.com\/fr\/wp-content\/uploads\/2025\/10\/f49f97f_upload-1-xqgdg0c4ru0r-000-746977m.jpg\" alt=\"Le nouveau premier ministre fran\u00e7ais S\u00e9bastien Lecornu quitte le Palais Bourbon, apr\u00e8s sa rencontre avec le pr\u00e9sident de l\u2019Assembl\u00e9e nationale fran\u00e7aise \u00e0 Paris, le 11\u00a0septembre 2025. \"   width=\"664\" height=\"443\"\/>    Le nouveau premier ministre fran\u00e7ais S\u00e9bastien Lecornu quitte le Palais Bourbon, apr\u00e8s sa rencontre avec le pr\u00e9sident de l\u2019Assembl\u00e9e nationale fran\u00e7aise \u00e0 Paris, le 11\u00a0septembre 2025.  BERTRAND GUAY\/AFP                        <\/p>\n<p class=\"article__paragraph  \">Alors que les syndicats ont entam\u00e9 une nouvelle journ\u00e9e de mobilisation pour tenter de peser sur le prochain budget, S\u00e9bastien Lecornu \u00e9tudie plusieurs pistes de baisses de pr\u00e9l\u00e8vements en faveur des salari\u00e9s, selon des informations communiqu\u00e9es par son entourage \u00e0 l\u2019Agence France-Presse (AFP), jeudi 2 octobre.<\/p>\n<p class=\"article__paragraph  \">\u00ab\u00a0Rien n\u2019est encore arbitr\u00e9\u00a0\u00bb\u00a0mais le premier ministre regarde diff\u00e9rentes mesures comme\u00a0\u00ab\u00a0une d\u00e9fiscalisation et un all\u00e8gement des charges sociales\u00a0\u00bb\u00a0sur les heures suppl\u00e9mentaires. Il \u00e9tudie aussi une r\u00e9duction de l\u2019imp\u00f4t sur le revenu pour les couples pay\u00e9s chacun\u00a0\u00ab\u00a0l\u00e9g\u00e8rement\u00a0\u00bb\u00a0au-dessus du SMIC, a ajout\u00e9 Matignon.<\/p>\n<p class=\"article__paragraph  \">Les services du premier ministre, qui avaient dans un premier temps annonc\u00e9 viser les foyers touchant exactement le SMIC, ont rectifi\u00e9 dans l\u2019apr\u00e8s-midi\u00a0: un couple dont chacun des membres est pay\u00e9 1\u00a0476 euros par mois \u2212 soit le montant mensuel du SMIC \u2212 n\u2019est effectivement pas assujetti \u00e0 l\u2019imp\u00f4t sur le revenu, le seuil \u00e9tant fix\u00e9 \u00e0 1\u00a0491 euros. L\u2019objectif de cette mesure est donc\u00a0\u00ab\u00a0d\u2019all\u00e9ger leur montant d\u2019imp\u00f4t\u00a0\u00bb, voire de\u00a0\u00ab\u00a0l\u2019annuler pour tous ceux en entr\u00e9e de bar\u00e8me\u00a0\u00bb\u00a0afin qu\u2019ils soient\u00a0\u00ab\u00a0trait\u00e9s\u00a0\u00bb\u00a0fiscalement comme des c\u00e9libataires, a expliqu\u00e9 l\u2019entourage de M. Lecornu.<\/p>\n<p class=\"article__paragraph  \">Il examine aussi le r\u00e9tablissement de la prime Macron de \u00ab\u00a0partage de la valeur\u00a0\u00bb, qui peut \u00eatre exon\u00e9r\u00e9e d\u2019imp\u00f4t et de cotisations sociales, ainsi qu\u2019une mesure \u00ab\u00a0encourageant\u00a0\u00bb les transmissions aux petits-enfants et aux jeunes. \u00ab\u00a0Le fait de vivre de son travail et le reste \u00e0 vivre demeurent une des premi\u00e8res pr\u00e9occupations des Fran\u00e7ais\u00a0\u00bb, a fait valoir son entourage \u00e0 l\u2019AFP.<\/p>\n<p>                                     Lire aussi |  Article r\u00e9serv\u00e9 \u00e0 nos abonn\u00e9s  <a href=\"https:\/\/www.lemonde.fr\/politique\/article\/2025\/10\/01\/sebastien-lecornu-annonce-aux-syndicats-une-mesure-en-faveur-de-la-retraite-des-femmes_6643876_823448.html\" class=\"js-article-read-also catcher--favoris__link\" data-premium=\"1\" id=\"article-title-3440410\" rel=\"nofollow noopener\" target=\"_blank\">S\u00e9bastien Lecornu annonce aux syndicats une mesure en faveur de la retraite des femmes<\/a>    <\/p>\n<p>   Lire plus tard  <\/p>\n<p>                        Le RN et le PS re\u00e7us vendredi matin par Lecornu                  <\/p>\n<p class=\"article__paragraph  \">Par ailleurs, le Rassemblement national et le Parti socialiste seront re\u00e7us vendredi matin par le premier ministre dont ils attendent des ouvertures sur le projet de budget pour 2026, le mena\u00e7ant d\u2019une \u00e9ventuelle censure.<\/p>\n<p class=\"article__paragraph  \">Le premier secr\u00e9taire du PS Olivier Faure a d\u2019ores et d\u00e9j\u00e0 estim\u00e9 jeudi que les propositions pr\u00e9sent\u00e9es par S\u00e9bastien Lecornu pour les salari\u00e9s \u00e0 bas revenu sont\u00a0\u00ab\u00a0tr\u00e8s en de\u00e7\u00e0\u00a0\u00bb\u00a0des attentes des socialistes, tout en assurant vouloir\u00a0\u00ab\u00a0donner sa chance\u00a0\u00bb\u00a0au premier ministre avant sa rencontre avec lui vendredi.<\/p>\n<p class=\"article__paragraph  \">\u00ab\u00a0C\u2019est s\u00fbr qu\u2019il vaut mieux faire quelque chose en direction des salari\u00e9s plut\u00f4t que rien, mais la r\u00e9alit\u00e9, c\u2019est que c\u2019est tr\u00e8s en de\u00e7\u00e0 de ce que nous attendons\u00a0\u00bb, a d\u00e9clar\u00e9 Olivier Faure avant le d\u00e9part de la manifestation parisienne \u00e0 l\u2019appel de l\u2019intersyndicale, chahut\u00e9 par quelques dizaines de manifestants qui ont reproch\u00e9 au patron du PS sa pr\u00e9sence dans le cort\u00e8ge.<\/p>\n<p>                                     Lire aussi |  <a href=\"https:\/\/www.lemonde.fr\/politique\/live\/2025\/10\/02\/en-direct-greve-du-2-octobre-suivez-les-manifestations-a-l-appel-de-l-intersyndicale-pour-maintenir-la-pression-sur-sebastien-lecornu_6644025_823448.html\" class=\"js-article-read-also catcher--favoris__link\" data-premium=\"\" id=\"article-title-3440199\" rel=\"nofollow noopener\" target=\"_blank\">EN DIRECT, gr\u00e8ve du 2\u00a0octobre\u00a0: dans les manifestations, \u00ab\u00a0on est moins nombreux, mais le ras-le-bol g\u00e9n\u00e9ral reste intact\u00a0\u00bb<\/a>    <\/p>\n<p>   Lire plus tard  <\/p>\n<p class=\"article__paragraph  \">Rest\u00e9 volontairement discret depuis sa nomination il y a trois semaines, le premier ministre a pr\u00e9sent\u00e9 vendredi dernier ses premi\u00e8res pistes pour le budget attendu \u00e0 la mi-octobre, franchissant plusieurs lignes rouge dessin\u00e9es notamment par les socialistes.<\/p>\n<p> Newsletter  <\/p>\n<p> <a href=\"https:\/\/www.lemonde.fr\/newsletters\/politique\/\" class=\"inread__link js-services-inread-link\" target=\"_blank\" rel=\"nofollow noopener\">  <\/p>\n<p>\u00ab Politique \u00bb<\/p>\n<p>Chaque semaine, \u00ab Le Monde \u00bb analyse pour vous les enjeux de l&rsquo;actualit\u00e9 politique<\/p>\n<p>S&rsquo;inscrire<\/p>\n<p> <\/a>             <\/p>\n<p class=\"article__paragraph  \">Marine Le Pen est attendue \u00e0 9\u00a0heures \u00e0 Matignon, puis la d\u00e9l\u00e9gation socialiste \u00e0 10\u00a0h 30. Se succ\u00e8deront ensuite dans le bureau de S\u00e9bastien Lecornu les communistes \u00e0 12\u00a0h 30 puis les Ecologistes \u00e0 15\u00a0h 45.<\/p>\n<p class=\"article__paragraph  \">Un rendez-vous jeudi avec le groupe ind\u00e9pendant Liot a finalement \u00e9t\u00e9 annul\u00e9.  S\u00e9bastien Lecornu, qui a rencontr\u00e9 plusieurs fois les responsables du\u00a0\u00ab\u00a0socle commun\u00a0\u00bb\u00a0(Renaissance, Modem, Horizons, LR), a \u00e9galement d\u00e9j\u00e0 re\u00e7u les partis d\u2019opposition depuis qu\u2019il a succ\u00e9d\u00e9 \u00e0 Fran\u00e7ois Bayrou.<\/p>\n<p>                                     Lire aussi |  Article r\u00e9serv\u00e9 \u00e0 nos abonn\u00e9s  <a href=\"https:\/\/www.lemonde.fr\/politique\/article\/2025\/10\/01\/comment-le-ps-se-prepare-a-une-dissolution-de-l-assemblee-jugee-de-plus-en-plus-imminente_6643849_823448.html\" class=\"js-article-read-also catcher--favoris__link\" data-premium=\"1\" id=\"article-title-3440233\" rel=\"nofollow noopener\" target=\"_blank\">Comment le PS se pr\u00e9pare \u00e0 une dissolution de l\u2019Assembl\u00e9e jug\u00e9e de plus en plus imminente<\/a>    <\/p>\n<p>   Lire plus tard  <\/p>\n<p class=\"author__detail\">  Le Monde avec AFP  <\/p>\n<p>                  <a href=\"https:\/\/www.lemonde.fr\/syndication\/\" class=\"reuse__content\" title=\"R\u00e9utiliser ce contenu\" target=\"_blank\" rel=\"nofollow noopener\">R\u00e9utiliser ce contenu<\/a>      <\/p>\n","protected":false},"excerpt":{"rendered":"Le nouveau premier ministre fran\u00e7ais S\u00e9bastien Lecornu quitte le Palais Bourbon, apr\u00e8s sa rencontre avec le pr\u00e9sident de&hellip;\n","protected":false},"author":2,"featured_media":433842,"comment_status":"","ping_status":"","sticky":false,"template":"","format":"standard","meta":{"footnotes":""},"categories":[1356],"tags":[58,59,1011,27,252,1364],"class_list":{"0":"post-433841","1":"post","2":"type-post","3":"status-publish","4":"format-standard","5":"has-post-thumbnail","7":"category-television","8":"tag-divertissement","9":"tag-entertainment","10":"tag-fr","11":"tag-france","12":"tag-television","13":"tag-tv"},"share_on_mastodon":{"url":"https:\/\/pubeurope.com\/@fr\/115305013154713809","error":""},"_links":{"self":[{"href":"https:\/\/www.europesays.com\/fr\/wp-json\/wp\/v2\/posts\/433841","targetHints":{"allow":["GET"]}}],"collection":[{"href":"https:\/\/www.europesays.com\/fr\/wp-json\/wp\/v2\/posts"}],"about":[{"href":"https:\/\/www.europesays.com\/fr\/wp-json\/wp\/v2\/types\/post"}],"author":[{"embeddable":true,"href":"https:\/\/www.europesays.com\/fr\/wp-json\/wp\/v2\/users\/2"}],"replies":[{"embeddable":true,"href":"https:\/\/www.europesays.com\/fr\/wp-json\/wp\/v2\/comments?post=433841"}],"version-history":[{"count":0,"href":"https:\/\/www.europesays.com\/fr\/wp-json\/wp\/v2\/posts\/433841\/revisions"}],"wp:featuredmedia":[{"embeddable":true,"href":"https:\/\/www.europesays.com\/fr\/wp-json\/wp\/v2\/media\/433842"}],"wp:attachment":[{"href":"https:\/\/www.europesays.com\/fr\/wp-json\/wp\/v2\/media?parent=433841"}],"wp:term":[{"taxonomy":"category","embeddable":true,"href":"https:\/\/www.europesays.com\/fr\/wp-json\/wp\/v2\/categories?post=433841"},{"taxonomy":"post_tag","embeddable":true,"href":"https:\/\/www.europesays.com\/fr\/wp-json\/wp\/v2\/tags?post=433841"}],"curies":[{"name":"wp","href":"https:\/\/api.w.org\/{rel}","templated":true}]}}