{"id":433848,"date":"2025-10-02T14:23:15","date_gmt":"2025-10-02T14:23:15","guid":{"rendered":"https:\/\/www.europesays.com\/fr\/433848\/"},"modified":"2025-10-02T14:23:15","modified_gmt":"2025-10-02T14:23:15","slug":"cyclisme-championnats-deurope-premiere-medaille-francaise-sur-le-relais-mixte-juniors","status":"publish","type":"post","link":"https:\/\/www.europesays.com\/fr\/433848\/","title":{"rendered":"Cyclisme. Championnats d&rsquo;Europe &#8211; Premi\u00e8re m\u00e9daille fran\u00e7aise&#8230; sur le relais mixte Juniors"},"content":{"rendered":"<p><strong>L\u2019\u00c9quipe de France<\/strong> a d\u00e9croch\u00e9 sa premi\u00e8re m\u00e9daille aux <strong><a href=\"https:\/\/www.cyclismactu.net\/..\/news-championnats-d-europe-route-les-relais-mixtes-ce-jeudi-horaires-de-depart-et-parcours-90401.html\" target=\"_blank\" rel=\"noopener\">Championnats d\u2019Europe<\/a><\/strong> disput\u00e9s en Dr\u00f4me-Ard\u00e8che. Jeudi matin, sur le relais mixte juniors par \u00e9quipes, les Bleus ont pris la deuxi\u00e8me place derri\u00e8re la Norv\u00e8ge. Apr\u00e8s une premi\u00e8re journ\u00e9e sans podium sur les contre-la-montre individuels, la s\u00e9lection tricolore a lanc\u00e9 son compteur gr\u00e2ce au collectif form\u00e9 par <strong>Lancelot Gayant<\/strong>, <strong>Gabin Gicquel<\/strong>,<strong> Luc Royer<\/strong>, <strong>Zo\u00e9 Bihan<\/strong>,<strong> Charlotte Bouhier<\/strong> et <strong>Ninon Humbert<\/strong>.<\/p>\n<p>Vid\u00e9o &#8211; Le r\u00e9sum\u00e9 de ce relais mixte Juniors Lire la suite de l&rsquo;article&#13;<\/p>\n<blockquote class=\"twitter-tweet\" style=\"width:100%!important;max-width:550px!important;min-width:250px;height:500px;\" data-media-max-width=\"560\"><p>&#13;<\/p>\n<p dir=\"ltr\" lang=\"fr\">? Avant les \u00c9lites, l&rsquo;\u00e9quipe de France U19 a d\u00e9croch\u00e9 la m\u00e9daille d&rsquo;argent sur le relais mixte !<\/p>\n<p>? \u00ab C&rsquo;est notre premi\u00e8re internationale \u00e0 tous, elle est vraiment belle ! \u00bb<\/p>\n<p>Suivez les Championnats d&rsquo;Europe en direct sur la chaine L&rsquo;\u00c9quipe <a href=\"https:\/\/twitter.com\/hashtag\/lequipeVELO?src=hash&amp;ref_src=twsrc%5Etfw\" target=\"_blank\" rel=\"noopener\">#lequipeVELO<\/a> <a href=\"https:\/\/twitter.com\/hashtag\/EuroRoad25?src=hash&amp;ref_src=twsrc%5Etfw\" target=\"_blank\" rel=\"noopener\">#EuroRoad25<\/a> <a href=\"https:\/\/t.co\/JnnMkKFgSe\">pic.twitter.com\/JnnMkKFgSe<\/a><\/p>\n<p>&#13;<br \/>\n\u2014 la chaine L&rsquo;\u00c9quipe (@lachainelequipe) <a href=\"https:\/\/twitter.com\/lachainelequipe\/status\/1973717994795569525?ref_src=twsrc%5Etfw\" target=\"_blank\" rel=\"noopener\">October 2, 2025<\/a><\/p><\/blockquote>\n<p>&#13;<br \/>\n&#13;<\/p>\n<p>\u00a0<\/p>\n<p>&#13;<br \/>\nLe r\u00e9sum\u00e9&#13;<\/p>\n<p>Sur la boucle de 20 kilom\u00e8tres trac\u00e9e \u00e0 \u00c9toile-sur-Rh\u00f4ne, les gar\u00e7ons se sont \u00e9lanc\u00e9s en premier, signant un chrono de 24\u201905&Prime; et transmettant le relais en troisi\u00e8me position, \u00e0 quelques secondes de l\u2019Allemagne et de la Norv\u00e8ge. Les filles ont ensuite pris les commandes, comptant jusqu\u2019\u00e0 15 secondes d\u2019avance au premier interm\u00e9diaire. Mais un incident m\u00e9canique contraignant<strong> Zo\u00e9 Bihan <\/strong>\u00e0 changer de v\u00e9lo et la perte de contact de<strong> Ninon Humbert <\/strong>ont fait basculer la course. La Norv\u00e8ge en a profit\u00e9 pour s\u2019imposer avec 34\u201962&Prime; d\u2019avance sur la France, tandis que l\u2019Allemagne, revenue au pied de la c\u00f4te d\u2019\u00c9toile, a craqu\u00e9 dans le final et laiss\u00e9 la m\u00e9daille de bronze \u00e0 la Pologne (+37\u201932&Prime;).<\/p>\n<p><script async src=\"https:\/\/platform.twitter.com\/widgets.js\" charset=\"utf-8\"><\/script><\/p>\n","protected":false},"excerpt":{"rendered":"L\u2019\u00c9quipe de France a d\u00e9croch\u00e9 sa premi\u00e8re m\u00e9daille aux Championnats d\u2019Europe disput\u00e9s en Dr\u00f4me-Ard\u00e8che. Jeudi matin, sur le&hellip;\n","protected":false},"author":2,"featured_media":433849,"comment_status":"","ping_status":"","sticky":false,"template":"","format":"standard","meta":{"footnotes":""},"categories":[9],"tags":[34841,207,1011,27,209,60,208],"class_list":{"0":"post-433848","1":"post","2":"type-post","3":"status-publish","4":"format-standard","5":"has-post-thumbnail","7":"category-sports","8":"tag-championnats-d","9":"tag-cyclisme","10":"tag-fr","11":"tag-france","12":"tag-route","13":"tag-sports","14":"tag-velo"},"share_on_mastodon":{"url":"https:\/\/pubeurope.com\/@fr\/115305028259068425","error":""},"_links":{"self":[{"href":"https:\/\/www.europesays.com\/fr\/wp-json\/wp\/v2\/posts\/433848","targetHints":{"allow":["GET"]}}],"collection":[{"href":"https:\/\/www.europesays.com\/fr\/wp-json\/wp\/v2\/posts"}],"about":[{"href":"https:\/\/www.europesays.com\/fr\/wp-json\/wp\/v2\/types\/post"}],"author":[{"embeddable":true,"href":"https:\/\/www.europesays.com\/fr\/wp-json\/wp\/v2\/users\/2"}],"replies":[{"embeddable":true,"href":"https:\/\/www.europesays.com\/fr\/wp-json\/wp\/v2\/comments?post=433848"}],"version-history":[{"count":0,"href":"https:\/\/www.europesays.com\/fr\/wp-json\/wp\/v2\/posts\/433848\/revisions"}],"wp:featuredmedia":[{"embeddable":true,"href":"https:\/\/www.europesays.com\/fr\/wp-json\/wp\/v2\/media\/433849"}],"wp:attachment":[{"href":"https:\/\/www.europesays.com\/fr\/wp-json\/wp\/v2\/media?parent=433848"}],"wp:term":[{"taxonomy":"category","embeddable":true,"href":"https:\/\/www.europesays.com\/fr\/wp-json\/wp\/v2\/categories?post=433848"},{"taxonomy":"post_tag","embeddable":true,"href":"https:\/\/www.europesays.com\/fr\/wp-json\/wp\/v2\/tags?post=433848"}],"curies":[{"name":"wp","href":"https:\/\/api.w.org\/{rel}","templated":true}]}}