{"id":433850,"date":"2025-10-02T14:24:11","date_gmt":"2025-10-02T14:24:11","guid":{"rendered":"https:\/\/www.europesays.com\/fr\/433850\/"},"modified":"2025-10-02T14:24:11","modified_gmt":"2025-10-02T14:24:11","slug":"elle-etait-mal-en-point-avant-sa-mort","status":"publish","type":"post","link":"https:\/\/www.europesays.com\/fr\/433850\/","title":{"rendered":"elle \u00e9tait mal en point avant sa mort"},"content":{"rendered":"<p><strong>Fin de vie<\/strong>. Claudia Cardinale a v\u00e9cu \u00e0 Nemours les ultimes ann\u00e9es de sa vie avant de d\u00e9c\u00e9der le 23 septembre dernier. Mais ces derniers temps, l&rsquo;actrice luttait contre une maladie, d&rsquo;apr\u00e8s les m\u00e9dias italiens, et semblait plus affaiblie au quotidien selon les propos de voisins de la star. \u00ab\u00a0Elle avait chang\u00e9. Ces derniers temps, elle ne sortait plus\u00a0\u00bb, a d\u00e9clar\u00e9 l&rsquo;un d&rsquo;eux au <a href=\"https:\/\/www.leparisien.fr\/seine-et-marne-77\/claudia-cardinale-avait-decide-de-sinvestir-pour-la-ville-nemours-en-deuil-apres-le-deces-de-sa-star-24-09-2025-VQS2GYL6SBAPLMM72BB26P46BQ.php\" target=\"_blank\" rel=\"noopener\">Parisien<\/a>. \u00ab\u00a0Elle \u00e9tait en fauteuil roulant\u00a0\u00bb, a indiqu\u00e9 une autre voisine.<\/p>\n","protected":false},"excerpt":{"rendered":"Fin de vie. Claudia Cardinale a v\u00e9cu \u00e0 Nemours les ultimes ann\u00e9es de sa vie avant de d\u00e9c\u00e9der&hellip;\n","protected":false},"author":2,"featured_media":433851,"comment_status":"","ping_status":"","sticky":false,"template":"","format":"standard","meta":{"footnotes":""},"categories":[8],"tags":[56162,51761,58,59,52292,1011,27,51766,1031],"class_list":{"0":"post-433850","1":"post","2":"type-post","3":"status-publish","4":"format-standard","5":"has-post-thumbnail","7":"category-divertissement","8":"tag-cms-journaldesfemmes-3242928","9":"tag-controller-content","10":"tag-divertissement","11":"tag-entertainment","12":"tag-format-reportage","13":"tag-fr","14":"tag-france","15":"tag-les-histoires-du-jdf","16":"tag-magazine"},"share_on_mastodon":{"url":"https:\/\/pubeurope.com\/@fr\/115305032408589770","error":""},"_links":{"self":[{"href":"https:\/\/www.europesays.com\/fr\/wp-json\/wp\/v2\/posts\/433850","targetHints":{"allow":["GET"]}}],"collection":[{"href":"https:\/\/www.europesays.com\/fr\/wp-json\/wp\/v2\/posts"}],"about":[{"href":"https:\/\/www.europesays.com\/fr\/wp-json\/wp\/v2\/types\/post"}],"author":[{"embeddable":true,"href":"https:\/\/www.europesays.com\/fr\/wp-json\/wp\/v2\/users\/2"}],"replies":[{"embeddable":true,"href":"https:\/\/www.europesays.com\/fr\/wp-json\/wp\/v2\/comments?post=433850"}],"version-history":[{"count":0,"href":"https:\/\/www.europesays.com\/fr\/wp-json\/wp\/v2\/posts\/433850\/revisions"}],"wp:featuredmedia":[{"embeddable":true,"href":"https:\/\/www.europesays.com\/fr\/wp-json\/wp\/v2\/media\/433851"}],"wp:attachment":[{"href":"https:\/\/www.europesays.com\/fr\/wp-json\/wp\/v2\/media?parent=433850"}],"wp:term":[{"taxonomy":"category","embeddable":true,"href":"https:\/\/www.europesays.com\/fr\/wp-json\/wp\/v2\/categories?post=433850"},{"taxonomy":"post_tag","embeddable":true,"href":"https:\/\/www.europesays.com\/fr\/wp-json\/wp\/v2\/tags?post=433850"}],"curies":[{"name":"wp","href":"https:\/\/api.w.org\/{rel}","templated":true}]}}