{"id":433854,"date":"2025-10-02T14:26:12","date_gmt":"2025-10-02T14:26:12","guid":{"rendered":"https:\/\/www.europesays.com\/fr\/433854\/"},"modified":"2025-10-02T14:26:12","modified_gmt":"2025-10-02T14:26:12","slug":"vers-une-flambee-du-prix-de-lelectricite-debut-2026-voici-la-reponse-du-gendarme-de-lenergie","status":"publish","type":"post","link":"https:\/\/www.europesays.com\/fr\/433854\/","title":{"rendered":"Vers une flamb\u00e9e du prix de l&rsquo;\u00e9lectricit\u00e9 d\u00e9but 2026 ? Voici la r\u00e9ponse du gendarme de l&rsquo;\u00e9nergie"},"content":{"rendered":"<p>              <img decoding=\"async\" class=\"article-author__picture webp\" src=\"https:\/\/www.europesays.com\/fr\/wp-content\/uploads\/2025\/04\/matias-perea-85px.jpg.webp\" alt=\"Matias Perea\"\/><\/p>\n<p class=\"article-author__info--name\"> Par<br \/>\n                      <a href=\"https:\/\/selectra.info\/equipe\/matias\" target=\"_blank\" rel=\"noopener author nofollow\"> Matias Perea <\/a><\/p>\n<p class=\"article-author__info--description\"> Analyste \u00c9nergie <\/p>\n<p>        Publi\u00e9 le<\/p>\n<p>                                02\/10\/2025<\/p>\n<p>            min de lecture\n        <\/p>\n<p>Tous les prix affich\u00e9s sur cette page sont TTC.<\/p>\n<p>  <img decoding=\"async\" class=\"new-ads__card-logo\" src=\"https:\/\/www.europesays.com\/fr\/wp-content\/uploads\/2025\/04\/ampoule-animee.gif\" alt=\"logo\" loading=\"lazy\"\/><\/p>\n<p class=\"new-ads__card-title\">Trouvez un fournisseur moins cher !<\/p>\n<p class=\"new-ads__card-description\">Obtenez votre comparatif par t\u00e9l\u00e9phone avec Selectra<\/p>\n<p>        <img decoding=\"async\" class=\"new-ads__card-logo\" src=\"https:\/\/www.europesays.com\/fr\/wp-content\/uploads\/2025\/06\/primeo-xs.png\" alt=\"logo\" loading=\"lazy\"\/><\/p>\n<p class=\"new-ads__card-title\">L&rsquo;offre du moment \u00e0 -20 % (HT) par rapport au tarif r\u00e9glement\u00e9<\/p>\n<p class=\"new-ads__card-description\">Une offre \u00e0 prix fixe moins ch\u00e8re<\/p>\n<p class=\"intro\">La fin du m\u00e9canisme ARENH au 31 d\u00e9cembre 2025 fait craindre une envol\u00e9e des factures d&rsquo;\u00e9lectricit\u00e9 pour des millions de Fran\u00e7ais. Mais dans un communiqu\u00e9, la Commission de r\u00e9gulation de l&rsquo;\u00e9nergie (CRE) se veut rassurante : le tarif r\u00e9glement\u00e9 d&rsquo;\u00e9lectricit\u00e9, qui concerne plus de 20 millions de foyers, devrait rester stable d\u00e9but 2026, hors \u00e9volution des taxes. D\u00e9cryptage des chiffres cl\u00e9s qui expliquent cette pr\u00e9vision et des zones d&rsquo;ombre qui persistent.<\/p>\n<p class=\"in-short--title col-xs-12 text--center\">Article trop long\u00a0? Demandez un r\u00e9sum\u00e9 \u00e0 l&rsquo;IA\u00a0:<\/p>\n<p>  <a href=\"https:\/\/profile.google.com\/cp\/Cg0vZy8xMWNzNGxnOGs1\" type=\"button\" target=\"_blank\" class=\"btn btn--md btn--success btn--pill\" rel=\"nofollow noopener\">Suivez-nous sur Google<\/p>\n<p>              <\/a><\/p>\n<p>La fin de l&rsquo;ARENH : pourquoi 2026 suscite tant d&rsquo;inqui\u00e9tudes ?<\/p>\n<p>Depuis 2011, le march\u00e9 de l&rsquo;\u00e9lectricit\u00e9 vivait sous l&rsquo;influence de <a href=\"https:\/\/selectra.info\/energie\/guides\/comprendre\/arenh\" rel=\"nofollow noopener\" target=\"_blank\">l&rsquo;Acc\u00e8s R\u00e9gul\u00e9 \u00e0 l&rsquo;\u00c9lectricit\u00e9 Nucl\u00e9aire Historique (ARENH)<\/a>. Ce m\u00e9canisme obligeait <a href=\"https:\/\/selectra.info\/energie\/fournisseurs\/edf\" rel=\"nofollow noopener\" target=\"_blank\">EDF<\/a> \u00e0 vendre une partie de sa production nucl\u00e9aire \u00e0 ses concurrents <strong>\u00e0 un prix cass\u00e9 de 42 \u20ac\/MWh<\/strong>, bien en de\u00e7\u00e0 des co\u00fbts de march\u00e9.<\/p>\n<p>Con\u00e7u pour favoriser la concurrence, ce dispositif agissait surtout comme un puissant amortisseur pour les factures des consommateurs, en garantissant qu&rsquo;une part de l&rsquo;\u00e9lectricit\u00e9 vendue en France b\u00e9n\u00e9ficie d&rsquo;un prix plancher.<\/p>\n<p>\u00c0 partir du 1er janvier 2026, ce syst\u00e8me dispara\u00eet. <a href=\"https:\/\/selectra.info\/energie\/fournisseurs\/electricite\" rel=\"nofollow noopener\" target=\"_blank\">Tous les fournisseurs d&rsquo;\u00e9lectricit\u00e9<\/a>, y compris EDF, devront s&rsquo;approvisionner sur le march\u00e9, ce qui expose potentiellement les consommateurs aux fluctuations, parfois brutales, <a href=\"https:\/\/selectra.info\/energie\/electricite\/prix\/marche-de-gros\" rel=\"nofollow noopener\" target=\"_blank\">des prix de gros<\/a>. C&rsquo;est ce saut dans un nouveau mod\u00e8le de march\u00e9 qui alimente la crainte d&rsquo;un \u00ab\u00a0ressaut\u00a0\u00bb sur les factures, ravivant le souvenir de la crise \u00e9nerg\u00e9tique de 2022.<\/p>\n<p>Les chiffres cl\u00e9s de la CRE qui changent la donne pour 2026<\/p>\n<p>C&rsquo;est dans ce contexte que la CRE, en tant qu&rsquo;arbitre du march\u00e9, a publi\u00e9 deux estimations qui servent de fondation au nouveau syst\u00e8me et permettent d&rsquo;anticiper l&rsquo;avenir avec plus de s\u00e9r\u00e9nit\u00e9.<\/p>\n<ol class=\"list--numbered\">\n<li><strong>Le co\u00fbt r\u00e9el du nucl\u00e9aire enfin chiffr\u00e9 :<\/strong> La CRE a \u00e9valu\u00e9 pour la premi\u00e8re fois le co\u00fbt complet de <a href=\"https:\/\/selectra.info\/energie\/guides\/comprendre\/electricite\/production\" rel=\"nofollow noopener\" target=\"_blank\">production de l&rsquo;\u00e9lectricit\u00e9 nucl\u00e9aire d&rsquo;EDF<\/a> (incluant l&rsquo;exploitation, la maintenance, le futur d\u00e9mant\u00e8lement, etc.). Pour la p\u00e9riode 2026-2028, ce co\u00fbt s&rsquo;\u00e9l\u00e8ve \u00e0 <strong>60,3 \u20ac\/MWh<\/strong>. Ce chiffre devient la nouvelle r\u00e9f\u00e9rence \u00e9conomique, le \u00ab\u00a0prix de revient\u00a0\u00bb de l&rsquo;atome fran\u00e7ais.<\/li>\n<li><strong>Un prix de vente pour 2026 d\u00e9j\u00e0 estim\u00e9 :<\/strong> Sur la base des contrats \u00e0 moyen et long terme d\u00e9j\u00e0 sign\u00e9s par EDF pour livrer de l&rsquo;\u00e9lectricit\u00e9 en 2026, la CRE estime que le revenu moyen que tirera le parc nucl\u00e9aire atteindra <strong>65,86 \u20ac\/MWh<\/strong> (pour une production attendue de 360 TWh). Cette estimation est tr\u00e8s robuste, car elle ne d\u00e9pend que marginalement des prix de march\u00e9 de derni\u00e8re minute.<\/li>\n<\/ol>\n<p>  <img decoding=\"async\" class=\"new-ads__card-logo\" src=\"https:\/\/www.europesays.com\/fr\/wp-content\/uploads\/2025\/04\/ampoule-animee.gif\" alt=\"logo\" loading=\"lazy\"\/><\/p>\n<p class=\"new-ads__card-title\">Trouvez un fournisseur moins cher !<\/p>\n<p class=\"new-ads__card-description\">Obtenez votre comparatif par t\u00e9l\u00e9phone avec Selectra<\/p>\n<p>        <img decoding=\"async\" class=\"new-ads__card-logo\" src=\"https:\/\/www.europesays.com\/fr\/wp-content\/uploads\/2025\/06\/primeo-xs.png\" alt=\"logo\" loading=\"lazy\"\/><\/p>\n<p class=\"new-ads__card-title\">L&rsquo;offre du moment \u00e0 -20 % (HT) par rapport au tarif r\u00e9glement\u00e9<\/p>\n<p class=\"new-ads__card-description\">Une offre \u00e0 prix fixe moins ch\u00e8re<\/p>\n<p>Cons\u00e9quence directe : un tarif r\u00e9glement\u00e9 attendu stable en f\u00e9vrier 2026<\/p>\n<p>La cons\u00e9quence directe de ces chiffres est une bonne nouvelle pour les 20 millions de foyers abonn\u00e9s au <a href=\"https:\/\/selectra.info\/energie\/fournisseurs\/edf\/tarifs-reglementes\" rel=\"nofollow noopener\" target=\"_blank\">Tarif Bleu d&rsquo;EDF<\/a>. Selon la CRE, il n&rsquo;y a pas de raison de s&rsquo;attendre \u00e0 une forte hausse lors de la prochaine r\u00e9vision de f\u00e9vrier 2026, qui sera la premi\u00e8re \u00e0 int\u00e9grer le nouveau mod\u00e8le post-ARENH.<\/p>\n<blockquote>\n<p>On consid\u00e8re que compte tenu des conditions de march\u00e9, les factures de tous les clients aux tarifs r\u00e9glement\u00e9s devraient \u00eatre stables, bien s\u00fbr modulo les \u00e9ventuels changements de fiscalit\u00e9 qui sont \u00e0 la main du gouvernement et du Parlement.<\/p>\n<p>Emmanuelle Wargon, pr\u00e9sidente de la Commission de r\u00e9gulation de l&rsquo;\u00e9nergie (CRE)<\/p>\n<\/blockquote>\n<p>Cette stabilit\u00e9 s&rsquo;explique par la m\u00e9thode m\u00eame de calcul du Tarif r\u00e9glement\u00e9. Il n&rsquo;est pas bas\u00e9 sur les prix de march\u00e9 du moment, mais sur une moyenne des prix de gros des <strong>deux ann\u00e9es pr\u00e9c\u00e9dentes<\/strong>.\u00a0<\/p>\n<p>Ce m\u00e9canisme de lissage a d\u00e9j\u00e0 permis d&rsquo;absorber une grande partie des chocs pass\u00e9s et int\u00e8gre d\u00e9sormais les prix de march\u00e9 plus d\u00e9tendus observ\u00e9s depuis la fin de la crise. La fin de l&rsquo;ARENH est donc d\u00e9j\u00e0, en partie, \u00ab\u00a0dig\u00e9r\u00e9e\u00a0\u00bb par la formule de calcul.<\/p>\n<p class=\"title\">L&rsquo;INFO QUI FAIT BAISSER VOTRE FACTURE<\/p>\n<ul class=\"list--check\">\n<li><strong>Alertes Baisse des Prix<\/strong> en temps r\u00e9el<\/li>\n<li><strong>Nouvelles Aides de l&rsquo;\u00c9tat<\/strong> d\u00e9crypt\u00e9es pour vous<\/li>\n<li><strong>Bons Plans Exclusifs<\/strong> de nos experts<\/li>\n<\/ul>\n<p style=\"margin-top:15px;\">Rejoignez des milliers de Fran\u00e7ais et recevez gratuitement l&rsquo;essentiel de l&rsquo;actu \u00e9nergie sur votre canal pr\u00e9f\u00e9r\u00e9.<\/p>\n<p>Le nouveau \u00ab\u00a0bouclier\u00a0\u00bb anti-flamb\u00e9e (VNU) ne devrait pas \u00eatre activ\u00e9<\/p>\n<p>Pour prot\u00e9ger les consommateurs en cas de nouvelle envol\u00e9e des prix, la loi a pr\u00e9vu un successeur \u00e0 l&rsquo;ARENH : <a href=\"https:\/\/selectra.info\/energie\/guides\/comprendre\/vnu\" rel=\"nofollow noopener\" target=\"_blank\">le Versement Nucl\u00e9aire Universel (VNU)<\/a>. Il s&rsquo;agit d&rsquo;une \u00ab\u00a0super-taxe\u00a0\u00bb sur EDF qui se d\u00e9clenche si ses revenus de vente d&rsquo;\u00e9lectricit\u00e9 nucl\u00e9aire <strong>d\u00e9passent trop fortement ses co\u00fbts de production<\/strong>. L&rsquo;argent collect\u00e9 serait alors int\u00e9gralement redistribu\u00e9 aux consommateurs.<\/p>\n<p>Le premier seuil de taxation (\u00e0 50%) se d\u00e9clenche si l&rsquo;\u00e9cart entre les revenus d&rsquo;EDF et ses co\u00fbts de production est sup\u00e9rieur \u00e0 un montant qui sera fix\u00e9 par d\u00e9cret (entre 5 \u20ac et 25 \u20ac\/MWh). Or, l&rsquo;\u00e9cart estim\u00e9 par la CRE pour 2026 est de seulement <strong>5,56 \u20ac\/MWh<\/strong> (65,86 \u20ac de revenus &#8211; 60,3 \u20ac de co\u00fbts).\u00a0<\/p>\n<p>Cet \u00e9cart \u00e9tant \u00e0 la limite basse de la fourchette, la CRE juge \u00ab\u00a0tr\u00e8s peu probable\u00a0\u00bb que le VNU soit appliqu\u00e9 en 2026. En d&rsquo;autres termes, le bouclier ne devrait pas \u00eatre n\u00e9cessaire, car les prix ne sont pas attendus \u00e0 un niveau suffisamment \u00e9lev\u00e9 pour le d\u00e9clencher.<\/p>\n<p>Attention, la facture n&rsquo;est pas totalement \u00e0 l&rsquo;abri d&rsquo;une hausse<\/p>\n<p>La pr\u00e9vision de stabilit\u00e9 de la CRE ne concerne que la part \u00ab\u00a0\u00e9nergie\u00a0\u00bb de la facture. Il faut rester prudent, car deux autres composantes, qui repr\u00e9sentent une part importante du total, pourraient \u00e9voluer. La premi\u00e8re grande inconnue reste <a href=\"https:\/\/selectra.info\/energie\/guides\/comprendre\/taxes\/electricite\" rel=\"nofollow noopener\" target=\"_blank\">la fiscalit\u00e9 sur l&rsquo;\u00e9lectricit\u00e9<\/a>.\u00a0<\/p>\n<p>La pr\u00e9vision de la CRE s&rsquo;entend \u00ab\u00a0\u00e0 fiscalit\u00e9 constante\u00a0\u00bb, mais le gouvernement reste libre de modifier les taux de TVA ou de l&rsquo;accise sur l&rsquo;\u00e9lectricit\u00e9, ce qui aurait un impact direct sur la facture finale.<\/p>\n<p>L&rsquo;autre augmentation, plus pr\u00e9visible, viendra des co\u00fbts de r\u00e9seau. <a href=\"https:\/\/selectra.info\/energie\/guides\/comprendre\/tarifs-acheminement\/turpe\" rel=\"nofollow noopener\" target=\"_blank\">Le Tarif d&rsquo;Utilisation des R\u00e9seaux Publics d&rsquo;\u00c9lectricit\u00e9 (TURPE)<\/a>, qui finance l&rsquo;entretien des lignes \u00e9lectriques, augmente de mani\u00e8re r\u00e9guli\u00e8re pour s&rsquo;adapter aux nouveaux usages et au changement climatique.\u00a0<\/p>\n<p>Selon Le Figaro, la CRE anticipe une hausse contenue, de l&rsquo;ordre de \u00ab\u00a0l&rsquo;inflation + 1 %\u00a0\u00bb, lors de sa prochaine r\u00e9vision en ao\u00fbt 2026, ce qui ajoutera quelques euros \u00e0 la facture annuelle.<\/p>\n<p>  <img decoding=\"async\" class=\"new-ads__card-logo\" src=\"https:\/\/www.europesays.com\/fr\/wp-content\/uploads\/2025\/04\/ampoule-animee.gif\" alt=\"logo\" loading=\"lazy\"\/><\/p>\n<p class=\"new-ads__card-title\">Trouvez un fournisseur moins cher !<\/p>\n<p class=\"new-ads__card-description\">Obtenez votre comparatif par t\u00e9l\u00e9phone avec Selectra<\/p>\n<p>        <img decoding=\"async\" class=\"new-ads__card-logo\" src=\"https:\/\/www.europesays.com\/fr\/wp-content\/uploads\/2025\/06\/primeo-xs.png\" alt=\"logo\" loading=\"lazy\"\/><\/p>\n<p class=\"new-ads__card-title\">L&rsquo;offre du moment \u00e0 -20 % (HT) par rapport au tarif r\u00e9glement\u00e9<\/p>\n<p class=\"new-ads__card-description\">Une offre \u00e0 prix fixe moins ch\u00e8re<\/p>\n<p>      Avez-vous trouv\u00e9 cet article utile ?<\/p>\n<p>0% des 0 votes trouvent l&rsquo;information utile.<\/p>\n","protected":false},"excerpt":{"rendered":"Par Matias Perea Analyste \u00c9nergie Publi\u00e9 le 02\/10\/2025 min de lecture Tous les prix affich\u00e9s sur cette page&hellip;\n","protected":false},"author":2,"featured_media":433855,"comment_status":"","ping_status":"","sticky":false,"template":"","format":"standard","meta":{"footnotes":""},"categories":[6],"tags":[35,33,34,1011,27],"class_list":{"0":"post-433854","1":"post","2":"type-post","3":"status-publish","4":"format-standard","5":"has-post-thumbnail","7":"category-economie","8":"tag-business","9":"tag-economie","10":"tag-economy","11":"tag-fr","12":"tag-france"},"share_on_mastodon":{"url":"https:\/\/pubeurope.com\/@fr\/115305040280234137","error":""},"_links":{"self":[{"href":"https:\/\/www.europesays.com\/fr\/wp-json\/wp\/v2\/posts\/433854","targetHints":{"allow":["GET"]}}],"collection":[{"href":"https:\/\/www.europesays.com\/fr\/wp-json\/wp\/v2\/posts"}],"about":[{"href":"https:\/\/www.europesays.com\/fr\/wp-json\/wp\/v2\/types\/post"}],"author":[{"embeddable":true,"href":"https:\/\/www.europesays.com\/fr\/wp-json\/wp\/v2\/users\/2"}],"replies":[{"embeddable":true,"href":"https:\/\/www.europesays.com\/fr\/wp-json\/wp\/v2\/comments?post=433854"}],"version-history":[{"count":0,"href":"https:\/\/www.europesays.com\/fr\/wp-json\/wp\/v2\/posts\/433854\/revisions"}],"wp:featuredmedia":[{"embeddable":true,"href":"https:\/\/www.europesays.com\/fr\/wp-json\/wp\/v2\/media\/433855"}],"wp:attachment":[{"href":"https:\/\/www.europesays.com\/fr\/wp-json\/wp\/v2\/media?parent=433854"}],"wp:term":[{"taxonomy":"category","embeddable":true,"href":"https:\/\/www.europesays.com\/fr\/wp-json\/wp\/v2\/categories?post=433854"},{"taxonomy":"post_tag","embeddable":true,"href":"https:\/\/www.europesays.com\/fr\/wp-json\/wp\/v2\/tags?post=433854"}],"curies":[{"name":"wp","href":"https:\/\/api.w.org\/{rel}","templated":true}]}}