{"id":433856,"date":"2025-10-02T14:27:14","date_gmt":"2025-10-02T14:27:14","guid":{"rendered":"https:\/\/www.europesays.com\/fr\/433856\/"},"modified":"2025-10-02T14:27:14","modified_gmt":"2025-10-02T14:27:14","slug":"par-crainte-de-la-guerre-la-lituanie-se-met-a-construire-des-abris-antibombes-actualites","status":"publish","type":"post","link":"https:\/\/www.europesays.com\/fr\/433856\/","title":{"rendered":"Par crainte de la guerre, la Lituanie se met \u00e0 construire des abris antibombes : Actualit\u00e9s"},"content":{"rendered":"<p class=\"lead \">Des intrusions r\u00e9centes de drones en Lituanie et chez ses voisins ont suscit\u00e9 des craintes d&rsquo;une attaque russe \u00e0 grande \u00e9chelle, incitant ce pays balte \u00e0 encourager la construction d&rsquo;abris antibombes. <\/p>\n<p class=\"lead \">Tout le monde n&rsquo;a pas encore r\u00e9pondu \u00e0 l&rsquo;appel, mais Vidas Magnavicius accepte de guider une \u00e9quipe de l&rsquo;AFP dans le sous-sol d&rsquo;un immeuble r\u00e9sidentiel \u00e0 Vilnius, que les habitants sont en train d&rsquo;am\u00e9nager en bunker.<\/p>\n<p class=\"lead \">\u00ab\u00a0Les gens voulaient se sentir en s\u00e9curit\u00e9, savoir qu&rsquo;ils pourraient se prot\u00e9ger en cas de bombardements et de la guerre, pendant au moins quelques jours\u00a0\u00bb, explique cet administrateur de l&rsquo;immeuble. <\/p>\n<p class=\"lead \">\u00ab\u00a0Nous avons convenu qu&rsquo;il fallait se pr\u00e9parer\u00a0\u00bb, insiste-t-il, en se rem\u00e9morant une r\u00e9union entre voisins destin\u00e9e \u00e0 dresser un plan d&rsquo;action, peu apr\u00e8s l&rsquo;invasion de l&rsquo;Ukraine par la Russie en f\u00e9vrier 2022. <\/p>\n<p class=\"lead \">La Lituanie, une ancienne r\u00e9publique sovi\u00e9tique devenue membre de l&rsquo;Union europ\u00e9enne et de l&rsquo;Otan, forte de 2,9 millions d&rsquo;habitants, dont une minorit\u00e9 russophone, observe avec anxi\u00e9t\u00e9 le conflit en Ukraine et craint de devenir la prochaine cible. <\/p>\n<p class=\"lead \">Les autorit\u00e9s exhortent les conseils municipaux et les communaut\u00e9s locales \u00e0 acc\u00e9l\u00e9rer la construction d&rsquo;abris. <\/p>\n<p class=\"lead \">\u00ab\u00a0Il existe actuellement 6.453 abris en Lituanie pouvant accueillir environ 1,5 million de personnes, soit environ 54% de la population du pays\u00a0\u00bb, a d\u00e9clar\u00e9 le gouvernement en juin. <\/p>\n<p class=\"lead \">Un peu plus de la moiti\u00e9 des municipalit\u00e9s sont confront\u00e9es \u00e0 un manque d&rsquo;espace dans les abris, et les critiques affirment que beaucoup d&rsquo;abris n&rsquo;existent que sur le papier, peu \u00e9tant r\u00e9ellement pr\u00eats pour les situations de crise. <\/p>\n<p class=\"lead \">&#8211; Parler sans polariser &#8211;<\/p>\n<p class=\"lead \">Vidas Magnavicius et ses voisins comptent sans doute parmi les rares vraiment motiv\u00e9s.<\/p>\n<p class=\"lead \">\u00ab\u00a0Tant qu&rsquo;il n&rsquo;y a pas de drones qui volent au-dessus de nos t\u00eates, personne ne s&rsquo;y int\u00e9resse\u00a0\u00bb, regrette Donatas Gurevicius, repr\u00e9sentant des pompiers et des secours de Lituanie. <\/p>\n<p class=\"lead \">Par ailleurs, les responsables cherchent toujours comment aborder cette question de se pr\u00e9parer \u00e0 l&rsquo;impensable \u2013- \u00e0 la guerre \u2013-, sans polariser la soci\u00e9t\u00e9 et sans \u00eatre accus\u00e9 d&rsquo;attitude belliqueuse. <\/p>\n<p class=\"lead \">\u00ab\u00a0Ce serait aussi irresponsable d&rsquo;agacer les gens avec des discours sur la guerre, mais nous devons tous trouver un moyen d&rsquo;aborder ce sujet tr\u00e8s complexe\u00a0\u00bb, estime M. Gurevicius.<\/p>\n<p class=\"lead \">La municipalit\u00e9 de Vilnius a indiqu\u00e9 \u00e0 l&rsquo;AFP qu&rsquo;elle comptait moderniser 32 abris antibombes de la ville, estimant qu&rsquo;ils devraient \u00eatre pr\u00eats \u00e0 servir dans les 12 heures suivant une urgence. <\/p>\n<p class=\"lead \">Le minist\u00e8re de l&rsquo;Int\u00e9rieur a lanc\u00e9 l&rsquo;ann\u00e9e derni\u00e8re un programme de d\u00e9fense civile, offrant des dizaines de millions d&rsquo;euros aux municipalit\u00e9s pour moderniser leurs abris. <\/p>\n<p class=\"lead \">Le gouvernement souhaiterait que les propri\u00e9taires d&rsquo;immeubles am\u00e9nagent leurs propres abris, ou pr\u00e9parent des pi\u00e8ces s\u00e9curis\u00e9es en tenant compte de ce qui s&rsquo;est pratiqu\u00e9 en Ukraine, comme le fait d&rsquo;avoir au moins deux murs entre la pi\u00e8ce et l&rsquo;ext\u00e9rieur. <\/p>\n<p class=\"lead \">\u00ab\u00a0Les nouveaux immeubles d&rsquo;habitation et les grands b\u00e2timents publics en Lituanie doivent d\u00e9sormais \u00eatre \u00e9quip\u00e9s d&rsquo;abris antibombes, une pratique que des pays bien pr\u00e9par\u00e9s en mati\u00e8re de d\u00e9fense civile, comme la Finlande et la Suisse, appliquent depuis des d\u00e9cennies\u00a0\u00bb, souligne M. Gurevicius. <\/p>\n<p class=\"lead \">M. Magnavicius et ses voisins ont investi plusieurs milliers d&rsquo;euros pour d\u00e9barrasser leur cave, y installer des toilettes et am\u00e9liorer les installations \u00e9lectriques. <\/p>\n<p class=\"lead \">Les autorit\u00e9s et les habitants ont manifest\u00e9 un int\u00e9r\u00eat renouvel\u00e9 pour les abris depuis que deux drones de type Gerbera utilis\u00e9s par la Russie ont p\u00e9n\u00e9tr\u00e9 en Lituanie depuis le B\u00e9larus en juillet, sans faire ni bless\u00e9 ni d\u00e9g\u00e2t. <\/p>\n<p class=\"lead \">&#8211; Situations extr\u00eames &#8211;<\/p>\n<p class=\"lead \">Derni\u00e8rement, plusieurs personnes ont rejoint une formation organis\u00e9e r\u00e9guli\u00e8rement par la Croix-Rouge lituanienne sur \u00ab\u00a0des situations extr\u00eames et les moyens de s&rsquo;y pr\u00e9parer\u00a0\u00bb, indique le guide b\u00e9n\u00e9vole Rokas Dvarvytis.<\/p>\n<p class=\"lead \">On peut y apprendre \u00ab\u00a0\u00e0 reconna\u00eetre les dangers \u00e0 temps, \u00e0 chercher un abri et des provisions\u00a0\u00bb, explique-t-il \u00e0 l&rsquo;AFP.<\/p>\n<p class=\"lead \">La formation aborde aussi les questions de catastrophes environnementales et de menaces nucl\u00e9aires. <\/p>\n<p class=\"lead \">Une participante, Violeta Baranauskiene, pr\u00e9voit de fuir avec ses enfants en cas de guerre, mais son \u00ab\u00a0mari restera pour d\u00e9fendre la Lituanie, comme il se doit\u00a0\u00bb. <\/p>\n<p class=\"lead \">La ville de Vilnius a approuv\u00e9 cette ann\u00e9e un plan d&rsquo;\u00e9vacuations en cas de guerre. Les habitants vuln\u00e9rables seraient \u00e9vacu\u00e9s tandis que ceux capables de combattre aideraient l&rsquo;arm\u00e9e. <\/p>\n<p class=\"lead \">Le minist\u00e8re de l&rsquo;Int\u00e9rieur a publi\u00e9 une carte interactive des abris et des centres d&rsquo;\u00e9vacuation et modernis\u00e9 un site internet qui explique comment survivre au moins 72 heures en cas de crise. <\/p>\n<p class=\"lead \">\u00ab\u00a0Le site existe depuis 2015, mais il n&rsquo;\u00e9tait pas tr\u00e8s populaire\u00a0\u00bb, indique Loreta Naraskevicien\u0117, du d\u00e9partement responsable de la plateforme. \u00ab\u00a0Maintenant l&rsquo;int\u00e9r\u00eat pour le projet grandit\u00a0\u00bb.<\/p>\n<p class=\"small font-weight-bold text-gray3 \"> publi\u00e9 le 2 octobre \u00e0 12h27, AFP<\/p>\n<p>                             Partager<\/p>\n","protected":false},"excerpt":{"rendered":"Des intrusions r\u00e9centes de drones en Lituanie et chez ses voisins ont suscit\u00e9 des craintes d&rsquo;une attaque russe&hellip;\n","protected":false},"author":2,"featured_media":433857,"comment_status":"","ping_status":"","sticky":false,"template":"","format":"standard","meta":{"footnotes":""},"categories":[5],"tags":[11,2120,19711,1011,27,14,2050,12,132,7342,28],"class_list":{"0":"post-433856","1":"post","2":"type-post","3":"status-publish","4":"format-standard","5":"has-post-thumbnail","7":"category-international","8":"tag-actualites","9":"tag-conflit","10":"tag-dfense","11":"tag-fr","12":"tag-france","13":"tag-international","14":"tag-lituanie","15":"tag-news","16":"tag-russie","17":"tag-secours","18":"tag-world"},"share_on_mastodon":{"url":"https:\/\/pubeurope.com\/@fr\/115305044116279765","error":""},"_links":{"self":[{"href":"https:\/\/www.europesays.com\/fr\/wp-json\/wp\/v2\/posts\/433856","targetHints":{"allow":["GET"]}}],"collection":[{"href":"https:\/\/www.europesays.com\/fr\/wp-json\/wp\/v2\/posts"}],"about":[{"href":"https:\/\/www.europesays.com\/fr\/wp-json\/wp\/v2\/types\/post"}],"author":[{"embeddable":true,"href":"https:\/\/www.europesays.com\/fr\/wp-json\/wp\/v2\/users\/2"}],"replies":[{"embeddable":true,"href":"https:\/\/www.europesays.com\/fr\/wp-json\/wp\/v2\/comments?post=433856"}],"version-history":[{"count":0,"href":"https:\/\/www.europesays.com\/fr\/wp-json\/wp\/v2\/posts\/433856\/revisions"}],"wp:featuredmedia":[{"embeddable":true,"href":"https:\/\/www.europesays.com\/fr\/wp-json\/wp\/v2\/media\/433857"}],"wp:attachment":[{"href":"https:\/\/www.europesays.com\/fr\/wp-json\/wp\/v2\/media?parent=433856"}],"wp:term":[{"taxonomy":"category","embeddable":true,"href":"https:\/\/www.europesays.com\/fr\/wp-json\/wp\/v2\/categories?post=433856"},{"taxonomy":"post_tag","embeddable":true,"href":"https:\/\/www.europesays.com\/fr\/wp-json\/wp\/v2\/tags?post=433856"}],"curies":[{"name":"wp","href":"https:\/\/api.w.org\/{rel}","templated":true}]}}