{"id":433858,"date":"2025-10-02T14:28:10","date_gmt":"2025-10-02T14:28:10","guid":{"rendered":"https:\/\/www.europesays.com\/fr\/433858\/"},"modified":"2025-10-02T14:28:10","modified_gmt":"2025-10-02T14:28:10","slug":"dans-quelles-conditions-nicolas-sarkozy-sera-t-il-incarcere-liberation","status":"publish","type":"post","link":"https:\/\/www.europesays.com\/fr\/433858\/","title":{"rendered":"Dans quelles conditions Nicolas Sarkozy sera-t-il incarc\u00e9r\u00e9\u00a0? \u2013 Lib\u00e9ration"},"content":{"rendered":"<p class=\"sc-cPiKLX AiZTS text-element\">Reconnu <a href=\"https:\/\/www.liberation.fr\/societe\/police-justice\/proces-du-financement-libyen-lancien-president-de-la-republique-nicolas-sarkozy-reconnu-coupable-dassociation-de-malfaiteurs-20250925_XBFA2EH57BD2LPZ425EDRZG3OE\/\" target=\"_blank\" rel=\"noreferrer noopener\" title=\"https:\/\/www.liberation.fr\/societe\/police-justice\/proces-du-financement-libyen-lancien-president-de-la-republique-nicolas-sarkozy-reconnu-coupable-dassociation-de-malfaiteurs-20250925_XBFA2EH57BD2LPZ425EDRZG3OE\/\">coupable d\u2019association de malfaiteurs<\/a>, Nicolas Sarkozy a \u00e9t\u00e9 condamn\u00e9 jeudi 25 septembre \u00e0 cinq ans de prison <a href=\"https:\/\/www.liberation.fr\/societe\/police-justice\/mandat-de-depot-a-effet-differe-execution-provisoire-appel-les-questions-apres-le-jugement-de-sarkozy-20250925_MMUTWDDXRZEF7DNB2JIMJPH74E\/\" target=\"_blank\" rel=\"noreferrer noopener\" title=\"https:\/\/www.liberation.fr\/societe\/police-justice\/mandat-de-depot-a-effet-differe-execution-provisoire-appel-les-questions-apres-le-jugement-de-sarkozy-20250925_MMUTWDDXRZEF7DNB2JIMJPH74E\/\">avec mandat de d\u00e9p\u00f4t \u00e0 effet diff\u00e9r\u00e9<\/a>, assorti de l\u2019ex\u00e9cution provisoire. Concr\u00e8tement, cela signifie qu\u2019en d\u00e9pit de l\u2019appel qu\u2019il a aussit\u00f4t interjet\u00e9, la peine d\u2019emprisonnement n\u2019est pas suspendue dans l\u2019attente d\u2019un nouveau proc\u00e8s. Non incarc\u00e9r\u00e9 \u00e0 l\u2019issue de l\u2019audience, il b\u00e9n\u00e9ficie d\u2019un court d\u00e9lai pour se pr\u00e9parer \u00e0 une d\u00e9tention qui aura bel et bien lieu. Les modalit\u00e9s de son s\u00e9jour en prison seront fix\u00e9es le 13 octobre, date \u00e0 laquelle l\u2019ancien pr\u00e9sident de la R\u00e9 <\/p>\n","protected":false},"excerpt":{"rendered":"Reconnu coupable d\u2019association de malfaiteurs, Nicolas Sarkozy a \u00e9t\u00e9 condamn\u00e9 jeudi 25 septembre \u00e0 cinq ans de prison&hellip;\n","protected":false},"author":2,"featured_media":433859,"comment_status":"","ping_status":"","sticky":false,"template":"","format":"standard","meta":{"footnotes":""},"categories":[4],"tags":[11,1011,27,12,3091,899,25,5062],"class_list":{"0":"post-433858","1":"post","2":"type-post","3":"status-publish","4":"format-standard","5":"has-post-thumbnail","7":"category-france","8":"tag-actualites","9":"tag-fr","10":"tag-france","11":"tag-news","12":"tag-nicolas-sarkozy","13":"tag-prisons","14":"tag-republique-francaise","15":"tag-sarkozy-face-a-la-justice"},"share_on_mastodon":{"url":"https:\/\/pubeurope.com\/@fr\/115305047955345282","error":""},"_links":{"self":[{"href":"https:\/\/www.europesays.com\/fr\/wp-json\/wp\/v2\/posts\/433858","targetHints":{"allow":["GET"]}}],"collection":[{"href":"https:\/\/www.europesays.com\/fr\/wp-json\/wp\/v2\/posts"}],"about":[{"href":"https:\/\/www.europesays.com\/fr\/wp-json\/wp\/v2\/types\/post"}],"author":[{"embeddable":true,"href":"https:\/\/www.europesays.com\/fr\/wp-json\/wp\/v2\/users\/2"}],"replies":[{"embeddable":true,"href":"https:\/\/www.europesays.com\/fr\/wp-json\/wp\/v2\/comments?post=433858"}],"version-history":[{"count":0,"href":"https:\/\/www.europesays.com\/fr\/wp-json\/wp\/v2\/posts\/433858\/revisions"}],"wp:featuredmedia":[{"embeddable":true,"href":"https:\/\/www.europesays.com\/fr\/wp-json\/wp\/v2\/media\/433859"}],"wp:attachment":[{"href":"https:\/\/www.europesays.com\/fr\/wp-json\/wp\/v2\/media?parent=433858"}],"wp:term":[{"taxonomy":"category","embeddable":true,"href":"https:\/\/www.europesays.com\/fr\/wp-json\/wp\/v2\/categories?post=433858"},{"taxonomy":"post_tag","embeddable":true,"href":"https:\/\/www.europesays.com\/fr\/wp-json\/wp\/v2\/tags?post=433858"}],"curies":[{"name":"wp","href":"https:\/\/api.w.org\/{rel}","templated":true}]}}