{"id":433881,"date":"2025-10-02T14:40:16","date_gmt":"2025-10-02T14:40:16","guid":{"rendered":"https:\/\/www.europesays.com\/fr\/433881\/"},"modified":"2025-10-02T14:40:16","modified_gmt":"2025-10-02T14:40:16","slug":"je-suis-dans-la-rue-pour-ne-pas-etre-resignee-3-000-manifestants-a-grenoble","status":"publish","type":"post","link":"https:\/\/www.europesays.com\/fr\/433881\/","title":{"rendered":"\u00ab Je suis dans la rue pour ne pas \u00eatre r\u00e9sign\u00e9e \u00bb, 3 000 manifestants \u00e0 Grenoble"},"content":{"rendered":"<p>Le Syndicat mixte des mobilit\u00e9s de <strong>l\u2019aire grenobloise<\/strong> (Smmag) annonce des fr\u00e9quences r\u00e9duites <a href=\"https:\/\/www.ledauphine.com\/transport\/2025\/10\/01\/isere-greve-du-2-octobre-quelles-perturbations-attendues-sur-le-reseau-de-transports-en-commun\" target=\"_blank\" rel=\"noopener\">sur de nombreuses lignes de tram et de bus<\/a>.<\/p>\n<p>Du c\u00f4t\u00e9 du tramway, les lignes A, B et C circuleront, mais avec des passages moins fr\u00e9quents : toutes les 5 minutes pour la A, toutes les 6 minutes pour la B et toutes les 7 minutes pour la C. La ligne D sera quant \u00e0 elle partiellement assur\u00e9e, uniquement entre les arr\u00eats \u00c9tienne-Grappe et Universit\u00e9-Les Taill\u00e9es. La ligne E fonctionnera toutes les 8 minutes environ.<\/p>\n<p>Dans le secteur de <strong>Vienne Condrieu Agglom\u00e9ration<\/strong>, compte tenu de la manifestation pr\u00e9vue dans Vienne, des perturbations sur la totalit\u00e9 du r\u00e9seau de bus L&rsquo;va sont annonc\u00e9es entre 9 et 12h.<\/p>\n<p>\u00c0 <strong>Bourgoin-Jallieu<\/strong>, o\u00f9 une manifestation est \u00e9galement pr\u00e9vue, des perturbations dans les transports en commun seront notables, de 10 \u00e0 13 heures, particuli\u00e8rement\u00a0 sur les lignes 1, 2, 3, 4 et 9.<\/p>\n","protected":false},"excerpt":{"rendered":"Le Syndicat mixte des mobilit\u00e9s de l\u2019aire grenobloise (Smmag) annonce des fr\u00e9quences r\u00e9duites sur de nombreuses lignes de&hellip;\n","protected":false},"author":2,"featured_media":433882,"comment_status":"","ping_status":"","sticky":false,"template":"","format":"standard","meta":{"footnotes":""},"categories":[9566],"tags":[1111,11,2430,12919,9671,115,112,113,116,111,114,1777,674,1011,27,2731,108,12,25,15282,801,1584,7831],"class_list":{"0":"post-433881","1":"post","2":"type-post","3":"status-publish","4":"format-standard","5":"has-post-thumbnail","7":"category-grenoble","8":"tag-actu","9":"tag-actualites","10":"tag-auvergne-rhone-alpes","11":"tag-bourgoin-jallieu","12":"tag-conflit-social","13":"tag-edition-bourgoin-jallieu-nord-dauphine","14":"tag-edition-grenoble-agglomeration","15":"tag-edition-gresivaudan-oisans","16":"tag-edition-la-tour-du-pin-nord-dauphine","17":"tag-edition-vienne-roussillon","18":"tag-edition-voiron-saint-marcellin","19":"tag-eu","20":"tag-europe","21":"tag-fr","22":"tag-france","23":"tag-grenoble","24":"tag-isere","25":"tag-news","26":"tag-republique-francaise","27":"tag-roussillon","28":"tag-social","29":"tag-vienne","30":"tag-voiron"},"share_on_mastodon":{"url":"https:\/\/pubeurope.com\/@fr\/115305095153708298","error":""},"_links":{"self":[{"href":"https:\/\/www.europesays.com\/fr\/wp-json\/wp\/v2\/posts\/433881","targetHints":{"allow":["GET"]}}],"collection":[{"href":"https:\/\/www.europesays.com\/fr\/wp-json\/wp\/v2\/posts"}],"about":[{"href":"https:\/\/www.europesays.com\/fr\/wp-json\/wp\/v2\/types\/post"}],"author":[{"embeddable":true,"href":"https:\/\/www.europesays.com\/fr\/wp-json\/wp\/v2\/users\/2"}],"replies":[{"embeddable":true,"href":"https:\/\/www.europesays.com\/fr\/wp-json\/wp\/v2\/comments?post=433881"}],"version-history":[{"count":0,"href":"https:\/\/www.europesays.com\/fr\/wp-json\/wp\/v2\/posts\/433881\/revisions"}],"wp:featuredmedia":[{"embeddable":true,"href":"https:\/\/www.europesays.com\/fr\/wp-json\/wp\/v2\/media\/433882"}],"wp:attachment":[{"href":"https:\/\/www.europesays.com\/fr\/wp-json\/wp\/v2\/media?parent=433881"}],"wp:term":[{"taxonomy":"category","embeddable":true,"href":"https:\/\/www.europesays.com\/fr\/wp-json\/wp\/v2\/categories?post=433881"},{"taxonomy":"post_tag","embeddable":true,"href":"https:\/\/www.europesays.com\/fr\/wp-json\/wp\/v2\/tags?post=433881"}],"curies":[{"name":"wp","href":"https:\/\/api.w.org\/{rel}","templated":true}]}}