{"id":433887,"date":"2025-10-02T14:43:17","date_gmt":"2025-10-02T14:43:17","guid":{"rendered":"https:\/\/www.europesays.com\/fr\/433887\/"},"modified":"2025-10-02T14:43:17","modified_gmt":"2025-10-02T14:43:17","slug":"entre-rennes-et-le-havre-une-histoire-de-gardiens","status":"publish","type":"post","link":"https:\/\/www.europesays.com\/fr\/433887\/","title":{"rendered":"Entre Rennes et Le Havre, une histoire de gardiens"},"content":{"rendered":"<p><strong>Brice Samba<\/strong><br \/>Stade Rennais F.C., depuis janvier<br \/>Le Havre AC, 2006-2013<\/p>\n<p>Enr\u00f4l\u00e9 au mercato hivernal 2025, Brice Samba d\u00e9barque \u00e0 Rennes aur\u00e9ol\u00e9 du statut de gardien international, f\u00e9lin sur sa ligne et particuli\u00e8rement incontournable dans l\u2019exercice des p\u00e9naltys. N\u00e9 \u00e0 Linzolo au Congo, le portier a grandi \u00e0 quelques encablures des terres rennaises, en Normandie. Ce gaucher de la g\u00e9n\u00e9ration 94 d\u00e9bute \u00e0 Pacy Vall\u00e9e d\u2019Eure puis \u00e0 \u00c9vreux avant de rejoindre le centre de formation havrais en 2006. Pass\u00e9 professionnel \u00e0 16 ans, il bat le record de pr\u00e9cocit\u00e9 d\u2019un contrat professionnel au HAC \u00e0 l\u2019\u00e9poque, jouera deux matchs de Coupe de France avant de s\u2019en aller pour Marseille et de r\u00e9aliser une carri\u00e8re de tr\u00e8s haut niveau. Jusqu\u2019\u00e0 l\u2019\u00c9quipe de France, en fier \u00e9tendard de la formation normande.<\/p>\n<p>\u00a0<\/p>\n<p><img decoding=\"async\" class=\"picture\" src=\"https:\/\/www.europesays.com\/fr\/wp-content\/uploads\/2025\/10\/090825amical_rennes_genoa99.jpg.webp\" alt=\"Brice Samba, Stade Rennais F.C.\" loading=\"lazy\"\/>\u00a9 Stade Rennais F.C. \/ Ouest M\u00e9dias<\/p>\n<p>\u00a0<\/p>\n<p><strong>Steve Mandanda<\/strong><br \/>Stade Rennais F.C., 2022-2025<br \/>Le Havre AC, 2000-2008<\/p>\n<p>Les carri\u00e8res de Brice Samba et Steve Mandanda comportent de nombreuses similitudes. D\u00e9buts \u00e0 \u00c9vreux, centre de formation du HAC, Marseille, Rennes bien s\u00fbr et l\u2019\u00c9quipe de France. C\u2019est au Havre que Steve Mandanda f\u00eate ses premiers matchs en professionnel, en Coupe de France puis en Ligue 2. Class\u00e9 parmi les meilleurs espoirs du championnat \u00e0 19 ans, le futur champion du Monde pose les bases d\u2019un parcours immense. Pr\u00eat\u00e9 \u00e0 Marseille en 2007 apr\u00e8s 72 matchs \u00e0 d\u00e9fendre le maillot du plus vieux club fran\u00e7ais, il deviendra ensuite une l\u00e9gende phoc\u00e9enne avant de rejoindre le SRFC en 2022.<\/p>\n<p>\u00a0<\/p>\n<p><strong>Abdoulaye Diallo<\/strong><br \/>Stade Rennais F.C., 2007-2019<br \/>Le Havre AC, 2014-2015<\/p>\n<p>Promesse au poste de gardien de but, Abdoulaye Diallo rejoint le centre de formation rennais en 2007 apr\u00e8s son cursus \u00e0 l\u2019INF Clairefontaine. Surclass\u00e9 en Gambardella, il progresse rapidement et jouera \u00e0 17 ans, face \u00e0 l\u2019OL, son premier match dans l\u2019\u00c9lite en suppl\u00e9ant Nicolas Douchez. Vainqueur de l\u2019Euro U19 en 2010 avec un an d\u2019avance, il s\u2019impose comme un pilier de l\u2019\u00e9quipe CFA Rouge et Noir puis deviendra la doublure de Beno\u00eet Costil. Pr\u00eat\u00e9 au Havre, il assure dans les buts normands pendant dix-huit mois. Titulaire avec le SRFC \u00e0 son retour, il sera contraint, touch\u00e9 aux adducteurs, de c\u00e9der sa place \u00e0 Tom\u00e1\u0161 Koubek avant de rejoindre la Turquie en 2019. Abdoulaye Diallo compte notamment 17 s\u00e9lections avec le S\u00e9n\u00e9gal.<\/p>\n<p>\u00a0<\/p>\n<p><img decoding=\"async\" class=\"picture\" src=\"https:\/\/www.europesays.com\/fr\/wp-content\/uploads\/2025\/10\/131217rennes.marseille108-2.jpg.webp\" alt=\"Abdoulaye Diallo, Stade Rennais F.C.\" loading=\"lazy\"\/>\u00a9 Stade Rennais F.C. \/ Ouest M\u00e9dias<\/p>\n<p>\u00a0<\/p>\n<p><strong>Nicolas Douchez<\/strong><br \/>Stade Rennais F.C., 2008-2011<br \/>Le Havre AC, 1996-2004<\/p>\n<p>Former des gardiens, le Havre en a fait un savoir-faire, Nicolas Douchez, figure de la Ligue 1, ne le contredira pas. Hacmen pendant trois ans, il joue un match en professionnel avant d\u2019\u00eatre pr\u00eat\u00e9 \u00e0 Ch\u00e2teauroux. R\u00e9v\u00e9l\u00e9 \u00e0 Toulouse, il \u00e9volue ensuite pendant trois saisons avec les Rouge et Noir pour 129 matchs jou\u00e9s jusqu\u2019aux portes de l\u2019\u00c9quipe de France avec une convocation de Laurent Blanc. C\u2019est en 2011 qu\u2019il rallie Paris puis Lens. Depuis 2022, Nicolas Douchez fait partie du staff havrais en tant qu\u2019entra\u00eeneur des gardiens.<\/p>\n<p>\u00a0<\/p>\n<p><img decoding=\"async\" class=\"picture\" src=\"https:\/\/www.europesays.com\/fr\/wp-content\/uploads\/2025\/10\/210511rennes.nancy45-2.jpg.webp\" alt=\"Nicolas Douchez, Stade Rennais F.C.\" loading=\"lazy\"\/>\u00a9 Stade Rennais F.C. \/ Ouest M\u00e9dias<\/p>\n<p>\u00a0<\/p>\n<p><strong>Georges Lamia<\/strong><br \/>Stade Rennais UC, 1964-1966<br \/>Le Havre AC, 1963-1964<\/p>\n<p>N\u00e9 en Alg\u00e9rie, Georges Lamia s\u2019illustre sous le maillot ni\u00e7ois. Champion de France en 1959, il participe \u00e0 l\u2019Euro 1960 avec l\u2019\u00c9quipe de France. Pass\u00e9 au Havre au cours de la saison 63-64, ce gardien d\u20191 m\u00e8tre 70 \u00e9volue ensuite \u00e0 Rennes pendant deux saisons. Sous le maillot breton, il participe \u00e0 71 matchs en \u00e9tant notamment titulaire lors de la finale de la Coupe de France 65, remport\u00e9e par les Rouge et Noir. La fin de son passage au SRUC sonne \u00e9galement le glas de sa carri\u00e8re professionnelle. Georges Lamia jouera toutefois jusqu\u2019\u00e0 53 ans au niveau amateur, \u00e0 Cagnes-sur-Mer et \u00e0 Villeneuve-Loubet.<\/p>\n<p>\u00a0<\/p>\n<p><strong>Jean Gonzales<\/strong><br \/>Stade Rennais UC, 1945-1946<br \/>Le Havre AC, 1946-1947<\/p>\n<p>N\u00e9 en 1915, Jean Gonzales est le premier portier \u00e0 avoir jou\u00e9 \u00e0 Rennes et au Havre. Gardien du SRUC en apr\u00e8s-guerre, il participe \u00e0 49 matchs entre ao\u00fbt 45 et juin 46 avant de signer en Normandie. Le Havre sera l\u2019ultime club de son parcours professionnel.<\/p>\n","protected":false},"excerpt":{"rendered":"Brice SambaStade Rennais F.C., depuis janvierLe Havre AC, 2006-2013 Enr\u00f4l\u00e9 au mercato hivernal 2025, Brice Samba d\u00e9barque \u00e0&hellip;\n","protected":false},"author":2,"featured_media":433888,"comment_status":"","ping_status":"","sticky":false,"template":"","format":"standard","meta":{"footnotes":""},"categories":[2821],"tags":[1111,11,829,1777,674,1011,27,12,584,25],"class_list":{"0":"post-433887","1":"post","2":"type-post","3":"status-publish","4":"format-standard","5":"has-post-thumbnail","7":"category-rennes","8":"tag-actu","9":"tag-actualites","10":"tag-bretagne","11":"tag-eu","12":"tag-europe","13":"tag-fr","14":"tag-france","15":"tag-news","16":"tag-rennes","17":"tag-republique-francaise"},"share_on_mastodon":{"url":"https:\/\/pubeurope.com\/@fr\/115305108030583905","error":""},"_links":{"self":[{"href":"https:\/\/www.europesays.com\/fr\/wp-json\/wp\/v2\/posts\/433887","targetHints":{"allow":["GET"]}}],"collection":[{"href":"https:\/\/www.europesays.com\/fr\/wp-json\/wp\/v2\/posts"}],"about":[{"href":"https:\/\/www.europesays.com\/fr\/wp-json\/wp\/v2\/types\/post"}],"author":[{"embeddable":true,"href":"https:\/\/www.europesays.com\/fr\/wp-json\/wp\/v2\/users\/2"}],"replies":[{"embeddable":true,"href":"https:\/\/www.europesays.com\/fr\/wp-json\/wp\/v2\/comments?post=433887"}],"version-history":[{"count":0,"href":"https:\/\/www.europesays.com\/fr\/wp-json\/wp\/v2\/posts\/433887\/revisions"}],"wp:featuredmedia":[{"embeddable":true,"href":"https:\/\/www.europesays.com\/fr\/wp-json\/wp\/v2\/media\/433888"}],"wp:attachment":[{"href":"https:\/\/www.europesays.com\/fr\/wp-json\/wp\/v2\/media?parent=433887"}],"wp:term":[{"taxonomy":"category","embeddable":true,"href":"https:\/\/www.europesays.com\/fr\/wp-json\/wp\/v2\/categories?post=433887"},{"taxonomy":"post_tag","embeddable":true,"href":"https:\/\/www.europesays.com\/fr\/wp-json\/wp\/v2\/tags?post=433887"}],"curies":[{"name":"wp","href":"https:\/\/api.w.org\/{rel}","templated":true}]}}