{"id":433891,"date":"2025-10-02T14:45:15","date_gmt":"2025-10-02T14:45:15","guid":{"rendered":"https:\/\/www.europesays.com\/fr\/433891\/"},"modified":"2025-10-02T14:45:15","modified_gmt":"2025-10-02T14:45:15","slug":"pere-de-famille-il-entretenait-une-liaison-avec-une-ado-de-14-ans-sur-fond-de-cocaine","status":"publish","type":"post","link":"https:\/\/www.europesays.com\/fr\/433891\/","title":{"rendered":"p\u00e8re de famille, il entretenait une liaison avec une\u00a0ado\u00a0de\u00a014\u00a0ans sur fond de coca\u00efne"},"content":{"rendered":"<p>            Par<br \/>\n        <strong><br \/>\n            <a href=\"https:\/\/actu.fr\/auteur\/redaction-strasbourg\" title=\"Consulter tous les articles de R\u00e9daction Strasbourg\" target=\"_blank\" rel=\"noopener\">R\u00e9daction Strasbourg<\/a><br \/>\n        <\/strong><\/p>\n<p>        Publi\u00e9 le<\/p>\n<p>            2 oct. 2025 \u00e0 16h37        <\/p>\n<p>Un homme de 36 ans a \u00e9t\u00e9 condamn\u00e9 mercredi par le tribunal correctionnel de Strasbourg \u00e0 800 euros d\u2019<a href=\"https:\/\/actu.fr\/tag\/amendes\" target=\"_blank\" rel=\"noopener\">amende<\/a> pour usage de <strong>stup\u00e9fiants<\/strong>. Ce p\u00e8re de famille consommait de la <strong>coca\u00efne<\/strong> et <strong>entretenait une liaison avec une mineure.<\/strong><\/p>\n<p class=\" wall-content\">Ce p\u00e8re de plusieurs enfants, \u00e2g\u00e9 de 30 ans au moment des faits, a entretenu durant plusieurs mois entre 2018 et 2019 <strong>des relations sexuelles avec une adolescente de 14 ans<\/strong>.<\/p>\n<p class=\" wall-content\">Ensemble, ils consommaient de la coca\u00efne dans plusieurs communes du <a href=\"https:\/\/actu.fr\/grand-est\/bas-rhin_67\" target=\"_blank\" rel=\"noopener\">Bas-Rhin<\/a> et de <a href=\"https:\/\/actu.fr\/grand-est\/moselle_57\" target=\"_blank\" rel=\"noopener\">Moselle<\/a>.<\/p>\n<p>Une liaison sur fond de consommation de coca\u00efne<\/p>\n<p class=\" wall-content\">La jeune femme, d\u00e9j\u00e0 consommatrice d\u2019alcool et d\u2019autres substances, a expliqu\u00e9 avoir entretenu la relation pour avoir acc\u00e8s au produit stup\u00e9fiant.<\/p>\n<p class=\" wall-content\">\u00ab Il la fournissait en coca\u00efne et <strong>c\u2019est pour \u00e7a qu\u2019elle retournait vers lui<\/strong> \u00bb, a argu\u00e9 le procureur Alban Gesbert, qui a requis envers le pr\u00e9venu huit mois de prison ferme.<\/p>\n<p class=\" wall-content\">\u00ab<strong> Elle n\u2019avait pas besoin de monsieur pour se fournir en coca\u00efne<\/strong> \u00bb, a r\u00e9torqu\u00e9 l\u2019avocate de ce m\u00eame pr\u00e9venu.<\/p>\n<p>Votre r\u00e9gion, votre actu !<\/p>\n<p>Recevez chaque jour les infos qui comptent pour vous.<\/p>\n<p>\t<a href=\"https:\/\/actu.fr\/newsletter\" class=\"ac-btn ac-btn--corner ac-btn--medium ac-btn--blue800\" target=\"_blank\" rel=\"noopener\">S&rsquo;incrire<\/a><br \/>\nLe pr\u00e9venu relax\u00e9<\/p>\n<p class=\" wall-content\">L\u2019homme, p\u00e8re d\u2019un gar\u00e7on de 13 ans au moment des faits, et absent durant l\u2019audience, n\u2019a pas contest\u00e9 la consommation et les relations extra-conjugales avec l\u2019adolescente,<strong> mais a ni\u00e9 l\u2019avoir incit\u00e9e<\/strong>. \u00ab C\u2019est une jeune fille qui allait mal et avait besoin d\u2019attention, <strong>c\u2019est parole contre parole<\/strong> \u00bb, a assur\u00e9 l\u2019avocate de la d\u00e9fense, Me Juliette Thomann.<\/p>\n<p class=\" wall-content\"><strong>Relax\u00e9 pour les faits de provocation directe, l\u2019homme a \u00e9cop\u00e9 de 800 euros d\u2019amende pour usage de coca\u00efne<\/strong>.<\/p>\n<p class=\" wall-content\"><strong>Olivia Kouassi<\/strong><\/p>\n<p class=\" wall-content\">Personnalisez votre actualit\u00e9 en ajoutant vos villes et m\u00e9dias en favori avec <a href=\"https:\/\/moncompte.actu.fr\" title=\"D\u00e9couvez Mon Actu\" rel=\"nofollow noopener\" data-trk=\"{&quot;cta&quot;:{&quot;action&quot;:&quot;https:\\\/\\\/moncompte.actu.fr&quot;,&quot;category&quot;:&quot;mon compte&quot;,&quot;from&quot;:&quot;article footer&quot;,&quot;name&quot;:&quot;Mon actu&quot;,&quot;type&quot;:&quot;cta&quot;}}\" target=\"_blank\">Mon Actu<\/a>.<\/p>\n","protected":false},"excerpt":{"rendered":"Par R\u00e9daction Strasbourg Publi\u00e9 le 2 oct. 2025 \u00e0 16h37 Un homme de 36 ans a \u00e9t\u00e9 condamn\u00e9&hellip;\n","protected":false},"author":2,"featured_media":433892,"comment_status":"","ping_status":"","sticky":false,"template":"","format":"standard","meta":{"footnotes":""},"categories":[2820],"tags":[1111,11,7622,1777,674,118,1011,27,775,303,12,25,640],"class_list":{"0":"post-433891","1":"post","2":"type-post","3":"status-publish","4":"format-standard","5":"has-post-thumbnail","7":"category-strasbourg","8":"tag-actu","9":"tag-actualites","10":"tag-amendes","11":"tag-eu","12":"tag-europe","13":"tag-faits-divers","14":"tag-fr","15":"tag-france","16":"tag-grand-est","17":"tag-justice","18":"tag-news","19":"tag-republique-francaise","20":"tag-strasbourg"},"share_on_mastodon":{"url":"https:\/\/pubeurope.com\/@fr\/115305114729917915","error":""},"_links":{"self":[{"href":"https:\/\/www.europesays.com\/fr\/wp-json\/wp\/v2\/posts\/433891","targetHints":{"allow":["GET"]}}],"collection":[{"href":"https:\/\/www.europesays.com\/fr\/wp-json\/wp\/v2\/posts"}],"about":[{"href":"https:\/\/www.europesays.com\/fr\/wp-json\/wp\/v2\/types\/post"}],"author":[{"embeddable":true,"href":"https:\/\/www.europesays.com\/fr\/wp-json\/wp\/v2\/users\/2"}],"replies":[{"embeddable":true,"href":"https:\/\/www.europesays.com\/fr\/wp-json\/wp\/v2\/comments?post=433891"}],"version-history":[{"count":0,"href":"https:\/\/www.europesays.com\/fr\/wp-json\/wp\/v2\/posts\/433891\/revisions"}],"wp:featuredmedia":[{"embeddable":true,"href":"https:\/\/www.europesays.com\/fr\/wp-json\/wp\/v2\/media\/433892"}],"wp:attachment":[{"href":"https:\/\/www.europesays.com\/fr\/wp-json\/wp\/v2\/media?parent=433891"}],"wp:term":[{"taxonomy":"category","embeddable":true,"href":"https:\/\/www.europesays.com\/fr\/wp-json\/wp\/v2\/categories?post=433891"},{"taxonomy":"post_tag","embeddable":true,"href":"https:\/\/www.europesays.com\/fr\/wp-json\/wp\/v2\/tags?post=433891"}],"curies":[{"name":"wp","href":"https:\/\/api.w.org\/{rel}","templated":true}]}}