{"id":433903,"date":"2025-10-02T14:51:18","date_gmt":"2025-10-02T14:51:18","guid":{"rendered":"https:\/\/www.europesays.com\/fr\/433903\/"},"modified":"2025-10-02T14:51:18","modified_gmt":"2025-10-02T14:51:18","slug":"le-meilleur-parc-a-theme-du-monde-se-trouve-a-3-h-de-bordeaux","status":"publish","type":"post","link":"https:\/\/www.europesays.com\/fr\/433903\/","title":{"rendered":"Le meilleur parc \u00e0 th\u00e8me du monde se trouve \u00e0 3 h de Bordeaux"},"content":{"rendered":"<p>\ud83d\udd52 Article publi\u00e9 le 2 octobre 2025<br \/>&#13;<br \/>\n\u2705 Mis \u00e0 jour le 2 octobre 2025<\/p>\n<p>Non, il ne s\u2019agit pas de Disneyland ni d\u2019un parc d\u2019attractions classique\u2026 mais bien du <strong>Puy du Fou<\/strong>. En Vend\u00e9e, \u00e0 environ trois heures de Bordeaux, le site propose des <strong>spectacles grandioses<\/strong> o\u00f9 l\u2019histoire prend vie. Des chevaliers au galop jusqu\u2019aux envol\u00e9es de rapaces, le parc ne cesse de surprendre et r\u00e9serve chaque ann\u00e9e de nouvelles surprises. Envie d\u2019en prendre plein les yeux ? Embarquez pour le Puy du Fou, le <strong>meilleur parc \u00e0 th\u00e8me du monde<\/strong>.<\/p>\n<p>Le Puy du Fou fait partie des meilleurs parcs au monde \u00a9 Audin<\/p>\n<p>Un parc m\u00e9di\u00e9val pas comme les autres<\/p>\n<p>Cr\u00e9\u00e9 en <strong>Vend\u00e9e<\/strong>, \u00e0 Les \u00c9pesses, le Puy du Fou n\u2019est pas un parc d\u2019attractions comme les autres. Il propose une immersion totale dans les grandes \u00e9poques de l\u2019histoire, de l\u2019Antiquit\u00e9 \u00e0 la Renaissance, en passant par les guerres de Vend\u00e9e. Avec<strong> plusieurs centaines de com\u00e9diens<\/strong>, cascadeurs et animaux dress\u00e9s, le parc propose des shows spectaculaires. Plus qu\u2019un simple divertissement, c\u2019est une plong\u00e9e dans l\u2019histoire.<\/p>\n<p>L\u2019histoire du Puy du Fou<\/p>\n<p>Bien que le concept du parc soit rest\u00e9 le m\u00eame au fil des ann\u00e9es, le <strong>format<\/strong> a quant \u00e0 lui \u00e9volu\u00e9 :<\/p>\n<ul>\n<li><strong>13 juin 1977 :<\/strong> D\u00e9couverte du ch\u00e2teau en ruines qui donnera naissance au projet.<\/li>\n<li><strong>1978 :<\/strong> Premi\u00e8re Cin\u00e9sc\u00e9nie, un succ\u00e8s imm\u00e9diat.<\/li>\n<li><strong>1989 :<\/strong> Ouverture du Grand Parc avec des spectacles en journ\u00e9e.<\/li>\n<li><strong>2012 :<\/strong> Inauguration du premier h\u00f4tel th\u00e9matique, la Villa Gallo-Romaine.<\/li>\n<li><strong>2023 :<\/strong> Lancement du spectacle Le Mime et l\u2019\u00c9toile, hommage au cin\u00e9ma muet.<\/li>\n<li><strong>2025 :<\/strong> Annonc\u00e9 : un grand spectacle maritime in\u00e9dit, encore plus spectaculaire.<\/li>\n<\/ul>\n<p><img loading=\"lazy\" decoding=\"async\" aria-describedby=\"caption-attachment-30042\" class=\"size-full wp-image-30042 lazyload ewww_webp_lazy_load\" src=\"https:\/\/www.europesays.com\/fr\/wp-content\/uploads\/2025\/10\/puy-du-fou-vikings.jpg\" alt=\"Spectacle pyrotechnique lors de l'assaut des vikings au Puy du Fou\" width=\"1200\" height=\"675\" style=\"--smush-placeholder-width: 1200px; --smush-placeholder-aspect-ratio: 1200\/675;\" src-webp=\"https:\/\/www.europesays.com\/fr\/wp-content\/uploads\/2025\/10\/puy-du-fou-vikings.jpg.webp\"\/><\/p>\n<p id=\"caption-attachment-30042\" class=\"wp-caption-text\">Spectacle pyrotechnique lors de l\u2019assaut des vikings au Puy du Fou<\/p>\n<p>2025 : le nouveau spectacle qui fait parler de lui<\/p>\n<p>Cette ann\u00e9e, le <a href=\"https:\/\/www.puydufou.com\/france\/fr\" target=\"_blank\" rel=\"noopener\">Puy du Fou<\/a> a frapp\u00e9 fort avec sa <strong>grande nouveaut\u00e9 2025<\/strong> : L\u2019\u00c9p\u00e9e du Roi Arthur. Depuis son lancement au printemps, ce spectacle inspir\u00e9 de la <strong>l\u00e9gende arthurienne<\/strong> a d\u00e9j\u00e0 conquis des milliers de spectateurs par sa mise en sc\u00e8ne grandiose. Entre sortil\u00e8ges de Morgane, d\u00e9cors monumentaux et la magie d\u2019Excalibur, il est digne des meilleurs films hollywoodiens.<\/p>\n<p>Les incontournables qui font la l\u00e9gende du Puy du Fou<\/p>\n<p>\u00c0 c\u00f4t\u00e9 de cette nouveaut\u00e9, les grands classiques du Puy du Fou restent des passages oblig\u00e9s. Tandis que la <strong>Cin\u00e9sc\u00e9nie<\/strong> continue de fasciner, le <strong>Signe du Triomphe<\/strong> replonge le public au c\u0153ur d\u2019une ar\u00e8ne romaine o\u00f9 s\u2019affrontent les gladiateurs. Plus loin, on peut entendre les Vikings jaillirent de l\u2019eau \u00e0 bord d\u2019un v\u00e9ritable drakkar. Enfin, le <strong>Bal des Oiseaux Fant\u00f4mes<\/strong>, avec ses dizaines de rapaces en vol libre, offre un moment suspendu d\u2019une rare intensit\u00e9.<\/p>\n<p><img loading=\"lazy\" decoding=\"async\" aria-describedby=\"caption-attachment-30044\" class=\"size-full wp-image-30044 lazyload ewww_webp_lazy_load\" src=\"https:\/\/www.europesays.com\/fr\/wp-content\/uploads\/2025\/10\/parc-puy-fou.jpg\" alt=\"Course de chars romains dans le Colis\u00e9e du Puy du Fou - chat44\" width=\"1200\" height=\"675\" style=\"--smush-placeholder-width: 1200px; --smush-placeholder-aspect-ratio: 1200\/675;\" src-webp=\"https:\/\/www.europesays.com\/fr\/wp-content\/uploads\/2025\/10\/parc-puy-fou.jpg.webp\"\/><\/p>\n<p id=\"caption-attachment-30044\" class=\"wp-caption-text\">Course de chars romains dans le Colis\u00e9e du Puy du Fou \u00a9 chat44<\/p>\n<p>FAQ pratique sur le Puy du Fou<\/p>\n<p>Avant de pr\u00e9parer votre s\u00e9jour, voici quelques r\u00e9ponses aux <strong>questions les plus fr\u00e9quentes<\/strong> des visiteurs.<\/p>\n<p>Quel est le meilleur moment pour visiter le Puy du Fou ?<\/p>\n<p><strong>Le printemps et l\u2019automne<\/strong> sont parfaits pour profiter du parc avec moins d\u2019affluence et des temp\u00e9ratures agr\u00e9ables. L\u2019\u00e9t\u00e9 reste magique, surtout pour assister \u00e0 la Cin\u00e9sc\u00e9nie, mais attendez-vous \u00e0 plus de monde.<\/p>\n<p>Peut-on apporter son pique-nique ?<\/p>\n<p>Oui, mais il faut le consommer dans les <strong>espaces d\u00e9di\u00e9s \u00e0 l\u2019ext\u00e9rieur du Grand Parc<\/strong>. \u00c0 l\u2019int\u00e9rieur, vous trouverez de nombreux restaurants et snacks th\u00e9matiques adapt\u00e9s \u00e0 tous les budgets.<\/p>\n<p>Combien de temps faut-il pour tout voir ?<\/p>\n<p>Il est conseill\u00e9 de <strong>pr\u00e9voir au moins deux jours<\/strong>. Le parc est immense et propose une vingtaine de spectacles majeurs. Une seule journ\u00e9e ne permet pas de tout appr\u00e9cier sereinement.<\/p>\n<p>La Cin\u00e9sc\u00e9nie est-elle incluse dans le billet du parc ?<\/p>\n<p>Non. La Cin\u00e9sc\u00e9nie est un <strong>spectacle nocturne qui n\u00e9cessite une r\u00e9servation<\/strong> sp\u00e9cifique et tr\u00e8s anticip\u00e9e, tant la demande est forte.<\/p>\n<p><img loading=\"lazy\" decoding=\"async\" aria-describedby=\"caption-attachment-30045\" class=\"size-full wp-image-30045 lazyload ewww_webp_lazy_load\" src=\"https:\/\/www.europesays.com\/fr\/wp-content\/uploads\/2025\/10\/cinescenie-puy-fou.jpg\" alt=\"La Cin\u00e9sc\u00e9nie, le spectacle incontournable du Puy du Fou\" width=\"1200\" height=\"675\" style=\"--smush-placeholder-width: 1200px; --smush-placeholder-aspect-ratio: 1200\/675;\" src-webp=\"https:\/\/www.europesays.com\/fr\/wp-content\/uploads\/2025\/10\/cinescenie-puy-fou.jpg.webp\"\/><\/p>\n<p id=\"caption-attachment-30045\" class=\"wp-caption-text\">La Cin\u00e9sc\u00e9nie, le spectacle incontournable du Puy du Fou<\/p>\n<p>L\u2019exp\u00e9rience pratique depuis Bordeaux<\/p>\n<p>Pour les Bordelais, la route est simple : comptez environ <strong>trois heures de trajet en voiture<\/strong>, direction la Vend\u00e9e. Si vous pr\u00e9f\u00e9rez le train, des liaisons existent jusqu\u2019\u00e0 La Roche-sur-Yon, puis des navettes vous conduisent au parc. Ainsi, que vous souhaitiez vivre une aventure le temps d\u2019un <a href=\"https:\/\/passion-aquitaine.ouest-france.fr\/tourisme\/vacances-week-end\/\" target=\"_blank\" rel=\"noopener\">week-end<\/a> ou d\u2019une semaine compl\u00e8te, le Puy du Fou est l\u2019exp\u00e9rience \u00e0 ne surtout pas manquer. Puis, <strong>quoi de mieux qu\u2019un spectacle immersif pour s\u2019\u00e9chapper du quotidien ?<\/strong><\/p>\n","protected":false},"excerpt":{"rendered":"\ud83d\udd52 Article publi\u00e9 le 2 octobre 2025&#13; \u2705 Mis \u00e0 jour le 2 octobre 2025 Non, il ne&hellip;\n","protected":false},"author":2,"featured_media":433904,"comment_status":"","ping_status":"","sticky":false,"template":"","format":"standard","meta":{"footnotes":""},"categories":[2817],"tags":[1111,11,1997,56167,1777,674,1011,27,56164,12,2219,56168,56165,23061,56166,25],"class_list":{"0":"post-433903","1":"post","2":"type-post","3":"status-publish","4":"format-standard","5":"has-post-thumbnail","7":"category-bordeaux","8":"tag-actu","9":"tag-actualites","10":"tag-bordeaux","11":"tag-cinu00e9scu00e9nie","12":"tag-eu","13":"tag-europe","14":"tag-fr","15":"tag-france","16":"tag-meilleur-parc-u00e0-thu00e8me-du-monde","17":"tag-news","18":"tag-nouvelle-aquitaine","19":"tag-parc-attractions-france","20":"tag-parc-vendu00e9e","21":"tag-puy-du-fou","22":"tag-puy-du-fou-bordeaux","23":"tag-republique-francaise"},"share_on_mastodon":{"url":"https:\/\/pubeurope.com\/@fr\/115305138558199809","error":""},"_links":{"self":[{"href":"https:\/\/www.europesays.com\/fr\/wp-json\/wp\/v2\/posts\/433903","targetHints":{"allow":["GET"]}}],"collection":[{"href":"https:\/\/www.europesays.com\/fr\/wp-json\/wp\/v2\/posts"}],"about":[{"href":"https:\/\/www.europesays.com\/fr\/wp-json\/wp\/v2\/types\/post"}],"author":[{"embeddable":true,"href":"https:\/\/www.europesays.com\/fr\/wp-json\/wp\/v2\/users\/2"}],"replies":[{"embeddable":true,"href":"https:\/\/www.europesays.com\/fr\/wp-json\/wp\/v2\/comments?post=433903"}],"version-history":[{"count":0,"href":"https:\/\/www.europesays.com\/fr\/wp-json\/wp\/v2\/posts\/433903\/revisions"}],"wp:featuredmedia":[{"embeddable":true,"href":"https:\/\/www.europesays.com\/fr\/wp-json\/wp\/v2\/media\/433904"}],"wp:attachment":[{"href":"https:\/\/www.europesays.com\/fr\/wp-json\/wp\/v2\/media?parent=433903"}],"wp:term":[{"taxonomy":"category","embeddable":true,"href":"https:\/\/www.europesays.com\/fr\/wp-json\/wp\/v2\/categories?post=433903"},{"taxonomy":"post_tag","embeddable":true,"href":"https:\/\/www.europesays.com\/fr\/wp-json\/wp\/v2\/tags?post=433903"}],"curies":[{"name":"wp","href":"https:\/\/api.w.org\/{rel}","templated":true}]}}