{"id":433915,"date":"2025-10-02T14:57:11","date_gmt":"2025-10-02T14:57:11","guid":{"rendered":"https:\/\/www.europesays.com\/fr\/433915\/"},"modified":"2025-10-02T14:57:11","modified_gmt":"2025-10-02T14:57:11","slug":"un-coiffeur-des-catalans-a-marseille-violemment-agresse-a-coup-de-crosse-pour-sa-rolex","status":"publish","type":"post","link":"https:\/\/www.europesays.com\/fr\/433915\/","title":{"rendered":"Un coiffeur des Catalans \u00e0 Marseille violemment agress\u00e9 \u00e0 coup de crosse pour sa Rolex"},"content":{"rendered":"<p>Une sc\u00e8ne de western. Ce jeudi matin vers 10 heures, un coiffeur des Catalans, dans le 7e arrondissement de <a href=\"https:\/\/www.laprovence.com\/bouches-du-rhone\/marseille-13055\" target=\"_blank\" rel=\"noopener\">Marseille<\/a>, a vu d\u00e9bouler dans son salon deux hommes arm\u00e9s arriv\u00e9s sur un puissant scooter,<a href=\"https:\/\/www.laprovence.com\/article\/region\/1343398442509914\/une-rolex-d-une-valeur-de-50-000-e-a-ete-deposee-au-service-des-objets-trouves-a-salon-de-provence\" target=\"_blank\" rel=\"noopener\"> lui ordonnant de leur remettre sa montre de valeur, une Rolex. <\/a><\/p>\n<p>Des tirs en l&rsquo;air<\/p>\n<p>Face au danger, l&rsquo;artisan a tent\u00e9 de s&rsquo;enfuir pour se r\u00e9fugier dans un caf\u00e9 voisin, ce qui n&rsquo;a pas emp\u00each\u00e9 les agresseurs en combinaison int\u00e9grale de le poursuivre \u00e0 l&rsquo;int\u00e9rieur et de lui ass\u00e9ner un coup de crosse avant de repartir avec l&rsquo;objet de luxe, qu&rsquo;ils avaient probablement rep\u00e9r\u00e9 \u00e0 son poignet quelques temps auparavant.<\/p>\n<p>Les malfaiteurs sont repartis \u00e0 vive allure, apr\u00e8s avoir \u00ab\u00a0tir\u00e9 en l&rsquo;air\u00a0\u00bb, selon un t\u00e9moin. Une enqu\u00eate a \u00e9t\u00e9 ouverte et ils sont activement recherch\u00e9s.\u00a0 \u00a0\u00a0<\/p>\n","protected":false},"excerpt":{"rendered":"Une sc\u00e8ne de western. Ce jeudi matin vers 10 heures, un coiffeur des Catalans, dans le 7e arrondissement&hellip;\n","protected":false},"author":2,"featured_media":433916,"comment_status":"","ping_status":"","sticky":false,"template":"","format":"standard","meta":{"footnotes":""},"categories":[2814],"tags":[17,1111,11,8058,1102,21524,26468,3952,154,1777,674,274,1011,27,884,12,882,25,31598],"class_list":{"0":"post-433915","1":"post","2":"type-post","3":"status-publish","4":"format-standard","5":"has-post-thumbnail","7":"category-marseille","8":"tag-17","9":"tag-actu","10":"tag-actualites","11":"tag-agresse","12":"tag-breakingnews","13":"tag-catalans","14":"tag-coiffeur","15":"tag-coup","16":"tag-des","17":"tag-eu","18":"tag-europe","19":"tag-faits-divers-justice","20":"tag-fr","21":"tag-france","22":"tag-marseille","23":"tag-news","24":"tag-provence-alpes-cote-dazur","25":"tag-republique-francaise","26":"tag-violemment"},"share_on_mastodon":{"url":"https:\/\/pubeurope.com\/@fr\/115305162048947041","error":""},"_links":{"self":[{"href":"https:\/\/www.europesays.com\/fr\/wp-json\/wp\/v2\/posts\/433915","targetHints":{"allow":["GET"]}}],"collection":[{"href":"https:\/\/www.europesays.com\/fr\/wp-json\/wp\/v2\/posts"}],"about":[{"href":"https:\/\/www.europesays.com\/fr\/wp-json\/wp\/v2\/types\/post"}],"author":[{"embeddable":true,"href":"https:\/\/www.europesays.com\/fr\/wp-json\/wp\/v2\/users\/2"}],"replies":[{"embeddable":true,"href":"https:\/\/www.europesays.com\/fr\/wp-json\/wp\/v2\/comments?post=433915"}],"version-history":[{"count":0,"href":"https:\/\/www.europesays.com\/fr\/wp-json\/wp\/v2\/posts\/433915\/revisions"}],"wp:featuredmedia":[{"embeddable":true,"href":"https:\/\/www.europesays.com\/fr\/wp-json\/wp\/v2\/media\/433916"}],"wp:attachment":[{"href":"https:\/\/www.europesays.com\/fr\/wp-json\/wp\/v2\/media?parent=433915"}],"wp:term":[{"taxonomy":"category","embeddable":true,"href":"https:\/\/www.europesays.com\/fr\/wp-json\/wp\/v2\/categories?post=433915"},{"taxonomy":"post_tag","embeddable":true,"href":"https:\/\/www.europesays.com\/fr\/wp-json\/wp\/v2\/tags?post=433915"}],"curies":[{"name":"wp","href":"https:\/\/api.w.org\/{rel}","templated":true}]}}