{"id":433918,"date":"2025-10-02T14:59:13","date_gmt":"2025-10-02T14:59:13","guid":{"rendered":"https:\/\/www.europesays.com\/fr\/433918\/"},"modified":"2025-10-02T14:59:13","modified_gmt":"2025-10-02T14:59:13","slug":"laeroport-lyon-saint-exupery-atteint-le-zero-emission-nette","status":"publish","type":"post","link":"https:\/\/www.europesays.com\/fr\/433918\/","title":{"rendered":"L&rsquo;a\u00e9roport Lyon-Saint Exup\u00e9ry atteint le \u00ab\u00a0z\u00e9ro \u00e9mission nette\u00a0\u00bb"},"content":{"rendered":"<p>\t\t\t\t\t Au-del\u00e0 de ses propres activit\u00e9s, l&rsquo;a\u00e9roport Lyon-Saint Exup\u00e9ry a \u00e9galement engag\u00e9 ses partenaires dans la <b>transition \u00e9nerg\u00e9tique<\/b>. Cette d\u00e9marche lui vaut la certification ACA 5, qui distingue les a\u00e9roports impliqu\u00e9s dans la d\u00e9carbonation de l\u2019ensemble de leur cha\u00eene de valeur (scope 3).<\/p>\n<p><b>Parmi les actions phares<\/b> :&#13;\t\t\t\t\t <\/p>\n<p>&#8211; mise en service de <b>25 MWc de centrales photovolta\u00efques<\/b>, dont 20 MWc inject\u00e9s dans le r\u00e9seau local,&#13;\t\t\t\t\t <\/p>\n<p>&#8211; inauguration en juin 2025 de la <b>station \u00e0 hydrog\u00e8ne Hympulsion<\/b>, en partenariat avec la R\u00e9gion Auvergne Rh\u00f4ne-Alpes,&#13;\t\t\t\t\t <\/p>\n<p>&#8211; installation progressive de <b>850 bornes de recharge \u00e9lectriques<\/b> d\u2019ici 2026,&#13;\t\t\t\t\t <\/p>\n<p>&#8211; modulation des redevances d\u2019atterrissage pour <b>favoriser les avions les moins \u00e9metteurs<\/b>,&#13;\t\t\t\t\t <\/p>\n<p>&#8211; distribution de <b>carburants d\u2019aviation durable<\/b> (SAF) depuis 2025,&#13;\t\t\t\t\t <\/p>\n<p>&#8211; projet de <b>production locale de carburants de synth\u00e8se<\/b> en partenariat avec H2V et Hy2gen.\n\t\t\t\t <\/p>\n","protected":false},"excerpt":{"rendered":"Au-del\u00e0 de ses propres activit\u00e9s, l&rsquo;a\u00e9roport Lyon-Saint Exup\u00e9ry a \u00e9galement engag\u00e9 ses partenaires dans la transition \u00e9nerg\u00e9tique. Cette&hellip;\n","protected":false},"author":2,"featured_media":433919,"comment_status":"","ping_status":"","sticky":false,"template":"","format":"standard","meta":{"footnotes":""},"categories":[1889],"tags":[1111,11,12526,2430,1777,674,1011,27,2428,12,25,56169],"class_list":{"0":"post-433918","1":"post","2":"type-post","3":"status-publish","4":"format-standard","5":"has-post-thumbnail","7":"category-lyon","8":"tag-actu","9":"tag-actualites","10":"tag-aeroport-lyon-saint-exupery","11":"tag-auvergne-rhone-alpes","12":"tag-eu","13":"tag-europe","14":"tag-fr","15":"tag-france","16":"tag-lyon","17":"tag-news","18":"tag-republique-francaise","19":"tag-vinci-aiports"},"share_on_mastodon":{"url":"https:\/\/pubeurope.com\/@fr\/115305169764351727","error":""},"_links":{"self":[{"href":"https:\/\/www.europesays.com\/fr\/wp-json\/wp\/v2\/posts\/433918","targetHints":{"allow":["GET"]}}],"collection":[{"href":"https:\/\/www.europesays.com\/fr\/wp-json\/wp\/v2\/posts"}],"about":[{"href":"https:\/\/www.europesays.com\/fr\/wp-json\/wp\/v2\/types\/post"}],"author":[{"embeddable":true,"href":"https:\/\/www.europesays.com\/fr\/wp-json\/wp\/v2\/users\/2"}],"replies":[{"embeddable":true,"href":"https:\/\/www.europesays.com\/fr\/wp-json\/wp\/v2\/comments?post=433918"}],"version-history":[{"count":0,"href":"https:\/\/www.europesays.com\/fr\/wp-json\/wp\/v2\/posts\/433918\/revisions"}],"wp:featuredmedia":[{"embeddable":true,"href":"https:\/\/www.europesays.com\/fr\/wp-json\/wp\/v2\/media\/433919"}],"wp:attachment":[{"href":"https:\/\/www.europesays.com\/fr\/wp-json\/wp\/v2\/media?parent=433918"}],"wp:term":[{"taxonomy":"category","embeddable":true,"href":"https:\/\/www.europesays.com\/fr\/wp-json\/wp\/v2\/categories?post=433918"},{"taxonomy":"post_tag","embeddable":true,"href":"https:\/\/www.europesays.com\/fr\/wp-json\/wp\/v2\/tags?post=433918"}],"curies":[{"name":"wp","href":"https:\/\/api.w.org\/{rel}","templated":true}]}}