{"id":433924,"date":"2025-10-02T15:03:14","date_gmt":"2025-10-02T15:03:14","guid":{"rendered":"https:\/\/www.europesays.com\/fr\/433924\/"},"modified":"2025-10-02T15:03:14","modified_gmt":"2025-10-02T15:03:14","slug":"linvestiture-lfi-peut-elle-encore-echapper-a-sophia-chikirou","status":"publish","type":"post","link":"https:\/\/www.europesays.com\/fr\/433924\/","title":{"rendered":"L\u2019investiture LFI peut-elle encore \u00e9chapper \u00e0 Sophia Chikirou ?"},"content":{"rendered":"<p class=\"mb-4 text-lg md:leading-8 break-words\"><strong>ELECTION &#8211; La d\u00e9put\u00e9e de Paris est la grande favorite pour porter les couleurs insoumises aux municipales \u00e0 Paris<\/strong><\/p>\n<p class=\"mb-4 text-lg md:leading-8 break-words\">Pourquoi Sophia Chikirou n\u2019est toujours pas entr\u00e9e dans la course\u00a0? Alors que tous les candidats \u00e0 l\u2019\u00e9lection municipale de\u00a02026 \u00e0 Paris sont d\u00e9j\u00e0 connus, les insoumis n\u2019ont pas encore officiellement d\u00e9sign\u00e9 leur champion pour la capitale. Existe-t-il pour autant un doute sur le choix de leur candidature\u00a0? La France insoumise a d\u00e9j\u00e0 pr\u00e9venu qu\u2019elle se pr\u00e9senterait seule \u00e0 Paris et resterait loin des tractations entre le Parti socialiste, les Ecologistes et le Parti communiste, en vue d\u2019une union d\u00e8s le premier tour.<\/p>\n<p class=\"mb-4 text-lg md:leading-8 break-words\">Ayant bien observ\u00e9 les sondages qui donnent une candidature insoumise aux alentours de 15\u00a0%, Ecologistes et communistes ne souhaitent pas insulter l\u2019avenir et totalement fermer la porte \u00e0 LFI, \u00e0 l\u2019inverse des socialistes, dont le divorce avec la formation de Jean-Luc M\u00e9lenchon est d\u00e9j\u00e0 act\u00e9.<\/p>\n<p>\u00ab\u00a0Sophia sait y faire\u00a0\u00bb<\/p>\n<p class=\"mb-4 text-lg md:leading-8 break-words\">Et si dans la plupart des grandes villes, les t\u00eates de liste LFI commencent \u00e0 \u00eatre connues pour ce scrutin des 15 et 22\u00a0mars, \u00e0 Paris une opacit\u00e9 demeure toujours. \u00ab\u00a0Le calendrier pr\u00e9voit une d\u00e9signation dans la premi\u00e8re quinzaine d\u2019octobre\u00a0\u00bb, indique sobrement La France insoumise. \u00ab\u00a0A Paris, on s\u2019oriente vers cinq candidats pressentis. Nos cinq d\u00e9put\u00e9s\u00a0\u00bb, commente le coordinateur du mouvement Manuel Bompard. A savoir <a href=\"https:\/\/www.20minutes.fr\/dossier\/aymeric_caron?at_medium=RSS%20feed&amp;at_campaign=ynews&amp;utm_source=yahoo&amp;utm_medium=rss&amp;utm_campaign=news_feed&amp;utm_content=in_article_link\" rel=\"nofollow noopener\" target=\"_blank\" data-ylk=\"slk:Aymeric Caron;elm:context_link;itc:0;sec:content-canvas\" class=\"link \">Aymeric Caron<\/a>, Rodrigo Arenas, <a href=\"https:\/\/www.20minutes.fr\/politique\/daniele-obono\/?at_medium=RSS%20feed&amp;at_campaign=ynews&amp;utm_source=yahoo&amp;utm_medium=rss&amp;utm_campaign=news_feed&amp;utm_content=in_article_link\" rel=\"nofollow noopener\" target=\"_blank\" data-ylk=\"slk:Dani\u00e8le Obono;elm:context_link;itc:0;sec:content-canvas\" class=\"link \">Dani\u00e8le Obono<\/a>, Sarah Legrain et Sophia Chikirou &#8211; qui si\u00e8ge \u00e9galement au Conseil r\u00e9gional d\u2019\u00cele-de-France.<\/p>\n<p class=\"mb-4 text-lg md:leading-8 break-words\">Mais si le premier si\u00e8ge au groupe LFI \u00e0 l\u2019Assembl\u00e9e, il n\u2019est pas membre du parti. Et le deuxi\u00e8me (&#8230;)<\/p>\n<p class=\"mb-4 text-lg md:leading-8 break-words\"><a href=\"https:\/\/www.20minutes.fr\/politique\/4176685-20251002-municipales-paris-investiture-lfi-peut-encore-echapper-sophia-chikirou?at_medium=RSS%20feed&amp;at_campaign=ynews&amp;utm_source=yahoo&amp;utm_medium=rss&amp;utm_campaign=news_feed&amp;utm_content=read_more_link&quot;\" rel=\"nofollow noopener\" target=\"_blank\" data-ylk=\"slk:Lire la suite sur 20minutes;elm:context_link;itc:0;sec:content-canvas\" class=\"link \">Lire la suite sur 20minutes<\/a><\/p>\n<p>\u00c0 lire aussi :<br \/><a href=\"https:\/\/www.20minutes.fr\/paris\/4160146-20250625-municipales-2026-rachida-dati-peut-sourire-lfi-sophia-chikirou-viennent-bordeliser-union-voulue-gauche?at_medium=RSS%20feed&amp;at_campaign=ynews&amp;utm_source=yahoo&amp;utm_medium=rss&amp;utm_campaign=news_feed&amp;utm_content=related_content_link\" rel=\"nofollow noopener\" target=\"_blank\" data-ylk=\"slk:Municipales\u00a02026\u00a0: Rachida Dati peut sourire, la LFI et Sophia Chikirou viennent bord\u00e9liser\u00a0l\u2019union voulue \u00e0 gauche;elm:context_link;itc:0;sec:content-canvas\" class=\"link \">Municipales\u00a02026\u00a0: Rachida Dati peut sourire, la LFI et Sophia Chikirou viennent bord\u00e9liser\u00a0l\u2019union voulue \u00e0 gauche<\/a><br \/><a href=\"https:\/\/www.20minutes.fr\/politique\/4171374-20250905-lfi-deputee-sophia-chikirou-considere-chine-dictature?at_medium=RSS%20feed&amp;at_campaign=ynews&amp;utm_source=yahoo&amp;utm_medium=rss&amp;utm_campaign=news_feed&amp;utm_content=related_content_link\" rel=\"nofollow noopener\" target=\"_blank\" data-ylk=\"slk:LFI\u00a0: La d\u00e9put\u00e9e Sophia Chikirou \u00ab\u00a0ne consid\u00e8re pas que la Chine soit une dictature\u00a0\u00bb;elm:context_link;itc:0;sec:content-canvas\" class=\"link \">LFI\u00a0: La d\u00e9put\u00e9e Sophia Chikirou \u00ab\u00a0ne consid\u00e8re pas que la Chine soit une dictature\u00a0\u00bb<\/a><\/p>\n","protected":false},"excerpt":{"rendered":"ELECTION &#8211; La d\u00e9put\u00e9e de Paris est la grande favorite pour porter les couleurs insoumises aux municipales \u00e0&hellip;\n","protected":false},"author":2,"featured_media":433925,"comment_status":"","ping_status":"","sticky":false,"template":"","format":"standard","meta":{"footnotes":""},"categories":[1888],"tags":[1111,1928,11,1927,2339,1777,674,1011,27,31899,3081,12,1926,626,1925,25,18834],"class_list":{"0":"post-433924","1":"post","2":"type-post","3":"status-publish","4":"format-standard","5":"has-post-thumbnail","7":"category-paris","8":"tag-actu","9":"tag-actu-paris","10":"tag-actualites","11":"tag-actualites-paris","12":"tag-ecologistes","13":"tag-eu","14":"tag-europe","15":"tag-fr","16":"tag-france","17":"tag-insoumis","18":"tag-jean-luc-melenchon","19":"tag-news","20":"tag-news-paris","21":"tag-paris","22":"tag-paris-news","23":"tag-republique-francaise","24":"tag-sophia-chikirou"},"share_on_mastodon":{"url":"https:\/\/pubeurope.com\/@fr\/115305185664605230","error":""},"_links":{"self":[{"href":"https:\/\/www.europesays.com\/fr\/wp-json\/wp\/v2\/posts\/433924","targetHints":{"allow":["GET"]}}],"collection":[{"href":"https:\/\/www.europesays.com\/fr\/wp-json\/wp\/v2\/posts"}],"about":[{"href":"https:\/\/www.europesays.com\/fr\/wp-json\/wp\/v2\/types\/post"}],"author":[{"embeddable":true,"href":"https:\/\/www.europesays.com\/fr\/wp-json\/wp\/v2\/users\/2"}],"replies":[{"embeddable":true,"href":"https:\/\/www.europesays.com\/fr\/wp-json\/wp\/v2\/comments?post=433924"}],"version-history":[{"count":0,"href":"https:\/\/www.europesays.com\/fr\/wp-json\/wp\/v2\/posts\/433924\/revisions"}],"wp:featuredmedia":[{"embeddable":true,"href":"https:\/\/www.europesays.com\/fr\/wp-json\/wp\/v2\/media\/433925"}],"wp:attachment":[{"href":"https:\/\/www.europesays.com\/fr\/wp-json\/wp\/v2\/media?parent=433924"}],"wp:term":[{"taxonomy":"category","embeddable":true,"href":"https:\/\/www.europesays.com\/fr\/wp-json\/wp\/v2\/categories?post=433924"},{"taxonomy":"post_tag","embeddable":true,"href":"https:\/\/www.europesays.com\/fr\/wp-json\/wp\/v2\/tags?post=433924"}],"curies":[{"name":"wp","href":"https:\/\/api.w.org\/{rel}","templated":true}]}}