{"id":433926,"date":"2025-10-02T15:04:25","date_gmt":"2025-10-02T15:04:25","guid":{"rendered":"https:\/\/www.europesays.com\/fr\/433926\/"},"modified":"2025-10-02T15:04:25","modified_gmt":"2025-10-02T15:04:25","slug":"pamela-anderson-soffre-un-veritable-marathon-mode-pour-la-fashion-week-de-paris","status":"publish","type":"post","link":"https:\/\/www.europesays.com\/fr\/433926\/","title":{"rendered":"Pamela Anderson s&rsquo;offre un v\u00e9ritable marathon mode pour la Fashion Week de Paris"},"content":{"rendered":"<p>Connue \u00e0 ses d\u00e9buts pour ses looks sexy et audacieux, cela fait quelque temps que <strong>Pamela Anderson<\/strong> se d\u00e9voile dans un nouveau style, plus sobre et \u00e9l\u00e9gant. Apr\u00e8s avoir surpris tout le monde avec sa nouvelle chevelure rousse, elle s&rsquo;octroie un v\u00e9ritable marathon mode dans les rues parisiennes pour la Fashion Week printemps-\u00e9t\u00e9 2026. Aper\u00e7ue une premi\u00e8re fois chez <strong>Tom Ford<\/strong> le 1er octobre dernier, c&rsquo;est maintenant pour le d\u00e9fil\u00e9 <strong>Mugler<\/strong> que l&rsquo;actrice appara\u00eet dans une autre silhouette monochrome.<\/p>\n<p>Pamela Anderson lumineuse au d\u00e9fil\u00e9 Mugler printemps-\u00e9t\u00e9 2026<\/p>\n<p>\u00c0 l&rsquo;occasion du premier d\u00e9fil\u00e9 <strong>Mugler<\/strong> pr\u00e9sent\u00e9 par <strong>Miguel Castro Freitas<\/strong>, nouveau directeur artistique de la Maison, <strong>Pamela Anderson<\/strong> osait une silhouette \u00e9tincelante compos\u00e9e d&rsquo;une longue robe noire aux multiples sequins et au col montant. La pi\u00e8ce se suffisant \u00e0 elle-m\u00eame, l&rsquo;actrice la compl\u00e9tait simplement d&rsquo;une paire de mules pointues ainsi que de boucles d&rsquo;oreilles dor\u00e9es, lui offrant un look chic et sophistiqu\u00e9.<\/p>\n<p><img decoding=\"async\" alt=\"Pamela Anderson.\" loading=\"lazy\" class=\"ResponsiveImageContainer-eNxvmU cfBbTk responsive-image__image\"   src=\"https:\/\/www.europesays.com\/fr\/wp-content\/uploads\/2025\/10\/2238327159.jpeg\"\/><\/p>\n<p>Pamela Anderson.<\/p>\n<p>WWD\/Getty ImagesPamela Anderson opte pour un look chic au d\u00e9fil\u00e9 Tom Ford<\/p>\n<p>Une nu\u00e9e de robes noires se r\u00e9v\u00e9lait au d\u00e9fil\u00e9 <strong>Tom Ford<\/strong> printemps-\u00e9t\u00e9 2026. De <a href=\"https:\/\/www.vogue.fr\/article\/kylie-jenner-evenement-petite-robe-noire-defile-tom-ford\" target=\"_blank\" rel=\"noopener\"><strong>Kylie Jenner<\/strong><\/a> \u00e0 <strong>Paris Jackson<\/strong> en passant par <strong>Rita Ora<\/strong>, elle semblait \u00eatre un indispensable du front row. <strong>Pamela Anderson<\/strong> ne d\u00e9rogeait pas \u00e0 la r\u00e8gle et affichait, elle aussi, une black dress, dans une version longue et bustier, d\u00e9cor\u00e9e subtilement d&rsquo;un n\u0153ud en velours. Pour accessoiriser sa silhouette, l&rsquo;actrice arborait des lunettes sombres, une veste de blazer \u00e0 \u00e9paulettes et une <a href=\"https:\/\/www.vogue.fr\/article\/tom-ford-escarpins-printemps-ete-2026\" target=\"_blank\" rel=\"noopener\">paire d&rsquo;escarpins signature<\/a> de <strong>Tom Ford<\/strong>.<\/p>\n","protected":false},"excerpt":{"rendered":"Connue \u00e0 ses d\u00e9buts pour ses looks sexy et audacieux, cela fait quelque temps que Pamela Anderson se&hellip;\n","protected":false},"author":2,"featured_media":433927,"comment_status":"","ping_status":"","sticky":false,"template":"","format":"standard","meta":{"footnotes":""},"categories":[1888],"tags":[11,1777,674,34204,1011,27,985,12,626,25],"class_list":{"0":"post-433926","1":"post","2":"type-post","3":"status-publish","4":"format-standard","5":"has-post-thumbnail","7":"category-paris","8":"tag-actualites","9":"tag-eu","10":"tag-europe","11":"tag-fashion-week-paris","12":"tag-fr","13":"tag-france","14":"tag-mode","15":"tag-news","16":"tag-paris","17":"tag-republique-francaise"},"share_on_mastodon":{"url":"https:\/\/pubeurope.com\/@fr\/115305190296978005","error":""},"_links":{"self":[{"href":"https:\/\/www.europesays.com\/fr\/wp-json\/wp\/v2\/posts\/433926","targetHints":{"allow":["GET"]}}],"collection":[{"href":"https:\/\/www.europesays.com\/fr\/wp-json\/wp\/v2\/posts"}],"about":[{"href":"https:\/\/www.europesays.com\/fr\/wp-json\/wp\/v2\/types\/post"}],"author":[{"embeddable":true,"href":"https:\/\/www.europesays.com\/fr\/wp-json\/wp\/v2\/users\/2"}],"replies":[{"embeddable":true,"href":"https:\/\/www.europesays.com\/fr\/wp-json\/wp\/v2\/comments?post=433926"}],"version-history":[{"count":0,"href":"https:\/\/www.europesays.com\/fr\/wp-json\/wp\/v2\/posts\/433926\/revisions"}],"wp:featuredmedia":[{"embeddable":true,"href":"https:\/\/www.europesays.com\/fr\/wp-json\/wp\/v2\/media\/433927"}],"wp:attachment":[{"href":"https:\/\/www.europesays.com\/fr\/wp-json\/wp\/v2\/media?parent=433926"}],"wp:term":[{"taxonomy":"category","embeddable":true,"href":"https:\/\/www.europesays.com\/fr\/wp-json\/wp\/v2\/categories?post=433926"},{"taxonomy":"post_tag","embeddable":true,"href":"https:\/\/www.europesays.com\/fr\/wp-json\/wp\/v2\/tags?post=433926"}],"curies":[{"name":"wp","href":"https:\/\/api.w.org\/{rel}","templated":true}]}}