{"id":433948,"date":"2025-10-02T15:17:13","date_gmt":"2025-10-02T15:17:13","guid":{"rendered":"https:\/\/www.europesays.com\/fr\/433948\/"},"modified":"2025-10-02T15:17:13","modified_gmt":"2025-10-02T15:17:13","slug":"le-tours-volley-ball-a-pu-integrer-ses-mondialistes-a-saint-nazaire-en-amical","status":"publish","type":"post","link":"https:\/\/www.europesays.com\/fr\/433948\/","title":{"rendered":"Le Tours Volley-Ball a pu int\u00e9grer ses \u00ab\u00a0mondialistes\u00a0\u00bb \u00e0 Saint-Nazaire en amical"},"content":{"rendered":"<p><strong>Saint-Nazaire\u00a0&#8211; Tours\u00a0: 2-2<\/strong><\/p>\n<p>Le Tours Volley-Ball a poursuivi sa pr\u00e9paration \u00e0 Saint-Nazaire, ce mercredi 1er\u00a0octobre 2025. Face \u00e0 une \u00e9quipe pas tout \u00e0 fait au complet mais d\u2019ores et d\u00e9j\u00e0 combative, les Tourangeaux ont disput\u00e9 deux sets pour un score au final de parit\u00e9&#8230;. <\/p>\n<p>    Cet article a \u00e9t\u00e9 tronqu\u00e9. Abonnez-vous pour lire l&rsquo;article complet sur notre site.<\/p>\n<p style=\"margin: 0 !important; padding: 0 !important; font-size: 12px !important;\">Cet article a \u00e9t\u00e9 tronqu\u00e9. Abonnez-vous pour lire l&rsquo;article complet.<\/p>\n<p>    <a href=\"https:\/\/www.lanouvellerepublique.fr\/abonnements\" style=\"display: inline-block; margin-top: 5px !important; padding: 6px 12px !important; background: #cb1c27; color: white; text-decoration: none; border-radius: 4px; font-size: 12px !important;\" target=\"_blank\" rel=\"noopener\"><br \/>\n      S&rsquo;abonner<br \/>\n    <\/a><\/p>\n","protected":false},"excerpt":{"rendered":"Saint-Nazaire\u00a0&#8211; Tours\u00a0: 2-2 Le Tours Volley-Ball a poursuivi sa pr\u00e9paration \u00e0 Saint-Nazaire, ce mercredi 1er\u00a0octobre 2025. Face \u00e0&hellip;\n","protected":false},"author":2,"featured_media":433949,"comment_status":"","ping_status":"","sticky":false,"template":"","format":"standard","meta":{"footnotes":""},"categories":[1417],"tags":[1011,27,1387,1655,60,1390,1471,2767,1470,1469],"class_list":{"0":"post-433948","1":"post","2":"type-post","3":"status-publish","4":"format-standard","5":"has-post-thumbnail","7":"category-volley","8":"tag-fr","9":"tag-france","10":"tag-indre-et-loire","11":"tag-ligue-a","12":"tag-sports","13":"tag-tours","14":"tag-tours-volley-ball","15":"tag-tvb-37","16":"tag-volley","17":"tag-volleyball"},"share_on_mastodon":{"url":"https:\/\/pubeurope.com\/@fr\/115305240571622092","error":""},"_links":{"self":[{"href":"https:\/\/www.europesays.com\/fr\/wp-json\/wp\/v2\/posts\/433948","targetHints":{"allow":["GET"]}}],"collection":[{"href":"https:\/\/www.europesays.com\/fr\/wp-json\/wp\/v2\/posts"}],"about":[{"href":"https:\/\/www.europesays.com\/fr\/wp-json\/wp\/v2\/types\/post"}],"author":[{"embeddable":true,"href":"https:\/\/www.europesays.com\/fr\/wp-json\/wp\/v2\/users\/2"}],"replies":[{"embeddable":true,"href":"https:\/\/www.europesays.com\/fr\/wp-json\/wp\/v2\/comments?post=433948"}],"version-history":[{"count":0,"href":"https:\/\/www.europesays.com\/fr\/wp-json\/wp\/v2\/posts\/433948\/revisions"}],"wp:featuredmedia":[{"embeddable":true,"href":"https:\/\/www.europesays.com\/fr\/wp-json\/wp\/v2\/media\/433949"}],"wp:attachment":[{"href":"https:\/\/www.europesays.com\/fr\/wp-json\/wp\/v2\/media?parent=433948"}],"wp:term":[{"taxonomy":"category","embeddable":true,"href":"https:\/\/www.europesays.com\/fr\/wp-json\/wp\/v2\/categories?post=433948"},{"taxonomy":"post_tag","embeddable":true,"href":"https:\/\/www.europesays.com\/fr\/wp-json\/wp\/v2\/tags?post=433948"}],"curies":[{"name":"wp","href":"https:\/\/api.w.org\/{rel}","templated":true}]}}