{"id":433980,"date":"2025-10-02T15:35:12","date_gmt":"2025-10-02T15:35:12","guid":{"rendered":"https:\/\/www.europesays.com\/fr\/433980\/"},"modified":"2025-10-02T15:35:12","modified_gmt":"2025-10-02T15:35:12","slug":"bonne-nouvelle-voici-la-hausse-prevue-le-1er-novembre-2025-pour-votre-retraite-complementaire","status":"publish","type":"post","link":"https:\/\/www.europesays.com\/fr\/433980\/","title":{"rendered":"Bonne nouvelle, voici la hausse pr\u00e9vue le 1er novembre 2025 pour votre retraite compl\u00e9mentaire"},"content":{"rendered":"<p>Chaque automne, de nombreux <strong>b\u00e9n\u00e9ficiaires<\/strong> du secteur priv\u00e9 surveillent avec attention l\u2019\u00e9volution du <strong>montant de leur retraite compl\u00e9mentaire<\/strong>. Pour les retrait\u00e9s affili\u00e9s \u00e0 l\u2019<strong>Agirc-Arrco<\/strong>, une nouvelle <strong>revalorisation<\/strong> s\u2019annonce \u00e0 partir du <strong>1er novembre 2025<\/strong>, avec un <strong>versement effectif<\/strong> pr\u00e9vu le 3 novembre. Cette augmentation concerne environ <strong>13,7 millions de personnes<\/strong> et sera appliqu\u00e9e automatiquement, sans aucune formalit\u00e9 \u00e0 accomplir.<\/p>\n<p>Comment la hausse de la retraite compl\u00e9mentaire Agirc-Arrco est-elle d\u00e9cid\u00e9e ?<\/p>\n<p>Le calcul de la <strong>revalorisation annuelle<\/strong> des pensions compl\u00e9mentaires <strong>Agirc-Arrco<\/strong> repose principalement sur l\u2019<strong>inflation annuelle hors tabac<\/strong>. Selon la r\u00e8gle en vigueur, on applique un abattement r\u00e9glementaire de <strong>0,4 point<\/strong> afin de pr\u00e9server l\u2019\u00e9quilibre financier du r\u00e9gime de <strong>retraite compl\u00e9mentaire<\/strong>. Ce dispositif vise \u00e0 garantir la p\u00e9rennit\u00e9 du syst\u00e8me tout en maintenant un certain niveau de pouvoir d\u2019achat pour les retrait\u00e9s.<\/p>\n<p>Cependant, ce m\u00e9canisme n\u2019est pas strictement fig\u00e9. Le <strong>conseil d\u2019administration<\/strong> de l\u2019Agirc-Arrco peut choisir d\u2019ajuster la formule si la situation \u00e9conomique ou sociale le justifie. Par exemple, en cas de forte inflation ou de menace sur le pouvoir d\u2019achat, il est possible d\u2019adopter une <strong>mesure exceptionnelle<\/strong> pour limiter la perte ressentie par les <strong>b\u00e9n\u00e9ficiaires<\/strong>. Cette flexibilit\u00e9 permet de mieux accompagner les retrait\u00e9s face aux fluctuations \u00e9conomiques.<\/p>\n<ul class=\"wp-block-list\">\n<li><strong>L\u2019inflation hors tabac<\/strong> reste la r\u00e9f\u00e9rence principale pour le calcul.<\/li>\n<li>Un <strong>abattement de 0,4 point<\/strong> est syst\u00e9matiquement appliqu\u00e9.<\/li>\n<li>Le <strong>conseil d\u2019administration<\/strong> peut intervenir pour adapter la hausse.<\/li>\n<li>Tous les <strong>b\u00e9n\u00e9ficiaires<\/strong> re\u00e7oivent une <strong>augmentation proportionnelle<\/strong>.<\/li>\n<\/ul>\n<p>\u00c0 quoi s\u2019attendre pour la revalorisation du 1er novembre 2025\u00a0?<\/p>\n<p>Apr\u00e8s une <strong>hausse de 1,6\u00a0%<\/strong> en novembre 2024, les projections pour 2025 s\u2019orientent vers une augmentation plus mod\u00e9r\u00e9e, comprise entre <strong>0,8\u00a0% et 1,2\u00a0%<\/strong>. Certains sc\u00e9narios \u00e9voquent m\u00eame une fourchette allant de <strong>0,5\u00a0% \u00e0 1,3\u00a0%<\/strong>, refl\u00e9tant le ralentissement de l\u2019inflation observ\u00e9 r\u00e9cemment. Ces chiffres restent indicatifs et d\u00e9pendront de l\u2019\u00e9volution r\u00e9elle de l\u2019indice des prix dans les prochains mois.<\/p>\n<p>Pour la grande majorit\u00e9 des <strong>b\u00e9n\u00e9ficiaires<\/strong>, cette <strong>revalorisation<\/strong> Agirc-Arrco demeure essentielle. M\u00eame si l\u2019<strong>augmentation<\/strong> para\u00eet limit\u00e9e, elle vient partiellement compenser la hausse du co\u00fbt de la vie et contribue au maintien du <strong>pouvoir d\u2019achat<\/strong> associ\u00e9 au versement de la pension compl\u00e9mentaire. Rappelons que pr\u00e8s de <strong>13,7 millions de retrait\u00e9s<\/strong> du secteur priv\u00e9 sont concern\u00e9s, et qu\u2019aucune d\u00e9marche administrative n\u2019est n\u00e9cessaire pour b\u00e9n\u00e9ficier de cette modification automatique.<\/p>\n<p>Quelle incidence concr\u00e8te sur votre pension de retraite compl\u00e9mentaire\u00a0?<\/p>\n<p>Prenons un exemple simple pour illustrer l\u2019impact de cette <strong>augmentation<\/strong>. Avec une <strong>pension brute mensuelle<\/strong> de 1\u00a0200\u00a0\u20ac, une <strong>revalorisation de 1\u00a0%<\/strong> repr\u00e9senterait 12\u00a0\u20ac suppl\u00e9mentaires chaque mois, soit 144\u00a0\u20ac par an. Le montant exact d\u00e9pendra bien s\u00fbr du taux finalement retenu, mais ce suppl\u00e9ment, ajout\u00e9 automatiquement, constitue un v\u00e9ritable coup de pouce pour les retrait\u00e9s soucieux de leurs d\u00e9penses.<\/p>\n<p>La progression du <strong>montant de la pension<\/strong> d\u00e9pend donc \u00e0 la fois de votre allocation personnelle et du taux fix\u00e9 par l\u2019<strong>Agirc-Arrco<\/strong>. D\u00e8s l\u2019annonce officielle, chacun pourra calculer ais\u00e9ment sa propre hausse\u00a0: il suffira de multiplier sa pension brute mensuelle par le pourcentage communiqu\u00e9 d\u00e9but novembre. Il convient \u00e9galement d\u2019\u00eatre vigilant face aux risques externes : il a \u00e9t\u00e9 signal\u00e9 que <a href=\"https:\/\/www.adcf.org\/agirc-arrco-des-milliers-euros-sont-voles-aux-retraites-la-caisse-tire-la-sonnette-dalarme\/\" rel=\"nofollow noopener\" target=\"_blank\">des escroqueries r\u00e9centes ont caus\u00e9 des vols d\u2019argent importants chez les b\u00e9n\u00e9ficiaires de l\u2019Agirc-Arrco<\/a>, poussant la caisse \u00e0 tirer la sonnette d\u2019alarme pour prot\u00e9ger les retrait\u00e9s.<\/p>\n<p>Les grandes \u00e9tapes pour les b\u00e9n\u00e9ficiaires en novembre 2025<\/p>\n<p>D\u00e8s le <strong>1er novembre 2025<\/strong>, la <strong>revalorisation act\u00e9e<\/strong> prendra effet automatiquement, sans aucune intervention requise de la part des retrait\u00e9s. Le <strong>versement actualis\u00e9<\/strong> sera effectu\u00e9 trois jours plus tard, soit le <strong>3 novembre<\/strong>, conform\u00e9ment au calendrier habituel de paiement de la caisse de retraite compl\u00e9mentaire.<\/p>\n<p>Tous les documents r\u00e9capitulatifs transmis indiqueront clairement la nouvelle valeur de la <strong>pension<\/strong>. M\u00eame modeste, cet <strong>ajustement<\/strong> contribue \u00e0 att\u00e9nuer la pression exerc\u00e9e par la hausse des prix constat\u00e9e r\u00e9cemment. La transparence du processus permet \u00e0 chacun d\u2019anticiper ses finances avant la p\u00e9riode hivernale, en toute s\u00e9r\u00e9nit\u00e9.<\/p>\n","protected":false},"excerpt":{"rendered":"Chaque automne, de nombreux b\u00e9n\u00e9ficiaires du secteur priv\u00e9 surveillent avec attention l\u2019\u00e9volution du montant de leur retraite compl\u00e9mentaire.&hellip;\n","protected":false},"author":2,"featured_media":433981,"comment_status":"","ping_status":"","sticky":false,"template":"","format":"standard","meta":{"footnotes":""},"categories":[6],"tags":[35,33,34,1011,27],"class_list":{"0":"post-433980","1":"post","2":"type-post","3":"status-publish","4":"format-standard","5":"has-post-thumbnail","7":"category-economie","8":"tag-business","9":"tag-economie","10":"tag-economy","11":"tag-fr","12":"tag-france"},"share_on_mastodon":{"url":"https:\/\/pubeurope.com\/@fr\/115305311472172840","error":""},"_links":{"self":[{"href":"https:\/\/www.europesays.com\/fr\/wp-json\/wp\/v2\/posts\/433980","targetHints":{"allow":["GET"]}}],"collection":[{"href":"https:\/\/www.europesays.com\/fr\/wp-json\/wp\/v2\/posts"}],"about":[{"href":"https:\/\/www.europesays.com\/fr\/wp-json\/wp\/v2\/types\/post"}],"author":[{"embeddable":true,"href":"https:\/\/www.europesays.com\/fr\/wp-json\/wp\/v2\/users\/2"}],"replies":[{"embeddable":true,"href":"https:\/\/www.europesays.com\/fr\/wp-json\/wp\/v2\/comments?post=433980"}],"version-history":[{"count":0,"href":"https:\/\/www.europesays.com\/fr\/wp-json\/wp\/v2\/posts\/433980\/revisions"}],"wp:featuredmedia":[{"embeddable":true,"href":"https:\/\/www.europesays.com\/fr\/wp-json\/wp\/v2\/media\/433981"}],"wp:attachment":[{"href":"https:\/\/www.europesays.com\/fr\/wp-json\/wp\/v2\/media?parent=433980"}],"wp:term":[{"taxonomy":"category","embeddable":true,"href":"https:\/\/www.europesays.com\/fr\/wp-json\/wp\/v2\/categories?post=433980"},{"taxonomy":"post_tag","embeddable":true,"href":"https:\/\/www.europesays.com\/fr\/wp-json\/wp\/v2\/tags?post=433980"}],"curies":[{"name":"wp","href":"https:\/\/api.w.org\/{rel}","templated":true}]}}