{"id":43400,"date":"2025-04-22T07:33:09","date_gmt":"2025-04-22T07:33:09","guid":{"rendered":"https:\/\/www.europesays.com\/fr\/43400\/"},"modified":"2025-04-22T07:33:09","modified_gmt":"2025-04-22T07:33:09","slug":"camille-lacourt-piscine-et-four-a-pizza-a-quoi-ressemble-la-maison-marseillaise-ou-il-vit-avec-alice-detollenaere","status":"publish","type":"post","link":"https:\/\/www.europesays.com\/fr\/43400\/","title":{"rendered":"Camille Lacourt : piscine et four \u00e0 pizza&#8230; \u00e0 quoi ressemble la maison marseillaise o\u00f9 il vit avec Alice Detollenaere"},"content":{"rendered":"<p>Ancien nageur professionnel et quintuple champion du monde,<br \/>\n<a href=\"https:\/\/www.closermag.fr\/people\/camille-lacourt-son-couple-avec-alice-detollenaere-prend-un-nouveau-virage-ils-font-une-grande-annonce-3529221\" rel=\"nofollow noopener\" target=\"_blank\"><br \/>\nc<\/a> a troqu\u00e9 les bassins contre une vie de famille ensoleill\u00e9e,<br \/>\nexplique\u00a0<strong>Pure People<\/strong>. Install\u00e9 \u00e0<br \/>\nMarseille aux c\u00f4t\u00e9s de sa compagne Alice Detollenaere, ancienne<br \/>\nMiss Bourgogne, et de leur fils Marius, l\u00a0\u00bbancien sportif de haut<br \/>\nniveau <strong>profite d\u00e9sormais d&rsquo;un cadre bien diff\u00e9rent de son<br \/>\nancien duplex parisien<\/strong>. Un choix de vie motiv\u00e9 par une<br \/>\nenvie d&rsquo;espace, de nature et d&rsquo;une vie plus douce, loin des<br \/>\nagitations de la vie parisienne.<\/p>\n<p>Situ\u00e9e non loin du parc Bor\u00e9ly et des plages du Prado, leur<br \/>\ndemeure est une maison familiale o\u00f9 le confort et la convivialit\u00e9<br \/>\nsont au centre de tout. <strong>Et entre la piscine et le four \u00e0<br \/>\npizza, on comprend rapidement pourquoi le couple ne regrette<br \/>\nfinalement pas d&rsquo;avoir quitt\u00e9 la capitale<\/strong>.<\/p>\n<p>Une maison chaleureuse et conviviale<\/p>\n<blockquote class=\"instagram-media\" style=\"background: #ffffff;border: 0;margin: 1px;width: 100%;padding: 0;max-width: 500px;\" data-instgrm-permalink=\"https:\/\/www.instagram.com\/p\/C2uS4E4MVGL\/?img_index=1\" data-instgrm-version=\"14\"\/>\n<p>L&rsquo;ancienne star des bassins a dit adieu aux moulures<br \/>\nhaussmanniennes de son appartement parisien pour une maison \u00e0 la<br \/>\nfois moderne et accueillante. Leur nouveau nid leur offre une<br \/>\ncuisine ouverte, un grand salon avec canap\u00e9 d&rsquo;angle et, surtout,<br \/>\n\u00e9l\u00e9ment non n\u00e9gligeable, un espace ext\u00e9rieur propice aux<br \/>\nretrouvailles : <strong>jardin arbor\u00e9, piscine pour les plaisirs<br \/>\nd&rsquo;\u00e9t\u00e9, et m\u00eame un four \u00e0 pizza pour se faire plaisir quoi qu&rsquo;il<br \/>\narrive<\/strong>.<\/p>\n<p>Sur les r\u00e9seaux sociaux, <a href=\"https:\/\/www.closermag.fr\/people\/camille-lacourt-quelle-operation-a-t-il-discretement-subie-en-2014-1242709\" rel=\"nofollow noopener\" target=\"_blank\"><br \/>\nCamille Lacourt<\/a> partage par ailleurs r\u00e9guli\u00e8rement <strong>des<br \/>\nbribes de cette nouvelle vie marseillaise, toujours n\u00e9anmoins avec<br \/>\nune certaine pudeur<\/strong>. Son couple avec l&rsquo;ancienne Miss<br \/>\nBourgogne semble avoir trouv\u00e9, dans ce cadre idyllique, un<br \/>\n\u00e9quilibre serein pour leur vie de famille.<\/p>\n<p>Pourquoi le couple a-t-il quitt\u00e9 Paris<br \/>\n?<\/p>\n<p>\u00ab\u00a0Paris avec des enfants, on ne pouvait plus le vivre,\u00a0\u00bb<br \/>\nexpliquait Alice Detollenaere. Si on imagine que le d\u00e9m\u00e9nagement<br \/>\nvers <a href=\"https:\/\/www.closermag.fr\/vecu\/faits-divers\/a-marseille-un-retraite-recherche-son-telephone-portable-perdu-1055875\" rel=\"nofollow noopener\" target=\"_blank\"><br \/>\nMarseille<\/a> n&rsquo;a pas n\u00e9cessairement \u00e9t\u00e9 simple, le changement<br \/>\ns&rsquo;est rapidement impos\u00e9 comme une \u00e9vidence. \u00ab\u00a0Cette ville, j&rsquo;en<br \/>\nsuis fou\u00a0\u00bb, disait alors Camille Lacourt, \u00ab\u00a0<strong>Elle<br \/>\nm&rsquo;apaise. J&rsquo;adore son c\u00f4t\u00e9 nature, la proximit\u00e9 imm\u00e9diate de la<br \/>\nmer, la philosophie de ses habitants.<\/strong>\u00ab\u00a0<\/p>\n<p>Moins de stress, plus de temps ensemble, et une qualit\u00e9 de vie<br \/>\nbien meilleure que par le pass\u00e9&#8230;Leur choix de s&rsquo;installer dans le<br \/>\nSud <strong>s&rsquo;inscrit donc dans une d\u00e9marche de bien-\u00eatre<\/strong>.<br \/>\nTout en restant \u00e0 trois heures de TGV de la capitale, Camille<br \/>\nLacourt vit d\u00e9sormais dans un environnement qui lui ressemble :<br \/>\nsimple, solaire et centr\u00e9 sur l&rsquo;essentiel.<\/p>\n<p><script async src=\"\/\/www.instagram.com\/embed.js\"><\/script><\/p>\n","protected":false},"excerpt":{"rendered":"Ancien nageur professionnel et quintuple champion du monde, c a troqu\u00e9 les bassins contre une vie de famille&hellip;\n","protected":false},"author":2,"featured_media":43401,"comment_status":"","ping_status":"","sticky":false,"template":"","format":"standard","meta":{"footnotes":""},"categories":[1359],"tags":[548,13048,58,59,1011,27,973],"class_list":{"0":"post-43400","1":"post","2":"type-post","3":"status-publish","4":"format-standard","5":"has-post-thumbnail","7":"category-people","8":"tag-article-simple","9":"tag-camille-lacourt","10":"tag-divertissement","11":"tag-entertainment","12":"tag-fr","13":"tag-france","14":"tag-people"},"share_on_mastodon":{"url":"https:\/\/pubeurope.com\/@fr\/114380459569830692","error":""},"_links":{"self":[{"href":"https:\/\/www.europesays.com\/fr\/wp-json\/wp\/v2\/posts\/43400","targetHints":{"allow":["GET"]}}],"collection":[{"href":"https:\/\/www.europesays.com\/fr\/wp-json\/wp\/v2\/posts"}],"about":[{"href":"https:\/\/www.europesays.com\/fr\/wp-json\/wp\/v2\/types\/post"}],"author":[{"embeddable":true,"href":"https:\/\/www.europesays.com\/fr\/wp-json\/wp\/v2\/users\/2"}],"replies":[{"embeddable":true,"href":"https:\/\/www.europesays.com\/fr\/wp-json\/wp\/v2\/comments?post=43400"}],"version-history":[{"count":0,"href":"https:\/\/www.europesays.com\/fr\/wp-json\/wp\/v2\/posts\/43400\/revisions"}],"wp:featuredmedia":[{"embeddable":true,"href":"https:\/\/www.europesays.com\/fr\/wp-json\/wp\/v2\/media\/43401"}],"wp:attachment":[{"href":"https:\/\/www.europesays.com\/fr\/wp-json\/wp\/v2\/media?parent=43400"}],"wp:term":[{"taxonomy":"category","embeddable":true,"href":"https:\/\/www.europesays.com\/fr\/wp-json\/wp\/v2\/categories?post=43400"},{"taxonomy":"post_tag","embeddable":true,"href":"https:\/\/www.europesays.com\/fr\/wp-json\/wp\/v2\/tags?post=43400"}],"curies":[{"name":"wp","href":"https:\/\/api.w.org\/{rel}","templated":true}]}}