{"id":434001,"date":"2025-10-02T15:47:10","date_gmt":"2025-10-02T15:47:10","guid":{"rendered":"https:\/\/www.europesays.com\/fr\/434001\/"},"modified":"2025-10-02T15:47:10","modified_gmt":"2025-10-02T15:47:10","slug":"un-quinquagenaire-intoxique-par-les-fumees","status":"publish","type":"post","link":"https:\/\/www.europesays.com\/fr\/434001\/","title":{"rendered":"un quinquag\u00e9naire intoxiqu\u00e9 par les fum\u00e9es"},"content":{"rendered":"<p>            Par<br \/>\n        <strong><br \/>\n            <a href=\"https:\/\/actu.fr\/auteur\/yann-rivallan\" title=\"Consulter tous les articles de Yann Rivallan\" rel=\"nofollow noopener\" target=\"_blank\">Yann Rivallan<\/a><br \/>\n        <\/strong><\/p>\n<p>        Publi\u00e9 le<\/p>\n<p>            2 oct. 2025 \u00e0 17h39        <\/p>\n<p>Fin de soir\u00e9e agit\u00e9e pour un habitant de <a href=\"https:\/\/actu.fr\/normandie\/grand-couronne_76319\" rel=\"nofollow noopener\" target=\"_blank\">Grand-Couronne (Seine-Maritime)<\/a>. Apr\u00e8s une soir\u00e9e chez un cousin, dans la nuit du 1\u1d49\u02b3 au 2 octobre 2025, un homme d\u2019une cinquantaine d\u2019ann\u00e9es rentre chez lui. Avant d\u2019aller se coucher, il d\u00e9cide de se <strong>pr\u00e9parer des frites<\/strong>.<\/p>\n<p>Inconscient sur le balcon<\/p>\n<p class=\" wall-content\">Selon une source polici\u00e8re, il aurait \u00e9t\u00e9 \u00ab\u2009incommod\u00e9 par les fum\u00e9es de sa friteuse\u2009\u00bb. Alert\u00e9e par des voisins, qui sentaient l\u2019odeur de friture se r\u00e9pandre dans l\u2019immeuble, la femme du quinquag\u00e9naire le d\u00e9couvre <strong>inconscient sur leur balcon<\/strong>. \u00ab\u2009Il respirait difficilement\u2009\u00bb, rapporte notre source.<\/p>\n<p class=\" wall-content\">Les pompiers sont aussit\u00f4t appel\u00e9s. La police se rend \u00e9galement sur place \u00e0 partir de 3h50 du matin. Par pr\u00e9caution, la victime est transport\u00e9e \u00e0 l\u2019h\u00f4pital Raymond-Poincar\u00e9 de Garches (Hauts-de-Seine) pour \u00eatre admis dans une unit\u00e9 sp\u00e9cialis\u00e9e en <strong>intoxication au monoxyde de carbone<\/strong>.<\/p>\n<p class=\" wall-content\">Apr\u00e8s mesure sur les lieux, les pompiers ne rel\u00e8veront toutefois<strong> aucune trace de monoxyde<\/strong> dans le logement. Les autres habitants, la femme et les deux enfants de la victime, ont pu regagner leur appartement apr\u00e8s ventilation.<\/p>\n<p>Suivez l\u2019actualit\u00e9 de Rouen <a href=\"https:\/\/www.whatsapp.com\/channel\/0029VaKfnf99hXF2ddApFB1D\" rel=\"nofollow noopener\" target=\"_blank\">sur notre cha\u00eene WhatsApp<\/a> et <a href=\"https:\/\/www.tiktok.com\/@76actu.fr?lang=fr\" rel=\"nofollow noopener\" target=\"_blank\">sur notre compte TikTok<\/a><\/p>\n<p class=\" wall-content\">Personnalisez votre actualit\u00e9 en ajoutant vos villes et m\u00e9dias en favori avec <a href=\"https:\/\/moncompte.actu.fr\" title=\"D\u00e9couvez Mon Actu\" rel=\"nofollow noopener\" data-trk=\"{&quot;cta&quot;:{&quot;action&quot;:&quot;https:\\\/\\\/moncompte.actu.fr&quot;,&quot;category&quot;:&quot;mon compte&quot;,&quot;from&quot;:&quot;article footer&quot;,&quot;name&quot;:&quot;Mon actu&quot;,&quot;type&quot;:&quot;cta&quot;}}\" target=\"_blank\">Mon Actu<\/a>.<\/p>\n<p>                    <script async src=\"\/\/www.tiktok.com\/embed.js\"><\/script><\/p>\n","protected":false},"excerpt":{"rendered":"Par Yann Rivallan Publi\u00e9 le 2 oct. 2025 \u00e0 17h39 Fin de soir\u00e9e agit\u00e9e pour un habitant de&hellip;\n","protected":false},"author":2,"featured_media":434002,"comment_status":"","ping_status":"","sticky":false,"template":"","format":"standard","meta":{"footnotes":""},"categories":[9587],"tags":[1111,11,1777,674,118,1011,27,12,5161,25,9590],"class_list":{"0":"post-434001","1":"post","2":"type-post","3":"status-publish","4":"format-standard","5":"has-post-thumbnail","7":"category-rouen","8":"tag-actu","9":"tag-actualites","10":"tag-eu","11":"tag-europe","12":"tag-faits-divers","13":"tag-fr","14":"tag-france","15":"tag-news","16":"tag-normandie","17":"tag-republique-francaise","18":"tag-rouen"},"share_on_mastodon":{"url":"https:\/\/pubeurope.com\/@fr\/115305358678468225","error":""},"_links":{"self":[{"href":"https:\/\/www.europesays.com\/fr\/wp-json\/wp\/v2\/posts\/434001","targetHints":{"allow":["GET"]}}],"collection":[{"href":"https:\/\/www.europesays.com\/fr\/wp-json\/wp\/v2\/posts"}],"about":[{"href":"https:\/\/www.europesays.com\/fr\/wp-json\/wp\/v2\/types\/post"}],"author":[{"embeddable":true,"href":"https:\/\/www.europesays.com\/fr\/wp-json\/wp\/v2\/users\/2"}],"replies":[{"embeddable":true,"href":"https:\/\/www.europesays.com\/fr\/wp-json\/wp\/v2\/comments?post=434001"}],"version-history":[{"count":0,"href":"https:\/\/www.europesays.com\/fr\/wp-json\/wp\/v2\/posts\/434001\/revisions"}],"wp:featuredmedia":[{"embeddable":true,"href":"https:\/\/www.europesays.com\/fr\/wp-json\/wp\/v2\/media\/434002"}],"wp:attachment":[{"href":"https:\/\/www.europesays.com\/fr\/wp-json\/wp\/v2\/media?parent=434001"}],"wp:term":[{"taxonomy":"category","embeddable":true,"href":"https:\/\/www.europesays.com\/fr\/wp-json\/wp\/v2\/categories?post=434001"},{"taxonomy":"post_tag","embeddable":true,"href":"https:\/\/www.europesays.com\/fr\/wp-json\/wp\/v2\/tags?post=434001"}],"curies":[{"name":"wp","href":"https:\/\/api.w.org\/{rel}","templated":true}]}}