{"id":434007,"date":"2025-10-02T15:50:10","date_gmt":"2025-10-02T15:50:10","guid":{"rendered":"https:\/\/www.europesays.com\/fr\/434007\/"},"modified":"2025-10-02T15:50:10","modified_gmt":"2025-10-02T15:50:10","slug":"pres-de-grenoble-percute-par-un-bus-mtag-un-jeune-de-13-ans-en-urgence-absolue","status":"publish","type":"post","link":"https:\/\/www.europesays.com\/fr\/434007\/","title":{"rendered":"Pr\u00e8s de Grenoble. Percut\u00e9 par un bus M&rsquo;Tag, un jeune de 13 ans en urgence absolue"},"content":{"rendered":"<p>            Par<br \/>\n        <strong><br \/>\n            <a href=\"https:\/\/actu.fr\/auteur\/julien-sournies\" title=\"Consulter tous les articles de Julien Sournies\" rel=\"nofollow noopener\" target=\"_blank\">Julien Sournies<\/a><br \/>\n        <\/strong><\/p>\n<p>        Publi\u00e9 le<\/p>\n<p>            2 oct. 2025 \u00e0 17h17        <\/p>\n<p>Les sapeurs-pompiers de l\u2019<a href=\"https:\/\/actu.fr\/auvergne-rhone-alpes\/isere_38\" rel=\"nofollow noopener\" target=\"_blank\">Is\u00e8re<\/a> sont intervenus d\u2019urgence sur la commune de Claix, au sud de <a href=\"https:\/\/actu.fr\/grenoble\/\" rel=\"nofollow noopener\" target=\"_blank\">Grenoble<\/a>, ce jeudi 2 octobre 2025 en d\u00e9but d\u2019apr\u00e8s-midi.<\/p>\n<p class=\" wall-content\">Peu avant 15 heures, un adolescent de 13 ans a \u00e9t\u00e9 <strong>violemment percut\u00e9<\/strong> par un bus de la soci\u00e9t\u00e9 M\u2019Tag \u00e0 proximit\u00e9 d\u2019un arr\u00eat de bus situ\u00e9 sur la RD 106, \u00e9galement appel\u00e9e route de Comboire, apprend actu Grenoble, confirmant une information du <a href=\"https:\/\/c.ledauphine.com\/faits-divers-justice\/2025\/10\/02\/un-adolescent-de-13-ans-percute-par-un-bus-proche-de-grenoble\" rel=\"nofollow noopener\" target=\"_blank\">Dauphin\u00e9 Lib\u00e9r\u00e9<\/a>.<\/p>\n<p>L\u2019adolescent en urgence absolue<\/p>\n<p class=\" wall-content\">Selon les premiers \u00e9l\u00e9ments recueillis sur les lieux, le gar\u00e7on \u00e9tait en train de circuler \u00e0 pied sur un passage pi\u00e9ton avant d\u2019\u00eatre renvers\u00e9 par le bus.\u00a0<\/p>\n<p>    <a href=\"https:\/\/www.google.com\/maps\/embed?pb=!1m18!1m12!1m3!1d45046.00859823545!2d5.617775150239466!3d45.118725310911316!2m3!1f0!2f0!3f0!3m2!1i1024!2i768!4f13.1!3m3!1m2!1s0x478a8c541f9fa007%3A0x408ab2ae4be7c30!2s38640%20Claix!5e0!3m2!1sfr!2sfr!4v1759417956168!5m2!1sfr!2sfr\" title=\"Ouvrie le lien\" rel=\"nofollow noopener\" target=\"_blank\">Cliquez ici pour visualiser le contenu<\/a><\/p>\n<p class=\" wall-content\">D\u2019apr\u00e8s les secours, l\u2019adolescent a \u00e9t\u00e9 retrouv\u00e9 dans un \u00e9tat critique. M\u00e9dicalis\u00e9, il a imm\u00e9diatement \u00e9t\u00e9 \u00e9vacu\u00e9 en <strong>urgence absolue<\/strong> en direction du service d\u00e9choquage du CHU Grenoble Alpes.<\/p>\n<p class=\" wall-content\">Pour faire la lumi\u00e8re sur cet accident, les gendarmes de la compagnie de Grenoble ont ouvert une <strong>enqu\u00eate<\/strong>.<\/p>\n<p class=\" wall-content\">Personnalisez votre actualit\u00e9 en ajoutant vos villes et m\u00e9dias en favori avec <a href=\"https:\/\/moncompte.actu.fr\" title=\"D\u00e9couvez Mon Actu\" rel=\"nofollow noopener\" data-trk=\"{&quot;cta&quot;:{&quot;action&quot;:&quot;https:\\\/\\\/moncompte.actu.fr&quot;,&quot;category&quot;:&quot;mon compte&quot;,&quot;from&quot;:&quot;article footer&quot;,&quot;name&quot;:&quot;Mon actu&quot;,&quot;type&quot;:&quot;cta&quot;}}\" target=\"_blank\">Mon Actu<\/a>.<\/p>\n","protected":false},"excerpt":{"rendered":"Par Julien Sournies Publi\u00e9 le 2 oct. 2025 \u00e0 17h17 Les sapeurs-pompiers de l\u2019Is\u00e8re sont intervenus d\u2019urgence sur&hellip;\n","protected":false},"author":2,"featured_media":434008,"comment_status":"","ping_status":"","sticky":false,"template":"","format":"standard","meta":{"footnotes":""},"categories":[9566],"tags":[119,1111,11,2430,1777,674,118,1011,27,2731,12,1311,25],"class_list":{"0":"post-434007","1":"post","2":"type-post","3":"status-publish","4":"format-standard","5":"has-post-thumbnail","7":"category-grenoble","8":"tag-accident","9":"tag-actu","10":"tag-actualites","11":"tag-auvergne-rhone-alpes","12":"tag-eu","13":"tag-europe","14":"tag-faits-divers","15":"tag-fr","16":"tag-france","17":"tag-grenoble","18":"tag-news","19":"tag-pompiers","20":"tag-republique-francaise"},"share_on_mastodon":{"url":"https:\/\/pubeurope.com\/@fr\/115305370414193527","error":""},"_links":{"self":[{"href":"https:\/\/www.europesays.com\/fr\/wp-json\/wp\/v2\/posts\/434007","targetHints":{"allow":["GET"]}}],"collection":[{"href":"https:\/\/www.europesays.com\/fr\/wp-json\/wp\/v2\/posts"}],"about":[{"href":"https:\/\/www.europesays.com\/fr\/wp-json\/wp\/v2\/types\/post"}],"author":[{"embeddable":true,"href":"https:\/\/www.europesays.com\/fr\/wp-json\/wp\/v2\/users\/2"}],"replies":[{"embeddable":true,"href":"https:\/\/www.europesays.com\/fr\/wp-json\/wp\/v2\/comments?post=434007"}],"version-history":[{"count":0,"href":"https:\/\/www.europesays.com\/fr\/wp-json\/wp\/v2\/posts\/434007\/revisions"}],"wp:featuredmedia":[{"embeddable":true,"href":"https:\/\/www.europesays.com\/fr\/wp-json\/wp\/v2\/media\/434008"}],"wp:attachment":[{"href":"https:\/\/www.europesays.com\/fr\/wp-json\/wp\/v2\/media?parent=434007"}],"wp:term":[{"taxonomy":"category","embeddable":true,"href":"https:\/\/www.europesays.com\/fr\/wp-json\/wp\/v2\/categories?post=434007"},{"taxonomy":"post_tag","embeddable":true,"href":"https:\/\/www.europesays.com\/fr\/wp-json\/wp\/v2\/tags?post=434007"}],"curies":[{"name":"wp","href":"https:\/\/api.w.org\/{rel}","templated":true}]}}