{"id":434009,"date":"2025-10-02T15:51:10","date_gmt":"2025-10-02T15:51:10","guid":{"rendered":"https:\/\/www.europesays.com\/fr\/434009\/"},"modified":"2025-10-02T15:51:10","modified_gmt":"2025-10-02T15:51:10","slug":"dans-le-quartier-de-maurepas-a-rennes-cette-ecole-sera-entierement-detruite-puis-reconstruite","status":"publish","type":"post","link":"https:\/\/www.europesays.com\/fr\/434009\/","title":{"rendered":"Dans le quartier de Maurepas \u00e0 Rennes, cette \u00e9cole sera enti\u00e8rement d\u00e9truite, puis reconstruite"},"content":{"rendered":"<p>            Par<br \/>\n        <strong><br \/>\n            <a href=\"https:\/\/actu.fr\/auteur\/laurene-fertin\" title=\"Consulter tous les articles de Laur\u00e8ne Fertin\" target=\"_blank\" rel=\"noopener\">Laur\u00e8ne Fertin<\/a><br \/>\n        <\/strong><\/p>\n<p>        Publi\u00e9 le<\/p>\n<p>            2 oct. 2025 \u00e0 17h41        <\/p>\n<p>L\u2019\u00e9cole Tr\u00e9gain, situ\u00e9e dans le quartier Maurepas, a \u00e9t\u00e9 construite en <strong>1954.\u00a0<\/strong>Elle accueille aujourd\u2019hui <strong>350\u00a0\u00e9l\u00e8ves<\/strong>, dont 150 en maternelle et 200 en \u00e9l\u00e9mentaire. <strong>\u00c0 la rentr\u00e9e scolaire 2030-2031,<\/strong> c\u2019est dans <strong>un tout nouvel \u00e9tablissement<\/strong> que les petits \u00e9coliers auront classe.\u00a0<\/p>\n<p>20\u00a0millions d\u2019euros<\/p>\n<p class=\" wall-content\">Cette ambition, valid\u00e9e lors du conseil municipal, lundi 22 septembre 2025, se chiffre \u00e0 <strong>20 millions d\u2019euros. <\/strong>Celle-ci fait partie int\u00e9grante du <strong>projet de renouvellement urbain du quartier Maurepas<\/strong>. <a href=\"https:\/\/actu.fr\/bretagne\/rennes_35238\/en-images-le-quartier-maurepas-completement-transforme-en-2027-voici-a-quoi-il-ressemblera_62638413.html\" target=\"_blank\" rel=\"noopener\">Dalle, parking, restructuration du p\u00f4le commercial du Gros-Ch\u00eane<\/a>\u2009: le secteur concern\u00e9 par de <strong>multiples fusillades<\/strong> sur fond de narcotrafic sera m\u00e9tamorphos\u00e9 \u00e0 <strong>l\u2019horizon 2027.<\/strong><\/p>\n<p class=\" wall-content\">Projet de renouvellement urbain qui s\u2019inscrit lui-m\u00eame dans le cadre de la convention NPNRU (Nouveau programme national de renouvellement urbain), pr\u00e9voyant en effet que<strong> les \u00e9coles de Maurepas<\/strong>, \u00e0 l\u2019image du groupe scolaire Tr\u00e9gain, <strong>soient enti\u00e8rement remodel\u00e9es<\/strong>.<\/p>\n<p class=\" wall-content\">Ces deux derni\u00e8res ann\u00e9es, il y a eu, par exemple, <a href=\"https:\/\/actu.fr\/bretagne\/rennes_35238\/nouvelle-ecole-dans-le-quartier-de-maurepas-a-rennes-decouvrez-la-en-photos_59753262.html\" target=\"_blank\" rel=\"noopener\">la cr\u00e9ation du nouveau groupe scolaire<strong> Toni-Morrison<\/strong><\/a> (Maurepas) en 2023 ou encore <a href=\"https:\/\/actu.fr\/bretagne\/rennes_35238\/rennes-un-chantier-d-ampleur-va-debuter-dans-cette-ecole-classee-en-rep_62210613.html\" target=\"_blank\" rel=\"noopener\">la r\u00e9novation du groupe scolaire <strong>Gantelles<\/strong><\/a> (depuis cet \u00e9t\u00e9 2025), dont la r\u00e9habilitation se chiffre \u00e0 un plus d\u2019un million d\u2019euros.<\/p>\n<p>Une \u00e9cole qui sera \u00ab\u2009conforme\u2009\u00bb aux normes actuelles<\/p>\n<p class=\" wall-content\">Concernant l\u2019\u00e9cole Tr\u00e9gain, la Ville de Rennes souhaite <strong>d\u00e9molir et reconstruire<\/strong> le groupe scolaire, afin de le rendre \u00ab\u2009plus compact et<strong> conforme aux normes actuelles<\/strong> de constructions, notamment environnementales\u2009\u00bb. Ces travaux contribueront, par ailleurs, <strong>\u00ab\u2009\u00e0 am\u00e9liorer le confort des \u00e9l\u00e8ves<\/strong> et de l\u2019ensemble du personnel \u00e9ducatif\u2009\u00bb.<\/p>\n<p class=\" wall-content\">Le foncier de l\u2019\u00e9tablissement scolaire repr\u00e9sente <strong>plus de deux hectares<\/strong>. La surface des b\u00e2timents repr\u00e9sente quant \u00e0 elle environ <strong>3\u2009700 m\u00b2<\/strong> dont\u2009:<\/p>\n<p>Votre r\u00e9gion, votre actu !<\/p>\n<p>Recevez chaque jour les infos qui comptent pour vous.<\/p>\n<p>\t<a href=\"https:\/\/actu.fr\/newsletter\" class=\"ac-btn ac-btn--corner ac-btn--medium ac-btn--blue800\" target=\"_blank\" rel=\"noopener\">S&rsquo;incrire<\/a><\/p>\n<ul class=\" wall-content\">\n<li>700 m\u00b2 pour le p\u00f4le commun aux deux \u00e9coles\u2009;<\/li>\n<li>1\u2009800 m\u00b2 pour le p\u00f4le enseignement\u2009;<\/li>\n<li>100 m\u00b2 pour le p\u00f4le p\u00e9riscolaire\u2009;<\/li>\n<li>400 m\u00b2 pour le restaurant scolaire\u2009;<\/li>\n<li>700 m\u00b2 pour les circulations et locaux techniques.<\/li>\n<\/ul>\n<p class=\" wall-content\">La surface des espaces ext\u00e9rieurs est estim\u00e9e \u00e0 <strong>4\u2009500 m\u00b2<\/strong>.<\/p>\n<p class=\" wall-content\"><strong>Une partie du foncier<\/strong> \u2013 plus d\u2019un hectare \u2013 <strong>sera lib\u00e9r\u00e9e,<\/strong> permettant la construction <strong>de nouveaux logements<\/strong> \u00ab\u2009et de la diversification de l\u2019habitat dans le quartier\u2009\u00bb, indique la Ville.<\/p>\n<p>Panneaux photovolta\u00efques, r\u00e9emploi du mobilier&#8230;<\/p>\n<p>La Ville de Rennes indique par ailleurs que le b\u00e2timent sera raccord\u00e9 au r\u00e9seau de chaleur urbain et des panneaux photovolta\u00efques seront install\u00e9s sur les toits. \u00ab\u00a0Un diagnostic complet\u00a0\u00bb permettra de d\u00e9finir le r\u00e9emploi des mat\u00e9riaux du b\u00e2timent d\u00e9moli. Un \u00ab\u00a0inventaire complet\u00a0\u00bb du mobilier r\u00e9cup\u00e9rable de l&rsquo;\u00e9cole sera r\u00e9alis\u00e9 \u00ab\u00a0pour limiter le recours \u00e0 du mobilier neuf\u00a0\u00bb. Enfin, les \u00ab\u00a0principaux arbres seront conserv\u00e9s et int\u00e9gr\u00e9s\u00a0\u00bb \u00e0 l&rsquo;am\u00e9nagement des futures cours de r\u00e9cr\u00e9ation.<\/p>\n<p>Jusqu\u2019\u00e0 420\u00a0\u00e9l\u00e8ves<\/p>\n<p class=\" wall-content\">In fine, le nouveau groupe scolaire Tr\u00e9gain pourra accueillir jusqu\u2019\u00e0 420\u00a0\u00e9l\u00e8ves, r\u00e9partis comme ceci\u2009:<\/p>\n<ul class=\" wall-content\">\n<li><strong>160\u00a0\u00e9l\u00e8ves de maternelle<\/strong> r\u00e9partis en <strong>huit classes,<\/strong> dont une classe pour l\u2019accueil des moins de 3\u00a0ans\u2009;<\/li>\n<li><strong>260\u00a0\u00e9l\u00e8ves d\u2019\u00e9cole \u00e9l\u00e9mentaire<\/strong>, r\u00e9partis en <strong>huit classes<\/strong> \u00e9galement.<\/li>\n<\/ul>\n<p class=\" wall-content\">Une classe d\u2019une quinzaine d\u2019\u00e9l\u00e8ves du <strong>dispositif UPE2A<\/strong> (Unit\u00e9s p\u00e9dagogiques pour \u00e9l\u00e8ves allophones arrivants) sera par ailleurs ouverte.<\/p>\n<p>Le calendrier<\/p>\n<p class=\" wall-content\">Le lancement du concours de ma\u00eetrise d\u2019\u0153uvre aura lieu \u00e0 l\u2019automne de cette ann\u00e9e 2025. Le d\u00e9marrage des \u00e9tudes de conception sera lanc\u00e9 en septembre 2026, avant que <strong>le permis de construire<\/strong> ne soit d\u00e9pos\u00e9 \u00e0 la <strong>fin 2027.<\/strong><\/p>\n<p class=\" wall-content\"><strong>Le d\u00e9marrage des travaux<\/strong> est estim\u00e9 au <strong>premier semestre 2028.<\/strong> Enfin, la livraison de l\u2019\u00e9quipement sera possible pour <strong>la rentr\u00e9e scolaire 2030-2031.<\/strong><\/p>\n<p class=\" wall-content\">Personnalisez votre actualit\u00e9 en ajoutant vos villes et m\u00e9dias en favori avec <a href=\"https:\/\/moncompte.actu.fr\" title=\"D\u00e9couvez Mon Actu\" rel=\"nofollow noopener\" data-trk=\"{&quot;cta&quot;:{&quot;action&quot;:&quot;https:\\\/\\\/moncompte.actu.fr&quot;,&quot;category&quot;:&quot;mon compte&quot;,&quot;from&quot;:&quot;article footer&quot;,&quot;name&quot;:&quot;Mon actu&quot;,&quot;type&quot;:&quot;cta&quot;}}\" target=\"_blank\">Mon Actu<\/a>.<\/p>\n","protected":false},"excerpt":{"rendered":"Par Laur\u00e8ne Fertin Publi\u00e9 le 2 oct. 2025 \u00e0 17h41 L\u2019\u00e9cole Tr\u00e9gain, situ\u00e9e dans le quartier Maurepas, a&hellip;\n","protected":false},"author":2,"featured_media":434010,"comment_status":"","ping_status":"","sticky":false,"template":"","format":"standard","meta":{"footnotes":""},"categories":[2821],"tags":[1111,11,829,1057,1777,674,1011,27,22320,12,584,25,104,2086],"class_list":{"0":"post-434009","1":"post","2":"type-post","3":"status-publish","4":"format-standard","5":"has-post-thumbnail","7":"category-rennes","8":"tag-actu","9":"tag-actualites","10":"tag-bretagne","11":"tag-education","12":"tag-eu","13":"tag-europe","14":"tag-fr","15":"tag-france","16":"tag-maurepas","17":"tag-news","18":"tag-rennes","19":"tag-republique-francaise","20":"tag-societe","21":"tag-travaux"},"share_on_mastodon":{"url":"https:\/\/pubeurope.com\/@fr\/115305374325706009","error":""},"_links":{"self":[{"href":"https:\/\/www.europesays.com\/fr\/wp-json\/wp\/v2\/posts\/434009","targetHints":{"allow":["GET"]}}],"collection":[{"href":"https:\/\/www.europesays.com\/fr\/wp-json\/wp\/v2\/posts"}],"about":[{"href":"https:\/\/www.europesays.com\/fr\/wp-json\/wp\/v2\/types\/post"}],"author":[{"embeddable":true,"href":"https:\/\/www.europesays.com\/fr\/wp-json\/wp\/v2\/users\/2"}],"replies":[{"embeddable":true,"href":"https:\/\/www.europesays.com\/fr\/wp-json\/wp\/v2\/comments?post=434009"}],"version-history":[{"count":0,"href":"https:\/\/www.europesays.com\/fr\/wp-json\/wp\/v2\/posts\/434009\/revisions"}],"wp:featuredmedia":[{"embeddable":true,"href":"https:\/\/www.europesays.com\/fr\/wp-json\/wp\/v2\/media\/434010"}],"wp:attachment":[{"href":"https:\/\/www.europesays.com\/fr\/wp-json\/wp\/v2\/media?parent=434009"}],"wp:term":[{"taxonomy":"category","embeddable":true,"href":"https:\/\/www.europesays.com\/fr\/wp-json\/wp\/v2\/categories?post=434009"},{"taxonomy":"post_tag","embeddable":true,"href":"https:\/\/www.europesays.com\/fr\/wp-json\/wp\/v2\/tags?post=434009"}],"curies":[{"name":"wp","href":"https:\/\/api.w.org\/{rel}","templated":true}]}}