{"id":434011,"date":"2025-10-02T15:52:11","date_gmt":"2025-10-02T15:52:11","guid":{"rendered":"https:\/\/www.europesays.com\/fr\/434011\/"},"modified":"2025-10-02T15:52:11","modified_gmt":"2025-10-02T15:52:11","slug":"les-habitants-peuvent-ils-boire-leau-du-robinet","status":"publish","type":"post","link":"https:\/\/www.europesays.com\/fr\/434011\/","title":{"rendered":"les habitants peuvent-ils boire l\u2019eau du robinet\u00a0?"},"content":{"rendered":"<p>            Par<br \/>\n        <strong><br \/>\n            <a href=\"https:\/\/actu.fr\/auteur\/maxime-turberville\" title=\"Consulter tous les articles de Maxime Turberville\" target=\"_blank\" rel=\"noopener\">Maxime Turberville<\/a><br \/>\n        <\/strong><\/p>\n<p>        Publi\u00e9 le<\/p>\n<p>            2 oct. 2025 \u00e0 17h30        <\/p>\n<p>Soulagement pour des milliers d\u2019habitants d\u2019Ille-et-Vilaine. <b>L\u2019eau est de nouveau potable<\/b> dans les communes de <b>Janz\u00e9, Corps-Nuds, Brie et Amanlis<\/b> qui en \u00e9taient priv\u00e9es <a href=\"https:\/\/actu.fr\/bretagne\/janze_35136\/ille-et-vilaine-ces-communes-privees-deau-potable-la-solidarite-sorganise_63237584.html\" target=\"_blank\" rel=\"noopener\"><b>depuis lundi 29\u00a0septembre 2025.<\/b><\/a><\/p>\n<p class=\" wall-content\">Ce jeudi apr\u00e8s-midi, <b>Eau du bassin rennais<\/b> informe que les r\u00e9sultats d\u2019analyse sont \u00ab\u2009favorables\u2009\u00bb. L\u2019eau peut donc \u00eatre bue, utilis\u00e9e pour la pr\u00e9paration des aliments ainsi que pour tous les autres usages.<\/p>\n<p>Les restrictions lev\u00e9es<\/p>\n<p class=\" wall-content\">Le quotidien des habitants de ces quatre communes pr\u00e8s de Rennes \u00e9tait impact\u00e9 depuis lundi. Apr\u00e8s la rupture d\u2019une canalisation\u00a0sous la quatre voies entre Rennes et Angers, au niveau du Theil-de-Bretagne, l\u2019alimentation en eau a \u00e9t\u00e9 coup\u00e9e quelques heures.<\/p>\n<p class=\" wall-content\">Mais quand elle a \u00e9t\u00e9 r\u00e9tablie, la consommation de l\u2019eau du robinet \u00e9tait <b>d\u00e9conseill\u00e9e en attendant les r\u00e9sultats d\u2019analyses<\/b>, attendus ce <b>jeudi.<\/b><\/p>\n<p class=\" wall-content\">\u00ab\u2009L\u2019Agence r\u00e9gionale de sant\u00e9 (ARS) a l<b>ev\u00e9 toutes les restrictions li\u00e9es \u00e0 l\u2019usage de l\u2019eau<\/b>. Un grand merci \u00e0 tous les habitants pour leur patience et leur coop\u00e9ration durant cette p\u00e9riode\u2009\u00bb, communique Eau du bassin rennais.<\/p>\n<p>Vid\u00e9os : en ce moment sur Actu<\/p>\n<p class=\" wall-content\">La solidarit\u00e9 avait aussi bien fonctionn\u00e9 dans les communes comme nous avions pu le constater dans cet <a href=\"https:\/\/actu.fr\/bretagne\/janze_35136\/ille-et-vilaine-ces-communes-privees-deau-potable-la-solidarite-sorganise_63237584.html\" target=\"_blank\" rel=\"noopener\">article<\/a>.<\/p>\n<p class=\" wall-content\">Personnalisez votre actualit\u00e9 en ajoutant vos villes et m\u00e9dias en favori avec <a href=\"https:\/\/moncompte.actu.fr\" title=\"D\u00e9couvez Mon Actu\" rel=\"nofollow noopener\" data-trk=\"{&quot;cta&quot;:{&quot;action&quot;:&quot;https:\\\/\\\/moncompte.actu.fr&quot;,&quot;category&quot;:&quot;mon compte&quot;,&quot;from&quot;:&quot;article footer&quot;,&quot;name&quot;:&quot;Mon actu&quot;,&quot;type&quot;:&quot;cta&quot;}}\" target=\"_blank\">Mon Actu<\/a>.<\/p>\n","protected":false},"excerpt":{"rendered":"Par Maxime Turberville Publi\u00e9 le 2 oct. 2025 \u00e0 17h30 Soulagement pour des milliers d\u2019habitants d\u2019Ille-et-Vilaine. L\u2019eau est&hellip;\n","protected":false},"author":2,"featured_media":434012,"comment_status":"","ping_status":"","sticky":false,"template":"","format":"standard","meta":{"footnotes":""},"categories":[2821],"tags":[1111,11,829,9746,1777,674,1011,27,12,584,25,104],"class_list":{"0":"post-434011","1":"post","2":"type-post","3":"status-publish","4":"format-standard","5":"has-post-thumbnail","7":"category-rennes","8":"tag-actu","9":"tag-actualites","10":"tag-bretagne","11":"tag-eau-potable","12":"tag-eu","13":"tag-europe","14":"tag-fr","15":"tag-france","16":"tag-news","17":"tag-rennes","18":"tag-republique-francaise","19":"tag-societe"},"share_on_mastodon":{"url":"https:\/\/pubeurope.com\/@fr\/115305378221065206","error":""},"_links":{"self":[{"href":"https:\/\/www.europesays.com\/fr\/wp-json\/wp\/v2\/posts\/434011","targetHints":{"allow":["GET"]}}],"collection":[{"href":"https:\/\/www.europesays.com\/fr\/wp-json\/wp\/v2\/posts"}],"about":[{"href":"https:\/\/www.europesays.com\/fr\/wp-json\/wp\/v2\/types\/post"}],"author":[{"embeddable":true,"href":"https:\/\/www.europesays.com\/fr\/wp-json\/wp\/v2\/users\/2"}],"replies":[{"embeddable":true,"href":"https:\/\/www.europesays.com\/fr\/wp-json\/wp\/v2\/comments?post=434011"}],"version-history":[{"count":0,"href":"https:\/\/www.europesays.com\/fr\/wp-json\/wp\/v2\/posts\/434011\/revisions"}],"wp:featuredmedia":[{"embeddable":true,"href":"https:\/\/www.europesays.com\/fr\/wp-json\/wp\/v2\/media\/434012"}],"wp:attachment":[{"href":"https:\/\/www.europesays.com\/fr\/wp-json\/wp\/v2\/media?parent=434011"}],"wp:term":[{"taxonomy":"category","embeddable":true,"href":"https:\/\/www.europesays.com\/fr\/wp-json\/wp\/v2\/categories?post=434011"},{"taxonomy":"post_tag","embeddable":true,"href":"https:\/\/www.europesays.com\/fr\/wp-json\/wp\/v2\/tags?post=434011"}],"curies":[{"name":"wp","href":"https:\/\/api.w.org\/{rel}","templated":true}]}}