{"id":434015,"date":"2025-10-02T15:54:12","date_gmt":"2025-10-02T15:54:12","guid":{"rendered":"https:\/\/www.europesays.com\/fr\/434015\/"},"modified":"2025-10-02T15:54:12","modified_gmt":"2025-10-02T15:54:12","slug":"strasbourg-15-ans-de-prison-pour-lincendiaire-du-camping-car-de-la-place-de-bordeaux","status":"publish","type":"post","link":"https:\/\/www.europesays.com\/fr\/434015\/","title":{"rendered":"Strasbourg. 15 ans de prison pour l\u2019incendiaire du camping-car de la place de Bordeaux"},"content":{"rendered":"<p>\u00ab\u00a0Le feu, c\u2019est la vie et la joie chez nous.\u00a0\u00bb Cette phrase de Franck Diana, issu de la communaut\u00e9 des gens du voyage, sonne faux \u00e0 son proc\u00e8s. L\u2019accus\u00e9 de 43 ans compara\u00eet devant la cour d\u2019assises du Bas-Rhin pour tentative de meurtre et destruction du bien d\u2019autrui par un moyen dangereux pour les personnes.<\/p>\n<p>Le 5\u00a0mai\u00a02022, sur le parking de la place de Bordeaux, face aux locaux de France 3, le feu lui a servi \u00e0 d\u00e9truire un camping-car alors que son propri\u00e9taire \u00e9tait \u00e0 l\u2019int\u00e9rieur. Il \u00e9tait 5\u00a0h\u00a042, quand il a proc\u00e9d\u00e9 \u00e0 l\u2019allumage \u00e0 l\u2019aide d\u2019un briquet et d\u2019un morceau de papier, discr\u00e8tement gliss\u00e9 \u00e0 travers une vitre ouverte, c\u00f4t\u00e9 passager. Pendant sept minutes, il a r\u00f4d\u00e9 autour s\u2019assurant que l\u2019\u00e9tincelle prenne.<\/p>\n<p><a href=\"https:\/\/www.dna.fr\/faits-divers-justice\/2025\/10\/02\/l-incendie-de-mon-camping-car-m-a-remis-a-la-rue-la-victime-qui-a-echappe-aux-flammes-se-livre-au-premier-jour-du-proces\" target=\"_blank\" rel=\"noopener\">L\u2019occupant<\/a> avait \u00e9t\u00e9 r\u00e9veill\u00e9 par du bruit et un&#8230;<\/p>\n","protected":false},"excerpt":{"rendered":"\u00ab\u00a0Le feu, c\u2019est la vie et la joie chez nous.\u00a0\u00bb Cette phrase de Franck Diana, issu de la&hellip;\n","protected":false},"author":2,"featured_media":434016,"comment_status":"","ping_status":"","sticky":false,"template":"","format":"standard","meta":{"footnotes":""},"categories":[2820],"tags":[1111,11,2389,2649,271,272,2880,1777,674,274,107,1011,27,775,1310,12,25,640,2879],"class_list":{"0":"post-434015","1":"post","2":"type-post","3":"status-publish","4":"format-standard","5":"has-post-thumbnail","7":"category-strasbourg","8":"tag-actu","9":"tag-actualites","10":"tag-alsace","11":"tag-bas-rhin","12":"tag-crime","13":"tag-delit-et-contravention","14":"tag-edition-strasbourg","15":"tag-eu","16":"tag-europe","17":"tag-faits-divers-justice","18":"tag-fil-info","19":"tag-fr","20":"tag-france","21":"tag-grand-est","22":"tag-incendie","23":"tag-news","24":"tag-republique-francaise","25":"tag-strasbourg","26":"tag-strasbourg-ville"},"share_on_mastodon":{"url":"https:\/\/pubeurope.com\/@fr\/115305386078193791","error":""},"_links":{"self":[{"href":"https:\/\/www.europesays.com\/fr\/wp-json\/wp\/v2\/posts\/434015","targetHints":{"allow":["GET"]}}],"collection":[{"href":"https:\/\/www.europesays.com\/fr\/wp-json\/wp\/v2\/posts"}],"about":[{"href":"https:\/\/www.europesays.com\/fr\/wp-json\/wp\/v2\/types\/post"}],"author":[{"embeddable":true,"href":"https:\/\/www.europesays.com\/fr\/wp-json\/wp\/v2\/users\/2"}],"replies":[{"embeddable":true,"href":"https:\/\/www.europesays.com\/fr\/wp-json\/wp\/v2\/comments?post=434015"}],"version-history":[{"count":0,"href":"https:\/\/www.europesays.com\/fr\/wp-json\/wp\/v2\/posts\/434015\/revisions"}],"wp:featuredmedia":[{"embeddable":true,"href":"https:\/\/www.europesays.com\/fr\/wp-json\/wp\/v2\/media\/434016"}],"wp:attachment":[{"href":"https:\/\/www.europesays.com\/fr\/wp-json\/wp\/v2\/media?parent=434015"}],"wp:term":[{"taxonomy":"category","embeddable":true,"href":"https:\/\/www.europesays.com\/fr\/wp-json\/wp\/v2\/categories?post=434015"},{"taxonomy":"post_tag","embeddable":true,"href":"https:\/\/www.europesays.com\/fr\/wp-json\/wp\/v2\/tags?post=434015"}],"curies":[{"name":"wp","href":"https:\/\/api.w.org\/{rel}","templated":true}]}}