{"id":434021,"date":"2025-10-02T15:57:10","date_gmt":"2025-10-02T15:57:10","guid":{"rendered":"https:\/\/www.europesays.com\/fr\/434021\/"},"modified":"2025-10-02T15:57:10","modified_gmt":"2025-10-02T15:57:10","slug":"un-festival-de-cinema-dedie-a-la-sante-mentale-propose-des-projections-gratuites","status":"publish","type":"post","link":"https:\/\/www.europesays.com\/fr\/434021\/","title":{"rendered":"un festival de cin\u00e9ma d\u00e9di\u00e9 \u00e0 la sant\u00e9 mentale propose des projections gratuites"},"content":{"rendered":"<p>            Par<br \/>\n        <strong><br \/>\n            <a href=\"https:\/\/actu.fr\/auteur\/thomas-bernard\" title=\"Consulter tous les articles de Thomas Bernard\" rel=\"nofollow noopener\" target=\"_blank\">Thomas Bernard<\/a><br \/>\n        <\/strong><\/p>\n<p>        Publi\u00e9 le<\/p>\n<p>            2 oct. 2025 \u00e0 17h39        <\/p>\n<p>Changer les regards via le cin\u00e9ma. C\u2019est le projet de \u00ab\u2009Cin\u00e9ma \u00e0 la folie\u2009\u00bb, un festival de cin\u00e9ma in\u00e9dit pour \u00ab\u2009briser le tabou\u2009\u00bb <strong>sur la sant\u00e9 mentale<\/strong>. Tout au long du mois d\u2019octobre, le festival sillonne la France en passant par huit villes. Parmi ces \u00e9tapes, un passage \u00e0 Nantes. <strong>Du vendredi\u00a03 au lundi 6\u00a0octobre<\/strong>, des s\u00e9ances,<strong> enti\u00e8rement gratuites<\/strong>, sont propos\u00e9es au cin\u00e9ma Le Concorde.<\/p>\n<p>    <a href=\"https:\/\/www.google.com\/maps\/embed?pb=!1m18!1m12!1m3!1d2064.4665423502347!2d-1.5893249248053318!3d47.211220315198446!2m3!1f0!2f0!3f0!3m2!1i1024!2i768!4f13.1!3m3!1m2!1s0x4805ec719a946e9b%3A0xa82ad1c100420eaf!2sCin%C3%A9ma%20Le%20Concorde!5e1!3m2!1sfr!2sfr!4v1759409372656!5m2!1sfr!2sfr\" title=\"Ouvrie le lien\" rel=\"nofollow noopener\" target=\"_blank\">Cliquez ici pour visualiser le contenu<\/a><\/p>\n<p>Des rencontres apr\u00e8s les projections<\/p>\n<p class=\" wall-content\">Une s\u00e9lection de 12 films \u2013 documentaires et fictions \u2013 sera \u00e0 l\u2019affiche du festival, parrain\u00e9 par la com\u00e9dienne Isabelle Carr\u00e9 et le cin\u00e9aste Nicolas Philibert. La s\u00e9lection vise \u00e0 <strong>\u00ab\u2009montrer la r\u00e9alit\u00e9 des troubles psychiques\u2009\u00bb<\/strong>.<\/p>\n<p class=\" wall-content\">Les projections seront suivies de d\u00e9bats entre\u00a0des experts, associations et cin\u00e9astes. Voici le programme \u00e0 Nantes\u2009:<\/p>\n<ul class=\" wall-content\">\n<li>vendredi 3\u00a0octobre, 20h\u2009: La Vie de ma m\u00e8re, de Julien Carpentier (th\u00e8mes\u2009: bipolarit\u00e9, arr\u00eat de traitement, aidant). Rencontre post-projection avec\u2009: Julien Carpentier, r\u00e9alisateur du film et lui-m\u00eame aidant\u2009; Alexia Romero, psychiatre au CHU de Nantes\u2009; Nathalie Diguet, vivant avec un trouble bipolaire\u2009;<\/li>\n<li>samedi 4\u00a0octobre, 14\u2009h\u2009: La Machine \u00e0 \u00e9crire et autres sources de tracas, de Nicolas Philibert (th\u00e8mes\u2009: lien aux soignants, psychiatrie de secteur). Rencontre post-projection avec\u2009: Dominique, Julie et Pascal, adh\u00e9rents au groupe d\u2019entraide mutuelle (GEM) Le Nouveau Cap \u00e0 Nantes.<br \/>\u00c0 20\u2009h\u200930\u2009: Les R\u00eaveurs, d\u2019Isabelle Carr\u00e9 (th\u00e8mes\u2009: sant\u00e9 mentale des jeunes, pr\u00e9vention du suicide). Rencontre post-projection avec\u2009: Guillaume Baudoin, psychologue et directeur de l\u2019association Solipsy qui s\u2019est associ\u00e9e \u00e0 la maison des adolescents pour former des ambassadeurs en sant\u00e9 mentale\u2009; Benoit Maillet, psychiatre, coordinateur m\u00e9dical de la maison des adolescents de Loire-Atlantique\u2009;<\/li>\n<li>dimanche 5\u00a0octobre, 14\u2009h\u2009: Nos folies ordinaires, d\u2019Ad\u00e8le Flaux et J\u00e9r\u00e9my Frey (th\u00e8mes\u2009: schizophr\u00e9nie, bipolarit\u00e9, borderline, d\u00e9pression, pair-aidance, errance diagnostic). Rencontre post-projection avec\u2009: Ad\u00e8le Flaux, r\u00e9alisatrice du film\u2009; Hana L\u00e9vy Sousan, protagoniste du film, vivant avec un trouble bipolaire et psychologue \u00e0 la Maison Perch\u00e9e.<br \/>\u00c0 17\u2009h\u2009: Le Soleil de trop pr\u00e8s, de Brieuc Carnaille (th\u00e8mes\u2009: TCA, anorexie mentale, sant\u00e9 mentale des jeunes). Rencontre post-projection avec\u2009: Violaine Durand, b\u00e9n\u00e9vole \u00e0 Nantes au sein de l\u2019UNAFAM, association de familles de malades psychiques\u2009;<\/li>\n<li>lundi 6\u00a0octobre, 9\u2009h\u200930\u2009: Golo &amp; Ritchie, d\u2019Ahmed Hamidi et Martin Fougerol. Rencontre post-projection avec\u2009: Guillaume Baudoin, psychologue et directeur de l\u2019association Solipsy.<\/li>\n<\/ul>\n<p class=\" wall-content\">Les places peuvent \u00eatre r\u00e9serv\u00e9es aupr\u00e8s du cin\u00e9ma\u00a0ou sur <a href=\"http:\/\/www.cinema-a-la-folie.fr\/\" rel=\"nofollow noopener\" target=\"_blank\">le site internet du festival<\/a>.<\/p>\n<p class=\" wall-content\">\u00ab\u2009Alors que 7 Fran\u00e7ais sur 10 consid\u00e8rent que la sant\u00e9 mentale est un tabou et que 4 sur 10 pensent que les personnes atteintes de troubles psychiques sont dangereuses, le cin\u00e9ma a plus que jamais un r\u00f4le \u00e0 jouer pour faire \u00e9voluer la soci\u00e9t\u00e9\u2009\u00bb, expliquent les organisateurs dans un communiqu\u00e9 transmis \u00e0 <a href=\"https:\/\/actu.fr\/nantes\/\" rel=\"nofollow noopener\" target=\"_blank\">actu Nantes<\/a>.<\/p>\n<p class=\" wall-content\">Personnalisez votre actualit\u00e9 en ajoutant vos villes et m\u00e9dias en favori avec <a href=\"https:\/\/moncompte.actu.fr\" title=\"D\u00e9couvez Mon Actu\" rel=\"nofollow noopener\" data-trk=\"{&quot;cta&quot;:{&quot;action&quot;:&quot;https:\\\/\\\/moncompte.actu.fr&quot;,&quot;category&quot;:&quot;mon compte&quot;,&quot;from&quot;:&quot;article footer&quot;,&quot;name&quot;:&quot;Mon actu&quot;,&quot;type&quot;:&quot;cta&quot;}}\" target=\"_blank\">Mon Actu<\/a>.<\/p>\n","protected":false},"excerpt":{"rendered":"Par Thomas Bernard Publi\u00e9 le 2 oct. 2025 \u00e0 17h39 Changer les regards via le cin\u00e9ma. C\u2019est le&hellip;\n","protected":false},"author":2,"featured_media":434022,"comment_status":"","ping_status":"","sticky":false,"template":"","format":"standard","meta":{"footnotes":""},"categories":[2818],"tags":[1111,11,650,1777,674,1011,27,1652,766,12,2636,25,71],"class_list":{"0":"post-434021","1":"post","2":"type-post","3":"status-publish","4":"format-standard","5":"has-post-thumbnail","7":"category-nantes","8":"tag-actu","9":"tag-actualites","10":"tag-cinema","11":"tag-eu","12":"tag-europe","13":"tag-fr","14":"tag-france","15":"tag-loisirs-culture","16":"tag-nantes","17":"tag-news","18":"tag-pays-de-la-loire","19":"tag-republique-francaise","20":"tag-sante"},"share_on_mastodon":{"url":"https:\/\/pubeurope.com\/@fr\/115305397928971766","error":""},"_links":{"self":[{"href":"https:\/\/www.europesays.com\/fr\/wp-json\/wp\/v2\/posts\/434021","targetHints":{"allow":["GET"]}}],"collection":[{"href":"https:\/\/www.europesays.com\/fr\/wp-json\/wp\/v2\/posts"}],"about":[{"href":"https:\/\/www.europesays.com\/fr\/wp-json\/wp\/v2\/types\/post"}],"author":[{"embeddable":true,"href":"https:\/\/www.europesays.com\/fr\/wp-json\/wp\/v2\/users\/2"}],"replies":[{"embeddable":true,"href":"https:\/\/www.europesays.com\/fr\/wp-json\/wp\/v2\/comments?post=434021"}],"version-history":[{"count":0,"href":"https:\/\/www.europesays.com\/fr\/wp-json\/wp\/v2\/posts\/434021\/revisions"}],"wp:featuredmedia":[{"embeddable":true,"href":"https:\/\/www.europesays.com\/fr\/wp-json\/wp\/v2\/media\/434022"}],"wp:attachment":[{"href":"https:\/\/www.europesays.com\/fr\/wp-json\/wp\/v2\/media?parent=434021"}],"wp:term":[{"taxonomy":"category","embeddable":true,"href":"https:\/\/www.europesays.com\/fr\/wp-json\/wp\/v2\/categories?post=434021"},{"taxonomy":"post_tag","embeddable":true,"href":"https:\/\/www.europesays.com\/fr\/wp-json\/wp\/v2\/tags?post=434021"}],"curies":[{"name":"wp","href":"https:\/\/api.w.org\/{rel}","templated":true}]}}