{"id":434023,"date":"2025-10-02T15:58:12","date_gmt":"2025-10-02T15:58:12","guid":{"rendered":"https:\/\/www.europesays.com\/fr\/434023\/"},"modified":"2025-10-02T15:58:12","modified_gmt":"2025-10-02T15:58:12","slug":"un-derby-prometteur-entre-vendeens-et-nantais","status":"publish","type":"post","link":"https:\/\/www.europesays.com\/fr\/434023\/","title":{"rendered":"Un derby prometteur entre Vend\u00e9ens et Nantais"},"content":{"rendered":"<p><strong>Le promu challandais re\u00e7oit le NBH \u00e0 Michel-Vrignaud<\/strong><\/p>\n<p>C\u2019est au terme de 36 ann\u00e9es de patience, d\u2019attente et de travail que le <strong>VCB<\/strong> a pu savourer son grand retour en seconde division. Une accession historique, presque inattendue, ce apr\u00e8s une phase de Playoffs m\u00e9morable qui restera dans les m\u00e9moires vend\u00e9ennes. Les semaines d\u2019apr\u00e8s euphorie ont \u00e9t\u00e9 anim\u00e9es et l\u2019\u00e9t\u00e9 fut court pour les dirigeants du <strong>VCB<\/strong>\u00a0! Le coach local, <strong>S\u00e9bastien LAMBERT<\/strong> reconnaissait\u00a0:\u00a0 \u00ab\u00a0 La bascule fut rude mais le club a bien \u00e9videmment accepter de monter\u00a0!\u00a0\u00bb Huit des onze joueurs professionnels sont rest\u00e9s au club. Une volont\u00e9, mais \u00e9galement un choix guid\u00e9 par la r\u00e9alit\u00e9 \u00e9conomique li\u00e9e \u00e0 la division\u00a0: \u00ab\u00a0les budgets, les prix des joueurs ne sont plus les m\u00eames\u00a0\u00bb confie le coach du <strong>VCB <\/strong>dont l\u2019objectif annonc\u00e9\u00a0 est de d\u00e9crocher le maintien\u00a0<strong>: <\/strong>\u00ab\u00a0il n\u2019y a pas d\u2019autre objectif, nous n\u2019avons pas grand-chose \u00e0 perdre mais tout \u00e0 gagner\u00a0\u00bb<strong>.<\/strong><\/p>\n<p>A l\u2019issue des trois premi\u00e8res journ\u00e9es les partenaires de <strong>Paul BILLONG<\/strong> se sont inclin\u00e9s \u00e0 <strong>Pau-Lacq-Orthez<\/strong> <strong>(77\/67)<\/strong>, \u00e0 domicile face \u00e0 <strong>Denain<\/strong> <strong>(74\/85) <\/strong>avant de devoir c\u00e9der apr\u00e8s prolongation sur le parquet de <strong>Ch\u00e2lons-Reims (94-86). <\/strong>Une rencontre que les vend\u00e9ens ont pratiquement contr\u00f4l\u00e9 de bout en bout avant de voir les locaux passer devant<strong> (69\/68) <\/strong>dans le money-time pour finalement conc\u00e9der une prolongation dans les toutes derni\u00e8res secondes <strong>(75\/75). <\/strong>Cinq minutes suppl\u00e9mentaires qui seront fatales\u00a0! Dur apprentissage pour les hommes de <strong>S\u00e9bastien LAMBERT <\/strong>qui ont fr\u00f4l\u00e9 l\u2019exploit mardi soir gr\u00e2ce notamment \u00e0 son am\u00e9ricain <strong>Randy HAYNES<\/strong> (19 Pts,16 d\u2019\u00e9valuation), bien \u00e9paul\u00e9 par <strong>Tanguy TOUZE<\/strong> et <strong>Cl\u00e9ment MOREL <\/strong>tous deux \u00e0 15 Pts. A noter \u00e9galement la bonne prestation de <strong>SYLLA<\/strong> (5 Pts, 9 Rebonds, 2 contres, 10 d\u2019\u00e9valuation) qui s\u2019est\u00a0visiblement vite int\u00e9gr\u00e9 dans le dispositif vend\u00e9en.<\/p>\n<p>Les nantais ont quant \u00e0 eux enregistr\u00e9 une seconde d\u00e9faite \u00e0 <strong>La Trocardi\u00e8re<\/strong> mardi soir face au pr\u00e9tendant <strong>Pau-Lacq-Orthez (76-90<\/strong>). Apr\u00e8s l\u2019excellent r\u00e9sultat obtenu de belle facture \u00e0 <strong>St-Chamond-Andr\u00e9zieux (92\/95), <\/strong>les hommes de <strong>R\u00e9my VALIN<\/strong> ont de nouveau \u00e9t\u00e9 bouscul\u00e9s \u00e0 domicile. Une \u00e9quipe nantaise prise \u00e0 la gorge par une \u00e9quipe de l\u2019<strong>EBPLO<\/strong> venue pour conforter son statut de leader et de s\u00e9rieux favori pour l\u2019accession. Men\u00e9s de 19 Pts \u00e0 la pause, l\u2019\u00e9cart affichera \u00e0 -25 \u00e0 1\u201915 de la fin de la troisi\u00e8me p\u00e9riode <strong>(49\/74)<\/strong>. A la peine durant trente minutes, le <strong>NBH<\/strong> n\u2019a jamais baiss\u00e9 les bras et est parvenu \u00e0 mettre ses adversaires en difficult\u00e9 durant la derni\u00e8re p\u00e9riode <strong>(21\/14)<\/strong> pour finalement s\u2019incliner devant son public <strong>(76\/90)<\/strong>. Un sc\u00e9nario de match assez proche de celui v\u00e9cu face \u00e0 Orl\u00e9ans Basket\u2026<\/p>\n<p>Le retour \u00e0 ce derby lig\u00e9rien de ce vendredi, rev\u00eat\u00a0 un r\u00e9el enjeu pour les deux clubs distants d\u2019une soixantaine de kilom\u00e8tres\u2026<\/p>\n<p>Obtenir un premier r\u00e9sultat positif pour les vend\u00e9ens, certainement tr\u00e8s d\u00e9\u00e7us de ne pas avoir valid\u00e9 par une victoire un match qui leur a tendu les bras durant plus de 35 minutes. Attention \u00e0 l\u2019attitude revancharde des joueurs de <strong>LAMBERT<\/strong> devant un public qui pourrait \u00eatre chaud bouillant dans le chaudron d\u2019une <strong>Salle<\/strong> <strong>MICHEL VRIGNAUD<\/strong> certainement bien remplie<strong>.<\/strong><\/p>\n<p>C\u00f4t\u00e9 nantais il s\u2019agira d\u2019\u00e9quilibrer le bilan\u2026Pour cela il faudra s\u2019appuyer sur la bonne prestation effectu\u00e9e \u00e0 <strong>St-Chamond<\/strong> , et malgr\u00e9 les d\u00e9faites, sur les r\u00e9actions des deux derni\u00e8res p\u00e9riodes produites face \u00e0 <strong>Orl\u00e9ans<\/strong> et <strong>Pau-Lacq-Orthez <\/strong>que l\u2019on sait \u00eatre deux grosses pointures d\u2019<strong>Elite 2<\/strong>.<\/p>\n<p><strong>Allez Nantes Basket Hermine\u00a0!<\/strong><\/p>\n<p><strong>Tcar<\/strong><\/p>\n<p><strong>Les arriv\u00e9es\u00a0:<\/strong><\/p>\n<p><strong>Paul BILLONG\u00a0: (FRA) <\/strong>23 ans,193 Cm, Poste 1\/2 \u2013 Boulazac U21, Pro A, Pro B (2017\/24), Rennes N1 (2024\/25)<\/p>\n<p><strong>Roger MOUTE A BIDIAS\u00a0: (CAM) <\/strong>30 ans, 200 Cm, Poste3 \u2013 4 saisons de NCAA avec California Golden Bears (2013\/2017), 5 saisons en USA-2 aux Raptors 905, Rio Grande Vall\u00e9e Vipers et Santa Cruz Warriors (2017\/20), Apollo Amsterdam en BNXT League (2021\/22), Antibes Pro B (2022\/23), St-Chamond Pro B (2023\/24), HLA Alicante L2 Espagnole (2024\/25).<\/p>\n<p><strong>Ante BRZOVIC<\/strong>:(CRO) 25 ans, 206 Cm, Poste 5 \u2013 <strong>Non conserv\u00e9, coup\u00e9 apr\u00e8s le 1er match. A sign\u00e9 \u00e0 Ostrow Wielkopoloski en Pologne<\/strong><\/p>\n<p><strong>Abdel Kader SILLA\u00a0: (SEY) \u2013 <\/strong>35 ans, 205 Cm, Poste 5 \u2013 Pigiste m\u00e9dical de <strong>Gregory BENGABER. <\/strong>Pivot exp\u00e9riment\u00e9, international seychellois au statut de JFL<strong> . <\/strong>A port\u00e9 en<strong> Elite les couleurs de Nancy, Pau-Lacq-Orthez, Orl\u00e9ans, Monaco, Bourg-en-Bresse <\/strong>(2008\/18)<strong>, une <\/strong>saison en L1 Suisse \u00e0 <strong>Neuch\u00e2tel (2018\/19) <\/strong>, trois saisons \u00e0<strong> Nantes Pro B <\/strong>(2019\/22)puis trois autres en N1 avec <strong>Tours <\/strong>(2022\/25).<\/p>\n<p><strong>Ils sont rest\u00e9s\u00a0:<\/strong><\/p>\n<p><strong>S\u00e9bastien LAMBERT (Coach FRA) <\/strong>51 ans- Prolong\u00e9 cet \u00e9t\u00e9 jusqu\u2019en 2027. Assistant coach \u00e0 St-Quentin BB (2006\/2011), Head coach \u00e0 St-Quentin BB (2011\/14), Head Coach Chartres (2016\/22), Head coach \u00e0 Challans depuis (2022\/23).<\/p>\n<p><strong>Gary BERCHEL\u00a0: (FRA) <\/strong>27 ans, 203 Cm, Poste 4\/5 \u2013 Le Mans U21 (2015\/17), Dijon U21 (2017\/19), Souffelweyersheim Pro B (2020\/21), Vitr\u00e9 N1 (2021\/22), Andr\u00e9zieux-Bouth\u00e9on N1 (2022\/23), Boulogne sur Mer N1 (2022\/23), Challans N1 (2023\/25).<\/p>\n<p><strong>Luka NIKOLIC\u00a0: (SER) <\/strong>31 ans, 208 Cm, Poste 5\/4 \u2013 A \u00e9volu\u00e9 en L1 Serbe et en L1 Bosniaque (201214), L2 et L3 Espagnole (2014\/2017) L1 Portugaise\u00a0 et de nouveau L3 Espagnole (2017\/18), L1 Autrichienne (2018\/19), Tarbes-Lourdes N1 (2020\/22), Boulogne sur Mer N1 (2022\/23), Toulouse N1 (2023\/24), Challans N1 (2024\/25)- Meilleur marqueur (16.7 Pts), rebondeur (8.2) et \u00e9valuation (20) la saison derni\u00e8re avec le VBC.<\/p>\n<p><strong>J\u00e9r\u00e9my BICHARD\u00a0: (FRA)<\/strong> 35 ans, 186 Cm, Poste 1- Mulhouse N1 (2014\/16), Rueil N1 (2016\/18), Angers N1 (2018\/20), Gries-Oberhoffen Pro B (2 matchs) et Tours N1(19 matchs) en (2020\/21), Challans N1 (2021\/25) \u2013 Un des \u00e9l\u00e9ments forts en N1 durant 11 saisons.<\/p>\n<p><strong>Tanguy TOUZE\u00a0: (FRA)<\/strong> 25 ans, 190 Cm, Poste 2\/1 \u2013 Antibes U21 (2017\/18), Vanves N1 (2019\/20), Jacksonville State Gamecocks NCAA (2021\/22), Orchies N1 et Tours N1 (2023\/24), Cordoba CB L3 Espagne et Challans N1 (2024\/25) \u2013 S\u2019est rapidement impos\u00e9 au VCB par sa combativit\u00e9 et un son sens du collectif.<\/p>\n<p><strong>Cl\u00e9ment MOREL\u00a0: (FRA)<\/strong> 25 ans, 195 Cm, Poste 2\/3 \u2013 Pau-Lacq-Orthez U21 (2018\/20), Tarbes-Lourdes N1 (2021\/23), Berck Rang du Fliers N1 (2023\/24), Challans N1 (2024\/25)- Egalement ancien espoir de Nantes, ailier spectaculaire, solide d\u00e9fenseur.<\/p>\n<p><strong>Mohammad DIOP\u00a0: (FRA) <\/strong>26 ans, 205 Cm, Poste 4\/3,\u00a0 \u2013 Chalon U21 (2016\/19), Boulazac U21 et Pro A (2019\/20), GET Vosges N1 (2020\/21), Rennes N1 (2021\/22), Toulouse N1 et Denain Pro B (2022\/23), Loon Plage N1 (2023\/24), Challans N1 (2024\/25) \u2013 Ailier fort avec du physique et intelligent dans le jeu sans ballon. A \u00e9t\u00e9 pr\u00e9cieux pour la mont\u00e9e.<\/p>\n<p><strong>Randy HAYNES\u00a0: (USA)<\/strong> 30 ans, 193 Cm, Poste 2\/3 \u2013 2 saisons de NCAA avec Old Dominion Monarchs (2016\/18), Grand Rapid Drive USA 2 (2018\/19), Tajfun Sentjur L1 Slov\u00e8ne (2019\/20), Leuven Bears L1 Belge (2020\/21), UBSC Raiffeisen Graz L1 Autrichienne (2021\/22), Ramat Hasharon L2 Israelienne (2022\/23), Boulogne-sur-Mer N1 (2023\/24), Challans N1 (2024\/25)- Quelques p\u00e9rip\u00e9ties administratives , mais son r\u00f4le sur le terrain est une \u00e9vidence \u2026Scoreur (14,5 Pts, cr\u00e9ateur (3,9 Passes) et tr\u00e8s fort d\u00e9fenseur (2 Interceptions). Semble poss\u00e9der les bonnes cl\u00e9s pour l\u2019Elite 2.<\/p>\n<p><strong>Gregory BENGABER\u00a0: (FRA<\/strong>) 25 ans, 188 cm, Poste 1 \u2013 Vichy-Clermont Pro B (2017\/20), Tarbes-Lourdes N1 (2020\/21), Orchies N1 (2021\/22), Kaysersberg N1 (2022\/23), Lorient N1 ( 7 matchs en 2023\/24), Challans N1 (2023\/25). Son r\u00f4le au sein de l\u2019\u00e9quipe pour cette arriv\u00e9e en Elite 2 sera une continuit\u00e9 et une\u00a0 vraie force pour le groupe. Capitaine et leader sur le terrain et en dehors, c\u2019est une r\u00e9f\u00e9rence pour les plus jeunes . Bless\u00e9 au genou depuis la victoire en Playoffs (rupture partielle du tendon rotulien), il sera absent pour ce d\u00e9but de saison .<\/p>\n<p><strong>Les d\u00e9parts\u00a0:<\/strong><\/p>\n<p><strong>Cl\u00e9ment DEZALLE <\/strong>pour Tourcoing N2, <strong>Parfait NJIBA<\/strong> pour Lorient N1, Anthony <strong>PRUGNIERES<\/strong>(?), <strong>Warren RACINE<\/strong> pour Rennes N1, <strong>Issa FOFANA <\/strong>pour Montaigu (N2)<\/p>\n<p><strong>Les autres rencontres de la 4\u00e8me Journ\u00e9e\u00a0:<\/strong><\/p>\n<p>Denain VS Hy\u00e8res-Toulon \/ Evreux VS Caen \/ Rouen VS Ch\u00e2lons-Reims \/ Vichy VS Antibes \/ La Rochelle VS Vlois \/ Aix-Maurienne VS St-Chamond-Andr\u00e9zieux \/ Orl\u00e9ans VS Roanne \/ Poitiers VS Quimper \/ Pau-Lacq-Orthez VS Gries-Souffel<\/p>\n","protected":false},"excerpt":{"rendered":"Le promu challandais re\u00e7oit le NBH \u00e0 Michel-Vrignaud C\u2019est au terme de 36 ann\u00e9es de patience, d\u2019attente et&hellip;\n","protected":false},"author":2,"featured_media":434024,"comment_status":"","ping_status":"","sticky":false,"template":"","format":"standard","meta":{"footnotes":""},"categories":[2818],"tags":[1111,11,1465,1777,674,1011,27,34172,766,34173,12,2636,25],"class_list":{"0":"post-434023","1":"post","2":"type-post","3":"status-publish","4":"format-standard","5":"has-post-thumbnail","7":"category-nantes","8":"tag-actu","9":"tag-actualites","10":"tag-basket","11":"tag-eu","12":"tag-europe","13":"tag-fr","14":"tag-france","15":"tag-hermine","16":"tag-nantes","17":"tag-nbh","18":"tag-news","19":"tag-pays-de-la-loire","20":"tag-republique-francaise"},"share_on_mastodon":{"url":"https:\/\/pubeurope.com\/@fr\/115305401866715874","error":""},"_links":{"self":[{"href":"https:\/\/www.europesays.com\/fr\/wp-json\/wp\/v2\/posts\/434023","targetHints":{"allow":["GET"]}}],"collection":[{"href":"https:\/\/www.europesays.com\/fr\/wp-json\/wp\/v2\/posts"}],"about":[{"href":"https:\/\/www.europesays.com\/fr\/wp-json\/wp\/v2\/types\/post"}],"author":[{"embeddable":true,"href":"https:\/\/www.europesays.com\/fr\/wp-json\/wp\/v2\/users\/2"}],"replies":[{"embeddable":true,"href":"https:\/\/www.europesays.com\/fr\/wp-json\/wp\/v2\/comments?post=434023"}],"version-history":[{"count":0,"href":"https:\/\/www.europesays.com\/fr\/wp-json\/wp\/v2\/posts\/434023\/revisions"}],"wp:featuredmedia":[{"embeddable":true,"href":"https:\/\/www.europesays.com\/fr\/wp-json\/wp\/v2\/media\/434024"}],"wp:attachment":[{"href":"https:\/\/www.europesays.com\/fr\/wp-json\/wp\/v2\/media?parent=434023"}],"wp:term":[{"taxonomy":"category","embeddable":true,"href":"https:\/\/www.europesays.com\/fr\/wp-json\/wp\/v2\/categories?post=434023"},{"taxonomy":"post_tag","embeddable":true,"href":"https:\/\/www.europesays.com\/fr\/wp-json\/wp\/v2\/tags?post=434023"}],"curies":[{"name":"wp","href":"https:\/\/api.w.org\/{rel}","templated":true}]}}