{"id":434025,"date":"2025-10-02T15:59:11","date_gmt":"2025-10-02T15:59:11","guid":{"rendered":"https:\/\/www.europesays.com\/fr\/434025\/"},"modified":"2025-10-02T15:59:11","modified_gmt":"2025-10-02T15:59:11","slug":"le-quartier-brazza-a-desormais-un-intermarche-express","status":"publish","type":"post","link":"https:\/\/www.europesays.com\/fr\/434025\/","title":{"rendered":"le quartier Brazza a d\u00e9sormais un Intermarch\u00e9 Express"},"content":{"rendered":"<p>Ouvert en d\u00e9cembre 2024 et situ\u00e9 \u00e0 c\u00f4t\u00e9 de l\u2019UCPA, l\u2019Intermarch\u00e9 Express est venu compl\u00e9ter l\u2019offre de commerces du quartier Bordeaux Brazza. Le magasin, d\u2019une superficie de 820\u00a0m\u00b2, est g\u00e9r\u00e9 par Marie Claval.<\/p>\n<p>Apr\u00e8s le Carrefour City, ce nouveau commerce de proximit\u00e9 fait que les habitants du quartier ne sont plus oblig\u00e9s de rejoindre l\u2019avenue Thiers ou de traverser le pont Chaban-Delmas pour aller faire leurs courses quotidiennes.<\/p>\n<p>\u00ab\u00a0Lorsque le Groupement Intermarch\u00e9 m\u2019a propos\u00e9 de m\u2019implanter dans le quartier Brazza qui est en plein d\u00e9veloppement, je me suis rapidement positionn\u00e9e. Je trouvais important de proposer une offre de proximit\u00e9 aux riverains\u00a0\u00bb, explique Marie Claval, la g\u00e9rante de l\u2019Intermarch\u00e9 Brazza. Au total, une dizaine de collaborateurs officient au quotidien pour accueillir la client\u00e8le, approvisionner les rayons\u2026<\/p>\n<p>\u00ab\u00a0Tous les profils de clients\u00a0\u00bb<\/p>\n<p>\u00ab\u00a0Notre implantation a \u00e9t\u00e9 tr\u00e8s bien per\u00e7ue. Au sein de nos clients, on retrouve tous les profils, dont une client\u00e8le sportive. La mitoyennet\u00e9 avec l\u2019UCPA n\u2019est sans doute pas totalement \u00e9trang\u00e8re \u00e0 cela. C\u2019est pourquoi nous avons repens\u00e9 l\u2019agencement du magasin afin de proposer des produits fortement demand\u00e9s. Barres prot\u00e9in\u00e9es et autres boissons \u00e9nergisantes sont ainsi mises en valeur. Il en est de m\u00eame pour les fruits et l\u00e9gumes avec un rayon achaland\u00e9 tous les jours qui fait la part belle autant que possible \u00e0 la production locale\u00a0\u00bb, poursuit la g\u00e9rante, qui pr\u00e9cise que plusieurs producteurs de Gironde et de la r\u00e9gion approvisionnent le magasin.<\/p>\n<p>\u00ab\u00a0L\u2019autre \u00e9l\u00e9ment sur lequel on a rapidement mis\u00e9 est une offre de snacking, afin de r\u00e9pondre \u00e0 la demande de restauration rapide entre midi et deux, pour les travailleurs des environs, mais aussi les ouvriers pr\u00e9sents sur les chantiers\u00a0\u00bb, conclut C\u00e9dric Blanc, le directeur du magasin.<\/p>\n<p>Intermarch\u00e9 Express, 16, rue de la F\u00eate, Bordeaux.<\/p>\n","protected":false},"excerpt":{"rendered":"Ouvert en d\u00e9cembre 2024 et situ\u00e9 \u00e0 c\u00f4t\u00e9 de l\u2019UCPA, l\u2019Intermarch\u00e9 Express est venu compl\u00e9ter l\u2019offre de commerces&hellip;\n","protected":false},"author":2,"featured_media":434026,"comment_status":"","ping_status":"","sticky":false,"template":"","format":"standard","meta":{"footnotes":""},"categories":[2817],"tags":[1111,11,1997,1777,674,1011,27,12,2219,25],"class_list":{"0":"post-434025","1":"post","2":"type-post","3":"status-publish","4":"format-standard","5":"has-post-thumbnail","7":"category-bordeaux","8":"tag-actu","9":"tag-actualites","10":"tag-bordeaux","11":"tag-eu","12":"tag-europe","13":"tag-fr","14":"tag-france","15":"tag-news","16":"tag-nouvelle-aquitaine","17":"tag-republique-francaise"},"share_on_mastodon":{"url":"https:\/\/pubeurope.com\/@fr\/115305405815927505","error":""},"_links":{"self":[{"href":"https:\/\/www.europesays.com\/fr\/wp-json\/wp\/v2\/posts\/434025","targetHints":{"allow":["GET"]}}],"collection":[{"href":"https:\/\/www.europesays.com\/fr\/wp-json\/wp\/v2\/posts"}],"about":[{"href":"https:\/\/www.europesays.com\/fr\/wp-json\/wp\/v2\/types\/post"}],"author":[{"embeddable":true,"href":"https:\/\/www.europesays.com\/fr\/wp-json\/wp\/v2\/users\/2"}],"replies":[{"embeddable":true,"href":"https:\/\/www.europesays.com\/fr\/wp-json\/wp\/v2\/comments?post=434025"}],"version-history":[{"count":0,"href":"https:\/\/www.europesays.com\/fr\/wp-json\/wp\/v2\/posts\/434025\/revisions"}],"wp:featuredmedia":[{"embeddable":true,"href":"https:\/\/www.europesays.com\/fr\/wp-json\/wp\/v2\/media\/434026"}],"wp:attachment":[{"href":"https:\/\/www.europesays.com\/fr\/wp-json\/wp\/v2\/media?parent=434025"}],"wp:term":[{"taxonomy":"category","embeddable":true,"href":"https:\/\/www.europesays.com\/fr\/wp-json\/wp\/v2\/categories?post=434025"},{"taxonomy":"post_tag","embeddable":true,"href":"https:\/\/www.europesays.com\/fr\/wp-json\/wp\/v2\/tags?post=434025"}],"curies":[{"name":"wp","href":"https:\/\/api.w.org\/{rel}","templated":true}]}}