{"id":434027,"date":"2025-10-02T16:00:18","date_gmt":"2025-10-02T16:00:18","guid":{"rendered":"https:\/\/www.europesays.com\/fr\/434027\/"},"modified":"2025-10-02T16:00:18","modified_gmt":"2025-10-02T16:00:18","slug":"nuit-blanche-a-la-mediatheque-gabriela-mistral","status":"publish","type":"post","link":"https:\/\/www.europesays.com\/fr\/434027\/","title":{"rendered":"nuit blanche \u00e0 la m\u00e9diath\u00e8que Gabriela-Mistral"},"content":{"rendered":"<p>La m\u00e9diath\u00e8que Gabriela-Mistral d\u2019Artigues-pr\u00e8s-Bordeaux s\u2019associe \u00e0 cet \u00e9v\u00e9nement national et d\u00e9ploie une panoplie d\u2019animations et interactions avec le public, samedi 4\u00a0octobre.<\/p>\n<p>        <img decoding=\"async\" id=\"26177682\" src=\"https:\/\/www.europesays.com\/fr\/wp-content\/uploads\/2025\/10\/sudouest-photo-1-35075523.jpg\" alt=\"La m\u00e9diath\u00e8que ouvre ses portes en nocturne samedi 4 octobre.\" itemprop=\"contentURL\"\/><\/p>\n<p>    La m\u00e9diath\u00e8que ouvre ses portes en nocturne samedi 4 octobre.<\/p>\n<p>Archives mairie<\/p>\n<p>Sur le th\u00e8me des cultures asiatiques, la m\u00e9diath\u00e8que d\u2019Artigues-pr\u00e8s-Bordeaux accueille le public avec une programmation sur mesure\u00a0: lecture musicale \u00e0 16\u00a0h\u00a030, (jeune public) par la com\u00e9dienne Manuela Azevedo. Une fresque participative au feutre Posca, de 17\u00a0h\u00a030 \u00e0 20\u00a0h\u00a030, avec les artistes Sarah Ayadi et Chlo\u00e9 Cavalier, sur la vitre qui s\u00e9pare le coin informatique et les livres. \u00c0 18\u00a0h\u00a030, quiz \u00ab\u00a0Qui est le meilleur en culture manga\u00a0?\u00a0\u00bb. Des jeux en bois seront disponibles et des cr\u00e8pes et ch\u00e8ques \u00e0 lire seront \u00e0 gagner\u2026<\/p>\n<p>L\u2019\u00e9tablissement accueillera \u00e9galement, pour sa premi\u00e8re repr\u00e9sentation en public, \u00e0 20\u00a0h\u00a030, le concert-dessin\u00e9 \u00ab\u00a0Train de nuit dans la voie lact\u00e9e\u00a0\u00bb de Tak et Demont. Les deux artistes rendent hommage \u00e0 un classique de la litt\u00e9rature japonaise de 1927, \u00e9crit par Kenji Miyasawa, avec une musique post rock et un dessin envo\u00fbtant. Un conte po\u00e9tique qui raconte l\u2019histoire d\u2019une myst\u00e9rieuse locomotive lanc\u00e9e aux confins de la galaxie. Une pure merveille pour toute la famille.<\/p>\n","protected":false},"excerpt":{"rendered":"La m\u00e9diath\u00e8que Gabriela-Mistral d\u2019Artigues-pr\u00e8s-Bordeaux s\u2019associe \u00e0 cet \u00e9v\u00e9nement national et d\u00e9ploie une panoplie d\u2019animations et interactions avec le&hellip;\n","protected":false},"author":2,"featured_media":434028,"comment_status":"","ping_status":"","sticky":false,"template":"","format":"standard","meta":{"footnotes":""},"categories":[2817],"tags":[1111,11,1997,1777,674,1011,27,12,2219,25],"class_list":{"0":"post-434027","1":"post","2":"type-post","3":"status-publish","4":"format-standard","5":"has-post-thumbnail","7":"category-bordeaux","8":"tag-actu","9":"tag-actualites","10":"tag-bordeaux","11":"tag-eu","12":"tag-europe","13":"tag-fr","14":"tag-france","15":"tag-news","16":"tag-nouvelle-aquitaine","17":"tag-republique-francaise"},"share_on_mastodon":{"url":"https:\/\/pubeurope.com\/@fr\/115305410762327569","error":""},"_links":{"self":[{"href":"https:\/\/www.europesays.com\/fr\/wp-json\/wp\/v2\/posts\/434027","targetHints":{"allow":["GET"]}}],"collection":[{"href":"https:\/\/www.europesays.com\/fr\/wp-json\/wp\/v2\/posts"}],"about":[{"href":"https:\/\/www.europesays.com\/fr\/wp-json\/wp\/v2\/types\/post"}],"author":[{"embeddable":true,"href":"https:\/\/www.europesays.com\/fr\/wp-json\/wp\/v2\/users\/2"}],"replies":[{"embeddable":true,"href":"https:\/\/www.europesays.com\/fr\/wp-json\/wp\/v2\/comments?post=434027"}],"version-history":[{"count":0,"href":"https:\/\/www.europesays.com\/fr\/wp-json\/wp\/v2\/posts\/434027\/revisions"}],"wp:featuredmedia":[{"embeddable":true,"href":"https:\/\/www.europesays.com\/fr\/wp-json\/wp\/v2\/media\/434028"}],"wp:attachment":[{"href":"https:\/\/www.europesays.com\/fr\/wp-json\/wp\/v2\/media?parent=434027"}],"wp:term":[{"taxonomy":"category","embeddable":true,"href":"https:\/\/www.europesays.com\/fr\/wp-json\/wp\/v2\/categories?post=434027"},{"taxonomy":"post_tag","embeddable":true,"href":"https:\/\/www.europesays.com\/fr\/wp-json\/wp\/v2\/tags?post=434027"}],"curies":[{"name":"wp","href":"https:\/\/api.w.org\/{rel}","templated":true}]}}