{"id":434031,"date":"2025-10-02T16:02:22","date_gmt":"2025-10-02T16:02:22","guid":{"rendered":"https:\/\/www.europesays.com\/fr\/434031\/"},"modified":"2025-10-02T16:02:22","modified_gmt":"2025-10-02T16:02:22","slug":"entre-9-000-et-20-000-manifestants-dans-les-rues-de-toulouse","status":"publish","type":"post","link":"https:\/\/www.europesays.com\/fr\/434031\/","title":{"rendered":"entre 9 000 et 20 000 manifestants dans les rues de Toulouse"},"content":{"rendered":"<p>            Par<br \/>\n        <strong><br \/>\n            <a href=\"https:\/\/actu.fr\/auteur\/lea-afonso\" title=\"Consulter tous les articles de L\u00e9a Afonso\" target=\"_blank\" rel=\"noopener\">L\u00e9a Afonso<\/a><br \/>\n        <\/strong><\/p>\n<p>        Publi\u00e9 le<\/p>\n<p>            2 oct. 2025 \u00e0 17h40        <\/p>\n<p>Une nouvelle journ\u00e9e de mobilisation s\u2019est tenue \u00e0 <a href=\"https:\/\/actu.fr\/toulouse\/\" target=\"_blank\" rel=\"noopener\">Toulouse<\/a> ce jeudi 2\u00a0octobre 2025. Le cort\u00e8ge, parti de Saint-Cyprien \u00e0 14\u2009h, a travers\u00e9 le pont des Catalans puis le boulevard Lascrosses, avant de rejoindre le centre-ville, du c\u00f4t\u00e9 de Jean-Jaur\u00e8s. Retour en images et en t\u00e9moignages sur cette<strong> troisi\u00e8me manifestation en moins d\u2019un mois.<\/strong><\/p>\n<p>Troisi\u00e8me mobilisation en trois semaines<br \/>\n    <img   decoding=\"async\" loading=\"lazy\" src=\"https:\/\/www.europesays.com\/fr\/wp-content\/uploads\/2025\/10\/manif-2-octobr-7-960x640.jpg\" alt=\"Le cort\u00e8ge s'\u00e9lance depuis Saint-Cyprien. \" width=\"960\" height=\"640\"\/><br \/>\n    Le cort\u00e8ge s\u2019\u00e9lance depuis Saint-Cyprien. (\u00a9Mar\u00e9va Laville \/ Actu Toulouse)<\/p>\n<p class=\" wall-content\">Trois semaines apr\u00e8s<a href=\"https:\/\/actu.fr\/occitanie\/toulouse_31555\/direct-bloquons-tout-perturbations-dans-les-transports-manifestations-greves-ce-qu-il-se-passe-a-toulouse_63135101.html\" target=\"_blank\" rel=\"noopener\"> la premi\u00e8re action lanc\u00e9e par le mouvement Bloquons tout<\/a>, les Toulousains sont \u00e0 nouveau descendus dans la rue. Syndicats de la <strong>CGT, CFDT, Union syndicale Solidaires, FSU<\/strong> et autres organisations \u00e9taient une nouvelle fois r\u00e9unis pour battre le pav\u00e9.<\/p>\n<p class=\" wall-content\">Cette journ\u00e9e fait <strong>suite \u00e0 l\u2019appel de l\u2019intersyndicale<\/strong> nationale qui avait d\u00e9j\u00e0 impuls\u00e9 un mouvement de gr\u00e8ve le 18\u00a0septembre dernier.<\/p>\n<p>Revendiquer ses droits<br \/>\n    <img   decoding=\"async\" loading=\"lazy\" src=\"https:\/\/www.europesays.com\/fr\/wp-content\/uploads\/2025\/10\/manif-2-octobr-5-960x640.jpg\" alt=\"S\u00e9bastien est aide-soignant, il nous raconte pourquoi il lui est important d'\u00eatre pr\u00e9sent. \" width=\"960\" height=\"640\"\/><br \/>\n    S\u00e9bastien est aide-soignant, il nous raconte pourquoi il lui est important d\u2019\u00eatre pr\u00e9sent. (\u00a9Mar\u00e9va Laville \/ Actu Toulouse)Vid\u00e9os : en ce moment sur Actu<\/p>\n<p class=\" wall-content\">Pour les manifestants, cette mobilisation est avant tout l\u2019occasion de<strong> faire entendre leur col\u00e8re<\/strong>. S\u00e9bastien, 48\u00a0ans, aide-soignant en r\u00e9animation au CHU de Purpan, raconte\u2009:<\/p>\n<p class=\" wall-content\">\u00ab\u2009Il y a des <strong>services<\/strong> qui <strong>ferment<\/strong> dans les <strong>h\u00f4pitaux<\/strong> de Toulouse. \u00c7a sera le cas cette semaine de l\u2019Hospitalit\u00e9 br\u00e8ve pour les ados au CHU de Purpan parce qu\u2019il n\u2019y a <strong>pas assez de psychiatres.<\/strong> On a \u00e9norm\u00e9ment de mal \u00e0 recruter et c\u2019est directement li\u00e9 aux conditions de travail et aux politiques d\u2019aust\u00e9rit\u00e9. On est rappel\u00e9 sur nos jours de repos en permanence, on n\u2019est pas assez. Et on a encore 5\u00a0milliards d\u2019\u00e9conomie \u00e0 faire l\u2019ann\u00e9e prochaine\u2026\u2009\u00bb<\/p>\n<p>Votre r\u00e9gion, votre actu !<\/p>\n<p>Recevez chaque jour les infos qui comptent pour vous.<\/p>\n<p>\t<a href=\"https:\/\/actu.fr\/newsletter\" class=\"ac-btn ac-btn--corner ac-btn--medium ac-btn--blue800\" target=\"_blank\" rel=\"noopener\">S&rsquo;incrire<\/a><br \/>\nUne manifestation dans le calme<br \/>\n    <a href=\"https:\/\/www.facebook.com\/plugins\/video.php?height=476&amp;href=https%3A%2F%2Fwww.facebook.com%2Freel%2F1124511169299315%2F&amp;show_text=false&amp;width=350&amp;t=0\" title=\"Ouvrie le lien\" target=\"_blank\" rel=\"noopener\">Cliquez ici pour visualiser le contenu<\/a><\/p>\n<p>Des slogans qui interpellent<br \/>\n    <img   decoding=\"async\" loading=\"lazy\" src=\"https:\/\/www.europesays.com\/fr\/wp-content\/uploads\/2025\/10\/manif-2-octobr-2-960x640.jpg\" alt=\"De nombreuses banderoles montrent des revendications. \" width=\"960\" height=\"640\"\/><br \/>\n    De nombreuses banderoles montrent des revendications. (\u00a9Mar\u00e9va Laville \/ Actu Toulouse)<\/p>\n<p class=\" wall-content\">Tout au long du cort\u00e8ge, les banderoles donnaient le ton\u2009: \u00ab\u2009Cultures en lutte contre Macron\u2009\u00bb, \u00ab\u2009Coordination contre l\u2019aust\u00e9rit\u00e9\u2009\u00bb, \u00ab\u2009Des services publics pour tous\u2009\u00bb, ou encore \u00ab\u2009Manu, \u00c9tat casseur social dehors\u2009\u00bb, \u00ab\u2009Notre projet\u2009: ta d\u00e9mission\u2009\u00bb.<\/p>\n<p>    <img   decoding=\"async\" loading=\"lazy\" src=\"https:\/\/www.europesays.com\/fr\/wp-content\/uploads\/2025\/10\/manif-2-octobr-1-960x640.jpg\" alt=\"Des revendications inscrites sur des banderoles. \" width=\"960\" height=\"640\"\/><br \/>\n    Des revendications inscrites sur des banderoles. (\u00a9Mar\u00e9va Laville \/ Actu Toulouse)La situation \u00e0 Gaza aussi<\/p>\n<p class=\" wall-content\">Si les slogans sociaux dominaient, la <strong>cause palestinienne<\/strong> occupait aussi une place\u00a0 dans la manifestation. De nombreux drapeaux et pancartes rappelaient le soutien aux habitants de Gaza. Dominique, 76 ans, retrait\u00e9 habitu\u00e9 des cort\u00e8ges, illustre cet engagement\u2009:<\/p>\n<p>    <img   decoding=\"async\" loading=\"lazy\" src=\"https:\/\/www.europesays.com\/fr\/wp-content\/uploads\/2025\/10\/manif-2-octobr-3-960x640.jpg\" alt=\"Du haut de ses 76 ans, Dominique explique son combat. \" width=\"960\" height=\"640\"\/><br \/>\n    Du haut de ses 76\u00a0ans, Dominique explique son combat. (\u00a9Mar\u00e9va Laville \/ Actu Toulouse)<\/p>\n<p class=\" wall-content\">\u00ab\u2009Depuis que je suis \u00e0 la retraite, je confectionne des affiches pour chaque manifestation, environ 200 au total. Aujourd\u2019hui, ma priorit\u00e9 va \u00e0 Gaza. Avec mon groupe, on aide une vingtaine de Gazaouis en envoyant r\u00e9guli\u00e8rement de l\u2019argent pour qu\u2019ils puissent se nourrir\u2009\u00bb.<\/p>\n<p>    <img   decoding=\"async\" loading=\"lazy\" src=\"https:\/\/www.europesays.com\/fr\/wp-content\/uploads\/2025\/10\/manif-2-octobr-6-960x640.jpg\" alt=\"La cause palestinienne occupait aussi une place centrale dans la manifestation.\" width=\"960\" height=\"640\"\/><br \/>\n    La cause palestinienne occupait aussi une place centrale dans la manifestation. (\u00a9Mar\u00e9va Laville \/ Actu Toulouse)Combien de manifestants\u2009?<br \/>\n    <img   decoding=\"async\" loading=\"lazy\" src=\"https:\/\/www.europesays.com\/fr\/wp-content\/uploads\/2025\/10\/manif-2-octobre-960x640.jpg\" alt=\"Entre 9000 et 20000 manifestants dans les rues de la ville. \" width=\"960\" height=\"640\"\/><br \/>\n    Entre 9000 et 20000 manifestants dans les rues de la ville. (\u00a9Mar\u00e9va Laville \/ Actu Toulouse)<\/p>\n<p class=\" wall-content\">C\u00f4t\u00e9 participation, la <strong>pr\u00e9fecture<\/strong> avance le chiffre de<strong> 9\u2009000 manifestants<\/strong>, quand les <strong>syndicats<\/strong> parlent de <strong>20\u2009000<\/strong>\u00a0personnes.<\/p>\n<p class=\" wall-content\">\u00c0 titre de comparaison, le 18\u00a0septembre dernier, la mobilisation avait rassembl\u00e9 entre 18\u2009000 (pr\u00e9fecture) et 40\u2009000 (syndicats) personnes dans les rues de la Ville rose.<\/p>\n<p>Avec Mar\u00e9va Laville sur place<\/p>\n<p class=\" wall-content\">Personnalisez votre actualit\u00e9 en ajoutant vos villes et m\u00e9dias en favori avec <a href=\"https:\/\/moncompte.actu.fr\" title=\"D\u00e9couvez Mon Actu\" rel=\"nofollow noopener\" data-trk=\"{&quot;cta&quot;:{&quot;action&quot;:&quot;https:\\\/\\\/moncompte.actu.fr&quot;,&quot;category&quot;:&quot;mon compte&quot;,&quot;from&quot;:&quot;article footer&quot;,&quot;name&quot;:&quot;Mon actu&quot;,&quot;type&quot;:&quot;cta&quot;}}\" target=\"_blank\">Mon Actu<\/a>.<\/p>\n","protected":false},"excerpt":{"rendered":"Par L\u00e9a Afonso Publi\u00e9 le 2 oct. 2025 \u00e0 17h40 Une nouvelle journ\u00e9e de mobilisation s\u2019est tenue \u00e0&hellip;\n","protected":false},"author":2,"featured_media":434032,"comment_status":"","ping_status":"","sticky":false,"template":"","format":"standard","meta":{"footnotes":""},"categories":[2816],"tags":[1111,11,1777,674,1011,27,1272,12,2680,25,104,2312],"class_list":{"0":"post-434031","1":"post","2":"type-post","3":"status-publish","4":"format-standard","5":"has-post-thumbnail","7":"category-toulouse","8":"tag-actu","9":"tag-actualites","10":"tag-eu","11":"tag-europe","12":"tag-fr","13":"tag-france","14":"tag-manifestations","15":"tag-news","16":"tag-occitanie","17":"tag-republique-francaise","18":"tag-societe","19":"tag-toulouse"},"share_on_mastodon":{"url":"https:\/\/pubeurope.com\/@fr\/115305418068508694","error":""},"_links":{"self":[{"href":"https:\/\/www.europesays.com\/fr\/wp-json\/wp\/v2\/posts\/434031","targetHints":{"allow":["GET"]}}],"collection":[{"href":"https:\/\/www.europesays.com\/fr\/wp-json\/wp\/v2\/posts"}],"about":[{"href":"https:\/\/www.europesays.com\/fr\/wp-json\/wp\/v2\/types\/post"}],"author":[{"embeddable":true,"href":"https:\/\/www.europesays.com\/fr\/wp-json\/wp\/v2\/users\/2"}],"replies":[{"embeddable":true,"href":"https:\/\/www.europesays.com\/fr\/wp-json\/wp\/v2\/comments?post=434031"}],"version-history":[{"count":0,"href":"https:\/\/www.europesays.com\/fr\/wp-json\/wp\/v2\/posts\/434031\/revisions"}],"wp:featuredmedia":[{"embeddable":true,"href":"https:\/\/www.europesays.com\/fr\/wp-json\/wp\/v2\/media\/434032"}],"wp:attachment":[{"href":"https:\/\/www.europesays.com\/fr\/wp-json\/wp\/v2\/media?parent=434031"}],"wp:term":[{"taxonomy":"category","embeddable":true,"href":"https:\/\/www.europesays.com\/fr\/wp-json\/wp\/v2\/categories?post=434031"},{"taxonomy":"post_tag","embeddable":true,"href":"https:\/\/www.europesays.com\/fr\/wp-json\/wp\/v2\/tags?post=434031"}],"curies":[{"name":"wp","href":"https:\/\/api.w.org\/{rel}","templated":true}]}}