{"id":434035,"date":"2025-10-02T16:05:11","date_gmt":"2025-10-02T16:05:11","guid":{"rendered":"https:\/\/www.europesays.com\/fr\/434035\/"},"modified":"2025-10-02T16:05:11","modified_gmt":"2025-10-02T16:05:11","slug":"marseille-une-centaine-de-manifestants-propalestiniens-interpelles-devant-une-entreprise-darmement","status":"publish","type":"post","link":"https:\/\/www.europesays.com\/fr\/434035\/","title":{"rendered":"Marseille\u00a0: une centaine de manifestants propalestiniens interpell\u00e9s devant une entreprise d\u2019armement"},"content":{"rendered":"<p class=\"paragraph text_align_left lp-f-body-02\">Ils tentaient de bloquer le site d\u2019<a href=\"https:\/\/www.leparisien.fr\/international\/israel\/gaza-lentreprise-francaise-eurolinks-soupconnee-de-livrer-des-pieces-darmes-a-israel-visee-par-une-plainte-en-france-12-06-2025-WNUN2ZAXOJBDNI5OM5C4EGPDFQ.php\" target=\"_blank\" rel=\"noreferrer noopener\">Eurolinks<\/a> \u00e0 <a href=\"https:\/\/www.leparisien.fr\/faits-divers\/javais-mis-mon-fils-dans-la-maison-de-lhorreur-une-nounou-jugee-a-marseille-pour-mauvais-traitements-30-09-2025-WMYJNBMSHRCXTAD6PYJUMJDCIY.php\" target=\"_blank\" rel=\"noreferrer noopener\">Marseille<\/a>. Une centaine de manifestants propalestiniens ont \u00e9t\u00e9 interpell\u00e9s ce jeudi 2 octobre, devant l\u2019entreprise d\u2019armement, soup\u00e7onn\u00e9e de livrer des pi\u00e8ces d\u2019armes \u00e0 <a href=\"https:\/\/www.leparisien.fr\/international\/israel\/flottille-pour-gaza-malgre-linterception-de-13-bateaux-par-israel-le-rest-des-navires-poursuit-sa-route-02-10-2025-P7PARPIYCRCXREQXPGRZCCJ3ZQ.php\" target=\"_blank\" rel=\"noreferrer noopener\">Isra\u00ebl<\/a>, indique la pr\u00e9fecture de police de Marseille.<\/p>\n<p class=\"paragraph text_align_left lp-f-body-02\">Selon cette m\u00eame source, ils ont \u00e9t\u00e9 plac\u00e9s en garde \u00e0 vue, \u00ab lors de ce rassemblement non d\u00e9clar\u00e9 pour participation \u00e0 un attroupement apr\u00e8s sommations ; et certaines pour d\u00e9gradations ou violences sur personne d\u00e9positaire de l\u2019autorit\u00e9 publique \u00bb.<\/p>\n<p class=\"paragraph text_align_left lp-f-body-02\">Ces derniers mois, les actions -manifestations et collages d\u2019affiches &#8211; se sont multipli\u00e9es devant le site d\u2019Eurolinks \u00e0 Marseille, vis\u00e9e par une plainte de la Ligne des Droits de l\u2019Homme.<\/p>\n<p class=\"paragraph text_align_left lp-f-body-02\"><b>&gt; Plus d\u2019informations \u00e0 venir.<\/b><\/p>\n","protected":false},"excerpt":{"rendered":"Ils tentaient de bloquer le site d\u2019Eurolinks \u00e0 Marseille. Une centaine de manifestants propalestiniens ont \u00e9t\u00e9 interpell\u00e9s ce&hellip;\n","protected":false},"author":2,"featured_media":434036,"comment_status":"","ping_status":"","sticky":false,"template":"","format":"standard","meta":{"footnotes":""},"categories":[2814],"tags":[1111,11,11004,459,1777,674,118,1011,27,884,12,882,25],"class_list":{"0":"post-434035","1":"post","2":"type-post","3":"status-publish","4":"format-standard","5":"has-post-thumbnail","7":"category-marseille","8":"tag-actu","9":"tag-actualites","10":"tag-bouches-du-rhone-13","11":"tag-departements-horsidfo","12":"tag-eu","13":"tag-europe","14":"tag-faits-divers","15":"tag-fr","16":"tag-france","17":"tag-marseille","18":"tag-news","19":"tag-provence-alpes-cote-dazur","20":"tag-republique-francaise"},"share_on_mastodon":{"url":"https:\/\/pubeurope.com\/@fr\/115305429563317682","error":""},"_links":{"self":[{"href":"https:\/\/www.europesays.com\/fr\/wp-json\/wp\/v2\/posts\/434035","targetHints":{"allow":["GET"]}}],"collection":[{"href":"https:\/\/www.europesays.com\/fr\/wp-json\/wp\/v2\/posts"}],"about":[{"href":"https:\/\/www.europesays.com\/fr\/wp-json\/wp\/v2\/types\/post"}],"author":[{"embeddable":true,"href":"https:\/\/www.europesays.com\/fr\/wp-json\/wp\/v2\/users\/2"}],"replies":[{"embeddable":true,"href":"https:\/\/www.europesays.com\/fr\/wp-json\/wp\/v2\/comments?post=434035"}],"version-history":[{"count":0,"href":"https:\/\/www.europesays.com\/fr\/wp-json\/wp\/v2\/posts\/434035\/revisions"}],"wp:featuredmedia":[{"embeddable":true,"href":"https:\/\/www.europesays.com\/fr\/wp-json\/wp\/v2\/media\/434036"}],"wp:attachment":[{"href":"https:\/\/www.europesays.com\/fr\/wp-json\/wp\/v2\/media?parent=434035"}],"wp:term":[{"taxonomy":"category","embeddable":true,"href":"https:\/\/www.europesays.com\/fr\/wp-json\/wp\/v2\/categories?post=434035"},{"taxonomy":"post_tag","embeddable":true,"href":"https:\/\/www.europesays.com\/fr\/wp-json\/wp\/v2\/tags?post=434035"}],"curies":[{"name":"wp","href":"https:\/\/api.w.org\/{rel}","templated":true}]}}