{"id":434039,"date":"2025-10-02T16:07:12","date_gmt":"2025-10-02T16:07:12","guid":{"rendered":"https:\/\/www.europesays.com\/fr\/434039\/"},"modified":"2025-10-02T16:07:12","modified_gmt":"2025-10-02T16:07:12","slug":"metropole-de-lyon-le-festival-international-du-tricot-knit-eat-co-ce-week-end-a-lyon-on-vous-aiguille","status":"publish","type":"post","link":"https:\/\/www.europesays.com\/fr\/434039\/","title":{"rendered":"M\u00e9tropole de Lyon. Le festival international du tricot Knit Eat &#038; Co ce week-end \u00e0 Lyon\u00a0: on vous aiguille"},"content":{"rendered":"<p>\u00ab\u00a0Le tricot, ce ne sont pas des mamies dans un fauteuil\u00a0!\u00a0\u00bb rit en ch\u0153ur le trio de Knit Eat &amp; Co, qui organise ce week-end son 7e\u00a0 festival de tricot, couture et crochet \u00e0 la Sucri\u00e8re de Lyon. Un message, loin des clich\u00e9s, qu\u2019elles incarnent d\u2019ailleurs parfaitement.<\/p>\n<p>Emma Ducher (co-fondatrice et c\u00e9l\u00e9brit\u00e9 du patron de tricot, sous le pseudo d\u2019Encre violette), Nathalie Plasse (de la boutique\u00a0Nyack Lyon) et\u00a0Virginie Bouvard (photographe en charge de la communication), dynamiques quinquag\u00e9naires pour lesquelles mode et r\u00e9seaux sociaux n\u2019ont pas de secrets, ont cr\u00e9\u00e9 Knit Eat &amp; Co (\u00ab\u00a0tricoter, manger et compagnie\u00a0\u00bb en fran\u00e7ais), une soci\u00e9t\u00e9 qui propose des \u00e9v\u00e9nements autour du tricot, du crochet et de la couture, et dont le festival est (re) connu au niveau international.<\/p>\n<p>\u00ab\u00a0Depuis deux ans, on voit d\u00e9barquer des gens plus jeunes\u00a0\u00bb<\/p>\n<p>\u00ab\u00a0On dit que le tricot et les travaux d\u2019aiguilles reviennent \u00e0 la mode, mais en r\u00e9alit\u00e9 ils suivent les \u00e9poques et leurs particularit\u00e9s, on a toujours&#8230;<\/p>\n","protected":false},"excerpt":{"rendered":"\u00ab\u00a0Le tricot, ce ne sont pas des mamies dans un fauteuil\u00a0!\u00a0\u00bb rit en ch\u0153ur le trio de Knit&hellip;\n","protected":false},"author":2,"featured_media":434040,"comment_status":"","ping_status":"","sticky":false,"template":"","format":"standard","meta":{"footnotes":""},"categories":[1889],"tags":[1111,11,2430,1687,2757,1777,674,1685,1011,27,2428,2756,12,25,2429,3151],"class_list":{"0":"post-434039","1":"post","2":"type-post","3":"status-publish","4":"format-standard","5":"has-post-thumbnail","7":"category-lyon","8":"tag-actu","9":"tag-actualites","10":"tag-auvergne-rhone-alpes","11":"tag-culture-loisirs","12":"tag-edition-lyon-villeurbanne","13":"tag-eu","14":"tag-europe","15":"tag-foire-et-salon","16":"tag-fr","17":"tag-france","18":"tag-lyon","19":"tag-lyon-bassin","20":"tag-news","21":"tag-republique-francaise","22":"tag-rhone","23":"tag-selection-de-la-redaction-69"},"share_on_mastodon":{"url":"https:\/\/pubeurope.com\/@fr\/115305437468481530","error":""},"_links":{"self":[{"href":"https:\/\/www.europesays.com\/fr\/wp-json\/wp\/v2\/posts\/434039","targetHints":{"allow":["GET"]}}],"collection":[{"href":"https:\/\/www.europesays.com\/fr\/wp-json\/wp\/v2\/posts"}],"about":[{"href":"https:\/\/www.europesays.com\/fr\/wp-json\/wp\/v2\/types\/post"}],"author":[{"embeddable":true,"href":"https:\/\/www.europesays.com\/fr\/wp-json\/wp\/v2\/users\/2"}],"replies":[{"embeddable":true,"href":"https:\/\/www.europesays.com\/fr\/wp-json\/wp\/v2\/comments?post=434039"}],"version-history":[{"count":0,"href":"https:\/\/www.europesays.com\/fr\/wp-json\/wp\/v2\/posts\/434039\/revisions"}],"wp:featuredmedia":[{"embeddable":true,"href":"https:\/\/www.europesays.com\/fr\/wp-json\/wp\/v2\/media\/434040"}],"wp:attachment":[{"href":"https:\/\/www.europesays.com\/fr\/wp-json\/wp\/v2\/media?parent=434039"}],"wp:term":[{"taxonomy":"category","embeddable":true,"href":"https:\/\/www.europesays.com\/fr\/wp-json\/wp\/v2\/categories?post=434039"},{"taxonomy":"post_tag","embeddable":true,"href":"https:\/\/www.europesays.com\/fr\/wp-json\/wp\/v2\/tags?post=434039"}],"curies":[{"name":"wp","href":"https:\/\/api.w.org\/{rel}","templated":true}]}}