{"id":434045,"date":"2025-10-02T16:11:13","date_gmt":"2025-10-02T16:11:13","guid":{"rendered":"https:\/\/www.europesays.com\/fr\/434045\/"},"modified":"2025-10-02T16:11:13","modified_gmt":"2025-10-02T16:11:13","slug":"israel-bloque-la-route-menant-a-la-ville-de-gaza-le-ministre-de-la-defense-donne-une-derniere-occasion-aux-habitants-de-senfuir","status":"publish","type":"post","link":"https:\/\/www.europesays.com\/fr\/434045\/","title":{"rendered":"Isra\u00ebl bloque la route menant \u00e0 la ville de Gaza, le ministre de la d\u00e9fense donne une \u00ab\u00a0derni\u00e8re occasion\u00a0\u00bb aux habitants de s\u2019enfuir"},"content":{"rendered":"<p>   Isra\u00ebl bloque la route menant \u00e0 la ville de Gaza, le ministre de la d\u00e9fense isra\u00e9lien donne une\u00a0\u00ab\u00a0derni\u00e8re occasion\u00a0\u00bb\u00a0aux habitants de la ville de s\u2019enfuir             <\/p>\n<p class=\"post__live-container--answer-text post__space-node\">Les chars isra\u00e9liens bloquaient la route principale menant \u00e0 la ville de Gaza jeudi, emp\u00eachant les Gazaouis d\u00e9plac\u00e9s d\u2019y retourner, tandis qu\u2019Isra\u00ebl Katz, a donn\u00e9 une\u00a0\u00ab\u00a0derni\u00e8re occasion\u00a0\u00bb\u00a0aux habitants de la ville de s\u2019enfuir.<\/p>\n<p class=\"post__live-container--answer-text post__space-node\">L\u2019Etat h\u00e9breu a demand\u00e9 \u00e0 l\u2019ensemble de la population de la ville de Gaza, qui compte pr\u00e8s d\u2019un million d\u2019habitants, de se diriger vers le sud, alors que les forces arm\u00e9es isra\u00e9liennes (IDF) ont lanc\u00e9 ce mois-ci une offensive d\u2019ampleur sur la ville.<\/p>\n<p class=\"post__live-container--answer-text post__space-node\">Des Gazaouis ont d\u00e9clar\u00e9 \u00e0 Reuters que des chars avaient \u00e9rig\u00e9 des barri\u00e8res de sable sur la route principale menant au sud de la ville de Gaza. Si les Palestiniens sont autoris\u00e9s \u00e0 sortir de la ville, ceux qui \u00e9taient partis \u00e0 la recherche de nourriture ou d\u2019un abri temporaire ne seront plus autoris\u00e9s \u00e0 revenir.<\/p>\n<p class=\"post__live-container--answer-text post__space-node\">\u00ab\u00a0C\u2019est la derni\u00e8re occasion pour les habitants de Gaza qui le souhaitent de partir vers le sud et de laisser les agents du Hamas isol\u00e9s dans la ville de Gaza elle-m\u00eame face \u00e0 la poursuite des op\u00e9rations de grande envergure des Forces de d\u00e9fense isra\u00e9liennes\u00a0\u00bb, a d\u00e9clar\u00e9 Isra\u00ebl Katz dans un communiqu\u00e9. Les personnes quittant le territoire de la ville de Gaza seront soumises \u00e0 un contr\u00f4le par l\u2019arm\u00e9e, a-t-il pr\u00e9cis\u00e9.<\/p>\n<p class=\"post__live-container--answer-text post__space-node\">Les Nations unies estiment que 600\u00a0000 \u00e0 700\u00a0000 personnes se trouvent au sein de la ville de Gaza, 400\u00a0000 habitants ayant d\u00e9j\u00e0 fui ces derni\u00e8res semaines. Les chars continuaient d\u2019avancer, d\u00e9truisant les b\u00e2timents sur leur passage tandis que les avions isra\u00e9liens pilonnaient la ville de Gaza.<\/p>\n<p>                 <img decoding=\"async\" class=\"post__live-container--img post__space-node\"  src=\"https:\/\/www.europesays.com\/fr\/wp-content\/uploads\/2025\/10\/f39e874_ftp-import-images-1-o6qiwadgxfad-2025-10-01t183555z-359501065-rc2y2ha4jtas-rtrmadp-3-israel-.jpeg\" data- alt=\"Des d\u00e9plac\u00e9s palestiniens fuyant la ville de Gaza, le 2\u00a0octobre 2025.\"\/>   Des d\u00e9plac\u00e9s palestiniens fuyant la ville de Gaza, le 2\u00a0octobre 2025. MAHMOUD ISSA\/REUTERS         <\/p>\n","protected":false},"excerpt":{"rendered":"Isra\u00ebl bloque la route menant \u00e0 la ville de Gaza, le ministre de la d\u00e9fense isra\u00e9lien donne une\u00a0\u00ab\u00a0derni\u00e8re&hellip;\n","protected":false},"author":2,"featured_media":434046,"comment_status":"","ping_status":"","sticky":false,"template":"","format":"standard","meta":{"footnotes":""},"categories":[1888],"tags":[1111,1928,11,1927,1777,674,1011,27,12,1926,626,1925,25],"class_list":{"0":"post-434045","1":"post","2":"type-post","3":"status-publish","4":"format-standard","5":"has-post-thumbnail","7":"category-paris","8":"tag-actu","9":"tag-actu-paris","10":"tag-actualites","11":"tag-actualites-paris","12":"tag-eu","13":"tag-europe","14":"tag-fr","15":"tag-france","16":"tag-news","17":"tag-news-paris","18":"tag-paris","19":"tag-paris-news","20":"tag-republique-francaise"},"share_on_mastodon":{"url":"https:\/\/pubeurope.com\/@fr\/115305452958456161","error":""},"_links":{"self":[{"href":"https:\/\/www.europesays.com\/fr\/wp-json\/wp\/v2\/posts\/434045","targetHints":{"allow":["GET"]}}],"collection":[{"href":"https:\/\/www.europesays.com\/fr\/wp-json\/wp\/v2\/posts"}],"about":[{"href":"https:\/\/www.europesays.com\/fr\/wp-json\/wp\/v2\/types\/post"}],"author":[{"embeddable":true,"href":"https:\/\/www.europesays.com\/fr\/wp-json\/wp\/v2\/users\/2"}],"replies":[{"embeddable":true,"href":"https:\/\/www.europesays.com\/fr\/wp-json\/wp\/v2\/comments?post=434045"}],"version-history":[{"count":0,"href":"https:\/\/www.europesays.com\/fr\/wp-json\/wp\/v2\/posts\/434045\/revisions"}],"wp:featuredmedia":[{"embeddable":true,"href":"https:\/\/www.europesays.com\/fr\/wp-json\/wp\/v2\/media\/434046"}],"wp:attachment":[{"href":"https:\/\/www.europesays.com\/fr\/wp-json\/wp\/v2\/media?parent=434045"}],"wp:term":[{"taxonomy":"category","embeddable":true,"href":"https:\/\/www.europesays.com\/fr\/wp-json\/wp\/v2\/categories?post=434045"},{"taxonomy":"post_tag","embeddable":true,"href":"https:\/\/www.europesays.com\/fr\/wp-json\/wp\/v2\/tags?post=434045"}],"curies":[{"name":"wp","href":"https:\/\/api.w.org\/{rel}","templated":true}]}}