{"id":434047,"date":"2025-10-02T16:12:13","date_gmt":"2025-10-02T16:12:13","guid":{"rendered":"https:\/\/www.europesays.com\/fr\/434047\/"},"modified":"2025-10-02T16:12:13","modified_gmt":"2025-10-02T16:12:13","slug":"paris-les-investisseurs-portes-par-un-vent-doptimisme-au-dela-des-8000-pts-02-10-2025-a-1759","status":"publish","type":"post","link":"https:\/\/www.europesays.com\/fr\/434047\/","title":{"rendered":"Paris: les investisseurs port\u00e9s par un vent d&rsquo;optimisme au del\u00e0 des 8000 pts &#8211; 02\/10\/2025 \u00e0 17:59"},"content":{"rendered":"<p>                                                                La Bourse de Paris conclut la s\u00e9ance en nette hausse avec un gain de 1,13% \u00e0 8056 points, tir\u00e9e par Stellantis qui bondit de 8,3%, et devance LVMH (+3,6%) et Thales (+3,4%).<\/p>\n<p>L&rsquo;optimisme est aussi de mise chez les investisseurs europ\u00e9ens : Francfort grimpe de 1,3%, tout comme l&rsquo;Euro Stoxx 50.<br \/>\n<br \/>En revanche, Wall Street se montre plus h\u00e9sitante avec +0,2% pour le Nasdaq et -0,1% pour le S&amp;P500.\n<\/p>\n<p>Les march\u00e9s dig\u00e8rent encore le rapport ADP sur l&#8217;emploi aux Etats-Unis, t\u00e9moignant de la destruction de quelque 32 000 postes au cours du mois de septembre. Il a par ailleurs r\u00e9vis\u00e9 le solde du mois pr\u00e9c\u00e9dent, passant de +54 000 en premi\u00e8re lecture \u00e0&#8230; -3000.\n<\/p>\n<p>Une situation qui donne tout son sens \u00e0 l&rsquo;expression &lsquo;bad news is good news&rsquo; (&lsquo;les mauvaises nouvelles sont des bonnes nouvelles&rsquo;) puisque cette fragilit\u00e9 du march\u00e9 du travail soutient le sc\u00e9nario d&rsquo;un prochain assouplissement mon\u00e9taire de la Fed en octobre &#8211; et potentiellement en d\u00e9cembre.\n<\/p>\n<p>Dans ce contexte, les statistiques du ch\u00f4mage et des commandes \u00e0 l&rsquo;industrie aux Etats-Unis, attendues cet apr\u00e8s-midi, auraient pu apporter de pr\u00e9cieux \u00e9clairages aux investisseurs quant \u00e0 la sant\u00e9 de l&rsquo;\u00e9conomie \u00e9tats-unienne&#8230; mais c&rsquo;\u00e9tait sans compter sur le &lsquo;shutdown&rsquo;.\n<\/p>\n<p>En effet, si la fermeture partielle des administrations f\u00e9d\u00e9rales am\u00e9ricaines (faute d&rsquo;accord budg\u00e9taire au Congr\u00e8s) n&rsquo;a g\u00e9n\u00e9ralement que peu d&rsquo;effet sur les march\u00e9s actions, la parution des statistiques, publi\u00e9es par ces m\u00eames agences, n&rsquo;a pas eu lieu.\n<\/p>\n<p>&lsquo;Le shutdown intervient au pire moment car il y a une incertitude sur l&rsquo;\u00e9tat r\u00e9el de l&rsquo;\u00e9conomie am\u00e9ricaine et sur l&rsquo;\u00e9volution de la politique mon\u00e9taire&rsquo;, reconna\u00eet Christopher Dembik, conseiller en strat\u00e9gie d&rsquo;investissement chez Pictet AM. Et, &lsquo;comme il est probable que les chiffres de l&#8217;emploi de vendredi ne soient pas publi\u00e9s, un grand flou artistique devrait perdurer pour le moment&rsquo;, ajoute-t-il.\n<\/p>\n<p>Les investisseurs ont d\u00fb se contenter de la statistique du ch\u00f4mage en Europe. En ao\u00fbt 2025, le taux de ch\u00f4mage corrig\u00e9 des variations saisonni\u00e8res de la zone euro s&rsquo;est \u00e9tabli \u00e0 6,3%, contre 6,2% en juillet, tandis que celui de l&rsquo;UE est rest\u00e9 stable \u00e0 5,9%, selon les chiffres publi\u00e9s par Eurostat.\n<\/p>\n<p>L&rsquo;office statistique estime que 13,09 millions de personnes dans l&rsquo;UE, dont 10,84 millions dans la zone euro, \u00e9taient au ch\u00f4mage en ao\u00fbt. Par rapport \u00e0 juillet, le ch\u00f4mage a augment\u00e9 de 39 000 dans l&rsquo;UE et de 11 000 dans la zone euro.\n<\/p>\n<p>Sur le compartiment obligataire, le Bund \u00e0 10 ans est stable \u00e0 2,70% tandis que l&rsquo;OAT de m\u00eame \u00e9ch\u00e9ance est \u00e9galement immobile \u00e0 3,52%.<br \/>\n<br \/>\u00c0 Londres, le baril de Brent chute de -1,5% pour un nouveau plancher de 64 USD.\n<\/p>\n<p>Dans l&rsquo;actualit\u00e9 des valeurs \u00e0 Paris, EssilorLuxottica annonce la finalisation de l&rsquo;acquisition d&rsquo;Optegra, &lsquo;plateforme d&rsquo;ophtalmologie \u00e0 forte croissance et hautement int\u00e9gr\u00e9e&rsquo;, cette op\u00e9ration ayant re\u00e7u les autorisations n\u00e9cessaires.\n<\/p>\n<p>Saint-Gobain indique \u00eatre entr\u00e9 en n\u00e9gociations exclusives avec Ponsardin Industries pour la cession de SFIC Belgique, un distributeur de mat\u00e9riaux de construction sp\u00e9cialis\u00e9 dans le pl\u00e2tre, l&rsquo;isolation et les plafonds.\n<\/p>\n<p>TotalEnergies annonce un accord de cession d&rsquo;une partie de sa participation dans le projet de stockage de CO2 de Bifrost \u00e0 CarbonVault, filiale danoise du cimentier allemand Schwenk, ainsi accueillie comme partenaire et futur client au sein du projet.<\/p>\n","protected":false},"excerpt":{"rendered":"La Bourse de Paris conclut la s\u00e9ance en nette hausse avec un gain de 1,13% \u00e0 8056 points,&hellip;\n","protected":false},"author":2,"featured_media":17400,"comment_status":"","ping_status":"","sticky":false,"template":"","format":"standard","meta":{"footnotes":""},"categories":[1888],"tags":[400,1111,1928,11,1927,398,408,405,1777,674,1011,27,403,402,399,404,12,1926,626,1925,25,401,406,407],"class_list":{"0":"post-434047","1":"post","2":"type-post","3":"status-publish","4":"format-standard","5":"has-post-thumbnail","7":"category-paris","8":"tag-action-cac-40","9":"tag-actu","10":"tag-actu-paris","11":"tag-actualites","12":"tag-actualites-paris","13":"tag-bourse-de-paris","14":"tag-boursorama","15":"tag-cotations","16":"tag-eu","17":"tag-europe","18":"tag-fr","19":"tag-france","20":"tag-indices-devises","21":"tag-investir","22":"tag-investissement","23":"tag-marche-boursier","24":"tag-news","25":"tag-news-paris","26":"tag-paris","27":"tag-paris-news","28":"tag-republique-francaise","29":"tag-sicav","30":"tag-trackers","31":"tag-warrants"},"share_on_mastodon":{"url":"https:\/\/pubeurope.com\/@fr\/115305456848644569","error":""},"_links":{"self":[{"href":"https:\/\/www.europesays.com\/fr\/wp-json\/wp\/v2\/posts\/434047","targetHints":{"allow":["GET"]}}],"collection":[{"href":"https:\/\/www.europesays.com\/fr\/wp-json\/wp\/v2\/posts"}],"about":[{"href":"https:\/\/www.europesays.com\/fr\/wp-json\/wp\/v2\/types\/post"}],"author":[{"embeddable":true,"href":"https:\/\/www.europesays.com\/fr\/wp-json\/wp\/v2\/users\/2"}],"replies":[{"embeddable":true,"href":"https:\/\/www.europesays.com\/fr\/wp-json\/wp\/v2\/comments?post=434047"}],"version-history":[{"count":0,"href":"https:\/\/www.europesays.com\/fr\/wp-json\/wp\/v2\/posts\/434047\/revisions"}],"wp:featuredmedia":[{"embeddable":true,"href":"https:\/\/www.europesays.com\/fr\/wp-json\/wp\/v2\/media\/17400"}],"wp:attachment":[{"href":"https:\/\/www.europesays.com\/fr\/wp-json\/wp\/v2\/media?parent=434047"}],"wp:term":[{"taxonomy":"category","embeddable":true,"href":"https:\/\/www.europesays.com\/fr\/wp-json\/wp\/v2\/categories?post=434047"},{"taxonomy":"post_tag","embeddable":true,"href":"https:\/\/www.europesays.com\/fr\/wp-json\/wp\/v2\/tags?post=434047"}],"curies":[{"name":"wp","href":"https:\/\/api.w.org\/{rel}","templated":true}]}}