{"id":434050,"date":"2025-10-02T16:14:16","date_gmt":"2025-10-02T16:14:16","guid":{"rendered":"https:\/\/www.europesays.com\/fr\/434050\/"},"modified":"2025-10-02T16:14:16","modified_gmt":"2025-10-02T16:14:16","slug":"direct-greve-du-2-octobre-pres-de-600-000-manifestants-en-france-pour-la-cgt-185-000-selon-la-police","status":"publish","type":"post","link":"https:\/\/www.europesays.com\/fr\/434050\/","title":{"rendered":"DIRECT. Gr\u00e8ve du 2\u00a0octobre\u00a0: pr\u00e8s de 600\u00a0000 manifestants en France pour la CGT, 185\u00a0000 selon la police"},"content":{"rendered":"<p>18:07<\/p>\n<p>Quatre personnes interpell\u00e9es \u00e0 Paris\u00a0<\/p>\n<p>La pr\u00e9fecture de police de Paris a \u00e9galement annonc\u00e9 que quatre personnes ont \u00e9t\u00e9 interpell\u00e9es ce jeudi, dans le cadre de la journ\u00e9e de mobilisation syndicale.<\/p>\n<p>18:05<\/p>\n<p>24 000 manifestants \u00e0 Paris<\/p>\n<p>Selon les chiffres d\u00e9finitifs transmis par la pr\u00e9fecture de police de Paris, 24 000 manifestants ont \u00e9t\u00e9 recens\u00e9s ce jeudi dans la capitale.\u00a0<\/p>\n<p>17:46<\/p>\n<p>185 000 manifestants en France pour la police<\/p>\n<p>Sur LCI, la porte-parole de la police nationale, Agathe Foucault, a avanc\u00e9 le chiffre de 185 000 manifestants sur l&rsquo;ensemble du territoire fran\u00e7ais ce jeudi, bien loin des 600 000 personnes annonc\u00e9es par la CGT.\u00a0<\/p>\n<p>17:35<\/p>\n<p>Des manifestants interpell\u00e9s apr\u00e8s avoir tent\u00e9 de bloquer le site d&rsquo;Eurolinks \u00e0 Marseille<\/p>\n<p>Selon la Pr\u00e9fecture de police de Marseille, un groupe d&rsquo;individus a tent\u00e9 de bloquer le site d&rsquo;Eurolinks, l&rsquo;entreprise d&rsquo;armements accus\u00e9e de vendre des composants d&rsquo;armes \u00e0 Isra\u00ebl, ce jeudi apr\u00e8s-midi. Plus de 100 personnes ont \u00e9t\u00e9 interpell\u00e9es et plac\u00e9es en garde \u00e0 vue apr\u00e8s ce rassemblement non-d\u00e9clar\u00e9 pour \u00abparticipation \u00e0 un attroupement apr\u00e8s sommations \u00bb et certaines pour \u00ab d\u00e9gradations ou violences sur personne d\u00e9positaire de l\u2019autorit\u00e9 publique \u00bb.<\/p>\n<p><strong>Marc Leras, correspondant Le Parisien \u00e0 Marseille.<\/strong><\/p>\n<p>17:23<\/p>\n<p>Environ 600 000 manifestants en France selon la CGT<\/p>\n<p>La CGT annonce \u00ab pr\u00e8s de 600.000 \u00bb manifestants partout en France. Des chiffres largement sup\u00e9rieurs \u00e0 ceux de la police, qui pr\u00e9disait une participation montant jusqu&rsquo;\u00e0 250 000 personnes maximum.\u00a0<\/p>\n<p>17:22<\/p>\n<p>80 000 \u00e9tudiants mobilis\u00e9s\u00a0<\/p>\n<p>L&rsquo;Union \u00e9tudiante revendique une participation de 80 000 manifestants dans les diff\u00e9rents cort\u00e8ges de France ce jeudi. Ils \u00e9taient 110 000 le 18 septembre, lors de la pr\u00e9c\u00e9dente journ\u00e9e de mobilisation.\u00a0<\/p>\n<p>16:56<\/p>\n<p>Le cort\u00e8ge parisien touche \u00e0 sa fin dans le calme<\/p>\n<p>Les manifestants arrivent petit \u00e0 petit sur la place Vauban (VIIe arrondissement) apr\u00e8s un peu plus de 2h de parcours. La fin de cette troisi\u00e8me journ\u00e9e de mobilisation se d\u00e9roule dans de bonnes conditions, dans le calme.<\/p>\n<p>16:50<\/p>\n<p>Une femme chute du haut de la Statue du mar\u00e9chal Gallieni\u00a0<\/p>\n<p>Une jeune femme mont\u00e9e sur la Statue du mar\u00e9chal Gallieni, place Vauban, vient de chuter. Elle est actuellement \u00e0 terre.\u00a0<\/p>\n<p>16:47<\/p>\n<p>24 000 manifestants \u00e0 Paris\u00a0<\/p>\n<p>Selon les chiffres r\u00e9vis\u00e9s de la Pr\u00e9fecture de police de Paris, 24 000 personnes garnissent actuellement le cort\u00e8ge dans la capitale.\u00a0<\/p>\n<p>16:38<\/p>\n<p>Des manifestants invectivent la police place Vauban<\/p>\n<p>La tension monte derri\u00e8re les Invalides, place Vauban, lieu d&rsquo;arriv\u00e9e du cort\u00e8ge parisien. \u00abTout le monde d\u00e9teste la police \u00bb, \u00ab Flic suicid\u00e9 \u00e0 moiti\u00e9 pardonn\u00e9 \u00bb, ont lanc\u00e9 certains manifestants devant le cordon de CRS. Alors que les invectives volent, une polici\u00e8re a ordonn\u00e9 \u00e0 ses coll\u00e8gues d&rsquo;abaisser leur visi\u00e8re. Une deuxi\u00e8me rang\u00e9e de CRS a pris position.<\/p>\n<p>16:31<\/p>\n<p>Le PS et le RN re\u00e7us vendredi par S\u00e9bastien Lecornu<\/p>\n<p>Les responsables politiques vont se succ\u00e9der ce vendredi \u00e0 Matignon. Avant Olivier Faure, premier secr\u00e9taire du Parti Socialiste (PS), attendu \u00e0 10h30, Marine Le Pen et le Rassemblement national (RN) seront re\u00e7us \u00e0 9h. Les Ecologistes rencontreront le Premier ministre \u00e0 11h30, les communistes \u00e0 12h30.<\/p>\n<p>16:21<\/p>\n<p>Pas d&rsquo;incidents \u00e0 signaler\u00a0<\/p>\n<p>En marche depuis pr\u00e8s de 14h, le cort\u00e8ge parisien continue sa route vers la place Vauban dans le calme. Hormis l&rsquo;accueil muscl\u00e9 r\u00e9serv\u00e9 aux socialistes, aucun incident n&rsquo;est \u00e0 d\u00e9plorer pour le moment, les 5000 policiers mobilis\u00e9s \u00e9tant peu sollicit\u00e9s depuis le d\u00e9but de la manifestation dans la capitale.\u00a0<\/p>\n<p>16:16<\/p>\n<p>\u00ab\u00a0On se sent tous au bord du pr\u00e9cipice\u00a0\u00bb\u00a0: le PS pr\u00eat \u00e0 censurer avant son rendez-vous \u00e0 Matignon<\/p>\n<p>15:55<\/p>\n<p>Retailleau re\u00e7u par Lecornu \u00e0 Matignon\u00a0<\/p>\n<p>Selon les informations de BFMTV et de TF1\/LCI, le ministre d\u00e9missionnaire de l&rsquo;Int\u00e9rieur Bruno Retailleau se trouve actuellement \u00e0 Matignon avec le Premier ministre S\u00e9bastien Lecornu pour parler des manifestations du jour et de la formation du futur gouvernement.<\/p>\n<p>15:52<\/p>\n<p>Matignon a annonc\u00e9 la baisse de l\u2019imp\u00f4t sur le revenu pour les couples au smic\u2026 alors qu\u2019ils ne le paient pas<\/p>\n<p>15:46<\/p>\n<p>20 000 manifestants estim\u00e9s dans le cort\u00e8ge parisien<\/p>\n<p>\u00c0 15h30, le nombre de participants \u00e0 la manifestation parisienne \u00e9tait estim\u00e9 \u00e0 20 000 personnes.\u00a0<\/p>\n<p>15:33<\/p>\n<p>La manifestation continue dans le calme \u00e0 Paris<\/p>\n<p>Alors que le cort\u00e8ge parisien vient de d\u00e9passer la c\u00e9l\u00e8bre brasserie de La Rotonde, non loin de la Gare Montparnasse, tout se passe dans le calme. Aucun incident n&rsquo;est pour l&rsquo;instant \u00e0 d\u00e9plorer.<\/p>\n<p>15:28<\/p>\n<p>Un point sur la mobilisation en province<\/p>\n<p>Partout en France, la nombre de gr\u00e9vistes est en baisse ce jeudi par rapport au 18 septembre.<\/p>\n<ul>\n<li>\u00a0\u00c0 Marseille, 4000 manifestants ont \u00e9t\u00e9 recens\u00e9s en d\u00e9but de cort\u00e8ge selon la police, contre 15000 sur toute la journ\u00e9e le 18.<\/li>\n<li>\u00c0 Montpellier, le chiffre est \u00e9galement de 4000, contre 10000 participants le 18.<\/li>\n<li>\u00c0 Bordeaux, 26000 manifestants ont \u00e9t\u00e9 d\u00e9compt\u00e9s contre 8800 il y a deux semaines.<\/li>\n<\/ul>\n<p>15:13<\/p>\n<p>16 000 manifestants \u00e0 Paris ?<\/p>\n<p>Selon les chiffres transmis par la Direction de l&rsquo;ordre public et de la circulation (DOPC), 16000 manifestants garnissent actuellement le cort\u00e8ge dans les rues parisiennes.\u00a0<\/p>\n<p>15:08<\/p>\n<p>Les intervenants de Paris Mus\u00e9es en gr\u00e8ve<\/p>\n<p>Les conf\u00e9renciers de Paris Mus\u00e9es, qui d\u00e9noncent, comme le 18 septembre, <a href=\"https:\/\/www.leparisien.fr\/paris-75\/des-salaires-entre-900-et-1-800-euros-les-intervenants-de-paris-musees-en-greve-pendant-les-journees-du-patrimoine-19-09-2025-PGA7AIOKIZGIXMQDE64RSBW5GE.php\" target=\"_blank\" rel=\"nofollow noopener\">des conditions de travail trop pr\u00e9caires<\/a>, sont une nouvelle fois pr\u00e9sent dans le cort\u00e8ge parisien. Ils demandent des revalorisations de salaires.<\/p>\n<p><img decoding=\"async\" src=\"https:\/\/www.europesays.com\/fr\/wp-content\/uploads\/2025\/10\/7DZ23FU6FNF7XAHEKXB5RV2PGI.jfif.jpeg\"\/>Les conf\u00e9renciers des 14 mus\u00e9es de Paris Mus\u00e9es en gr\u00e8ve.<\/p>\n<p>14:58<\/p>\n<p>La mobilisation des agents de la fonction publique en net recul<\/p>\n<p>Le minist\u00e8re de la fonction publique a indiqu\u00e9 avoir recens\u00e9 4,22% d&rsquo;agents de la fonction publique d&rsquo;Etat (FPE) en gr\u00e8ve jeudi \u00e0 la mi-journ\u00e9e, contre pr\u00e8s de 11% le 18 septembre au m\u00eame moment, une illustration d&rsquo;un recul de la mobilisation intersyndicale.<\/p>\n<p>La mobilisation est \u00e9galement en repli dans les autres branches de la fonction publique avec 3,7% d&rsquo;agents en gr\u00e8ve dans la fonction publique hospitali\u00e8re, et 2,35% dans la fonction publique territoriale.<\/p>\n<p>14:53<\/p>\n<p>\u00ab Faire gr\u00e8ve, c&rsquo;est difficile de nos jours \u00bb<\/p>\n<p>Syndiqu\u00e9es chez FO Assurances et pr\u00e9sentes dans le cort\u00e8ge parisien, Nathalie et Virginie se disent \u00ab d\u00e9\u00e7ues de la mobilisation \u00bb, en baisse ce jeudi 2 octobre par rapport au 18 septembre, mais nuancent la tendance en rappelant qu&rsquo;il est \u00ab difficile de faire gr\u00e8ve de nos jours \u00bb.<\/p>\n<p><img decoding=\"async\" src=\"https:\/\/www.europesays.com\/fr\/wp-content\/uploads\/2025\/10\/LUFGFFVKKFDE7MPKORH3VKSM74.jfif.jpeg\"\/>Manifestation \u00e0 Paris, le jeudi 2 octobre.<\/p>\n<p>14:48<\/p>\n<p>Les nouvelles pistes de S\u00e9bastien Lecornu<\/p>\n<p>Le Premier ministre travaille sur plusieurs pistes de baisses de pr\u00e9l\u00e8vements en faveur des salari\u00e9s, a indiqu\u00e9 son entourage jeudi \u00e0 l&rsquo;AFP. Parmi elles, une baisse de l&rsquo;imp\u00f4t sur le revenu pour les couples pay\u00e9s \u00ab l\u00e9g\u00e8rement \u00bb au-dessus du Smic est \u00e0 l&rsquo;\u00e9tude.\u00a0<\/p>\n<p>14:46<\/p>\n<p>Olivier Faure chahut\u00e9 dans le cort\u00e8ge \u00a0<\/p>\n<p>Selon BFMTV, Olivier Faure a re\u00e7u un accueil tr\u00e8s hostile \u00e0 son arriv\u00e9e dans le cort\u00e8ge parisien. Le premier secr\u00e9taire du PS a \u00e9t\u00e9 hu\u00e9 par des dizaines de manifestants. \u00ab Faure d\u00e9gage \u00bb, \u00ab PS collabo \u00bb, \u00ab Salut les tra\u00eetres \u00bb, a-t-il \u00e9t\u00e9 lanc\u00e9 \u00e0 son adresse et \u00e0 celle de Boris Vallaud, pr\u00e9sent \u00e0 ses c\u00f4t\u00e9s.<\/p>\n<p>14:36<\/p>\n<p>La participation en forte baisse selon la police<\/p>\n<p>Les sources polici\u00e8res confirment les chiffres avanc\u00e9s par le minist\u00e8re de l&rsquo;Int\u00e9rieur \u00e0 la mi-journ\u00e9e : la participation est en forte baisse ce 2 octobre par rapport au 18 septembre. \u00c0 12h, \u00a0on comptait 85 000 manifestants France enti\u00e8re hors Paris contre 200 000 le 18 septembre.<\/p>\n<p>Au total, la police estime que la participation nationale devrait monter jusqu&rsquo;\u00e0 250 000 personnes au maximum, contre 505 000 le 18 septembre.<\/p>\n<p>14:27<\/p>\n<p>Olivier Faure remet la pression sur S\u00e9bastien Lecornu<\/p>\n<p>\u00ab C&rsquo;est tr\u00e8s en de\u00e7\u00e0 de ce que nous esp\u00e9rons \u00bb, a confess\u00e9 le premier secr\u00e9taire du Parti socialiste (PS) au sujet des pistes avanc\u00e9es par S\u00e9bastien Lecornu sur le budget 2026.<\/p>\n<p>\u00a0Interrog\u00e9 par plusieurs m\u00e9dias en marge de la manifestation parisienne, Faure l&rsquo;a conc\u00e9d\u00e9: \u00abAucune mesure rendue publique n&rsquo;est de nature \u00e0 infl\u00e9chir notre position. Pour l&rsquo;instant, ce n&rsquo;est pas concluant. Nous verrons demain. Si rien n&rsquo;a chang\u00e9, nous censurerons le gouvernement d\u00e8s le discours de politique g\u00e9n\u00e9rale \u00bb, a-t-il d\u00e9clar\u00e9.<\/p>\n<p>14:17<\/p>\n<p>La mobilisation d\u00e9bute \u00e0 Paris\u00a0<\/p>\n<p>Les manifestants se rassemblent place d&rsquo;Italie (XIIIe) et vont se diriger vers la place Vauban (VIIe) qu&rsquo;ils devraient attendre vers 17h. A noter que 5000 membres des forces de l&rsquo;ordre sont pr\u00e9sents pour les encadrer.\u00a0<\/p>\n<p>13:57<\/p>\n<p>Marylise L\u00e9on \u00ab attends de voir la copie \u00bb de S\u00e9bastien Lecornu\u00a0<\/p>\n<p>\u00ab J&rsquo;attends de voir la copie initiale, ce qui sera dans le budget, le PLFSS, pour avoir confirmation que ce qui est annonc\u00e9 r\u00e9pond \u00e0 vraiment \u00e0 des situations concr\u00e8tes \u00bb, a d\u00e9clar\u00e9 Marylise L\u00e9on, la patronne de la CFDT, quelques minutes avant le d\u00e9part de la manifestation parisienne.\u00a0<\/p>\n<p>13:43<\/p>\n<p>Des manifestants film\u00e9s \u00e0 l&rsquo;int\u00e9rieur d&rsquo;une boutique Tesla\u00a0<\/p>\n<p>Plusieurs vid\u00e9os montrent des manifestants \u00e0 l&rsquo;int\u00e9rieur d&rsquo;une boutique de voiture Tesla. Selon plusieurs journalistes, il s&rsquo;agirait de cheminots qui ont p\u00e9n\u00e9tr\u00e9 dans un magasin \u00a0situ\u00e9 \u00e0 Saint-Ouen.\u00a0<\/p>\n<blockquote class=\"twitter-tweet\" align=\"center\">\n<p lang=\"fr\" dir=\"ltr\">Les cheminots en gr\u00e8ve ont envahi la boutique Tesla de Saint-Ouen apr\u00e8s leur assembl\u00e9e g\u00e9n\u00e9rale \u00e0 la Gare de Lyon de Paris. <a href=\"https:\/\/t.co\/QnqA6uUGwe\" rel=\"nofollow\">pic.twitter.com\/QnqA6uUGwe<\/a><\/p>\n<p>\u2014 CLPRESS \/ Agence de presse (@CLPRESSFR) <a href=\"https:\/\/twitter.com\/CLPRESSFR\/status\/1973703980967690680?ref_src=twsrc%5Etfw\" rel=\"nofollow noopener\" target=\"_blank\">October 2, 2025<\/a><\/p><\/blockquote>\n<p>13:34<\/p>\n<p>La tour Eiffel ferm\u00e9e au public ce jeudi, annoncent la CGT et l&rsquo;exploitant<\/p>\n<p>En raison de la mobilisation intersyndicale, la tour Eiffel est elle aussi ferm\u00e9e au public, ce jeudi, a annonc\u00e9 la soci\u00e9t\u00e9 d&rsquo;exploitation et le syndicat CGT de l&rsquo;\u00e9difice touristique.<\/p>\n<p>\u00ab Suite \u00e0 l&rsquo;appel national intersyndical de ce jour, une assembl\u00e9e g\u00e9n\u00e9rale du personnel de la tour Eiffel a eu lieu ce matin. Une large majorit\u00e9 des salari\u00e9s s&rsquo;est prononc\u00e9e en faveur de la gr\u00e8ve \u00bb, a indiqu\u00e9 la CGT tour Eiffel dans une d\u00e9claration transmise \u00e0 l&rsquo;AFP.<\/p>\n<p>Le pr\u00e9sident de la Soci\u00e9t\u00e9 d&rsquo;exploitation de la tour Eiffel (Sete), Jean-Fran\u00e7ois Martins, a confirm\u00e9 que l&rsquo;\u00e9difice resterait \u00ab ferm\u00e9 aujourd&rsquo;hui \u00bb (jeudi), dans le cadre du \u00ab mouvement interprofessionnel national \u00bb.<\/p>\n<p>La tour Eiffel avait d\u00e9j\u00e0 \u00e9t\u00e9 ferm\u00e9e lors de la pr\u00e9c\u00e9dente journ\u00e9e de mobilisation du 18 septembre, a-t-il ajout\u00e9.\u00a0<\/p>\n<p>13:28<\/p>\n<p>S\u00e9bastien Lecornu est le Premier ministre des \u00ab copier-coller \u00bb, estime Sophie Binet<\/p>\n<p>Interrog\u00e9 \u00e0 quelques minutes du d\u00e9part de la manifestation parisienne, Sophie Binet, la secr\u00e9taire g\u00e9n\u00e9rale de la CGT, a estim\u00e9 que c&rsquo;\u00e9tait \u00ab la premi\u00e8re rentr\u00e9e syndicale o\u00f9 il y a ce niveau de mobilisation \u00bb. \u00ab En un mois, il y a eu trois journ\u00e9es de gr\u00e8ves et de manifestations qui rassembl\u00e9es un cumul de centaines de milliers de manifestants et manifestantes \u00bb, a-t-elle rappel\u00e9.\u00a0<\/p>\n<p>R\u00e9agissant aux mesures d\u00e9voil\u00e9es, ce jeudi matin, par Matignon, Sophie Binet a qualifi\u00e9 S\u00e9bastien Lecornu de Premier ministre des \u00ab copier-coller \u00bb. \u00ab Toutes ces mesures c&rsquo;est la reprise de mesures qui existent d\u00e9j\u00e0 ou qui ont d\u00e9j\u00e0 exist\u00e9 \u00bb, a-t-elle poursuivi, avant d&rsquo;ajouter: \u00ab huit ans de sacrifices, \u00e7a suffit \u00bb.\u00a0<\/p>\n<p>12:57<\/p>\n<p>85 000 manifestants recens\u00e9s hors Paris<\/p>\n<p>Selon les chiffres communiqu\u00e9s \u00e0 la mi-journ\u00e9e par le minist\u00e8re de l&rsquo;Int\u00e9rieur, 85 000 manifestants ont \u00e9t\u00e9 recens\u00e9s dans la matin\u00e9e sur le territoire national, sans compter Paris, dont la mobilisation est pr\u00e9vue \u00e0 partir de 14h.\u00a0<\/p>\n<p>Des chiffres en large baisse par rapport au 18 septembre, o\u00f9 200 000 manifestants avaient \u00e9t\u00e9 d\u00e9compt\u00e9s, toujours hors Paris, \u00e0 la m\u00eame heure.\u00a0<\/p>\n<p>12:56<\/p>\n<p>Info Le Parisien<\/p>\n<p>Plusieurs interpellations \u00e0 Paris<\/p>\n<p>Selon les informations du Parisien, plusieurs lyc\u00e9ens ont \u00e9t\u00e9 interpell\u00e9s ce matin dans la capitale, lors de tentatives de blocage d&rsquo;\u00e9tablissements scolaires.<\/p>\n<p>Un individu, masqu\u00e9, a \u00e9t\u00e9 interpell\u00e9 devant l&rsquo;\u00c9cole nationale sup\u00e9rieure des Arts, dans le Ve arrondissement de Paris, apr\u00e8s avoir tent\u00e9 de prendre la fuite du blocage. Du s\u00e9rum physiologique et une cha\u00eene ont \u00e9t\u00e9 retrouv\u00e9s sur lui.\u00a0<\/p>\n<p>Un deuxi\u00e8me individu a \u00e9galement \u00e9t\u00e9 arr\u00eat\u00e9 devant le lyc\u00e9e Turgot, dans le IIIe arrondissement de Paris.\u00a0<\/p>\n<p>12:54<\/p>\n<p>Info Le Parisien<\/p>\n<p>Un possible rassemblement ce soir \u00e0 Paris pour la Palestine<\/p>\n<p>Les forces de l&rsquo;ordre s&rsquo;attendent \u00e0 un important rassemblement, ce soir, place de la R\u00e9publique \u00e0 Paris, en faveur de la cause palestinienne. La mobilisation pourrait \u00eatre renforc\u00e9e apr\u00e8s l&rsquo;immobilisation, par l&rsquo;arm\u00e9e isra\u00e9lienne, <a href=\"https:\/\/www.leparisien.fr\/international\/israel\/flottille-pour-gaza-malgre-linterception-de-13-bateaux-par-israel-le-rest-des-navires-poursuit-sa-route-02-10-2025-P7PARPIYCRCXREQXPGRZCCJ3ZQ.php\" target=\"_blank\" rel=\"nofollow noopener\">d&rsquo;une partie de la flottille pour Gaza<\/a>.<\/p>\n<p>12:45<\/p>\n<p>L&rsquo;universit\u00e9 Rennes 2 bloqu\u00e9e et \u00e9vacu\u00e9e<\/p>\n<p>Selon les informations de <a href=\"https:\/\/www.ouest-france.fr\/societe\/manifestation\/direct-greve-du-2-octobre-des-manifestations-en-france-des-perturbations-dans-les-transports-2987131f-5cea-4074-b42a-bc1e5a3816ba\" target=\"_blank\" rel=\"nofollow noopener\">Ouest-France<\/a>, les \u00e9tudiants et le personnel de l&rsquo;universit\u00e9 Rennes 2 ont \u00e9vacu\u00e9 le b\u00e2timent ce matin apr\u00e8s une tentative de blocage. BFMTV ajoute que 300 personnes environ sont rassembl\u00e9es aux abords de l&rsquo;\u00e9tablissement. Un feu de palette a \u00e9t\u00e9 observ\u00e9.\u00a0<\/p>\n<p>12:41<\/p>\n<p>Les manifestations d\u00e9butent partout en France<\/p>\n<p>Les premiers des 250 cort\u00e8ges attendus se sont \u00e9lanc\u00e9s un peu partout en France ce jeudi matin, \u00e0 Marseille, Bordeaux et Nantes par exemple. Pour rappel, la manifestation parisienne d\u00e9marrera \u00e0 14 heures place d&rsquo;Italie.\u00a0<\/p>\n<p>12:15<\/p>\n<p>Cinq stations de m\u00e9tro ferm\u00e9es \u00e0 Paris<\/p>\n<p>Plusieurs stations sont dores et d\u00e9j\u00e0 ferm\u00e9es en raison de <a href=\"https:\/\/www.leparisien.fr\/paris-75\/manifestation-du-jeudi-2-octobre-a-paris-la-rive-gauche-paralysee-et-cinq-stations-de-metro-fermees-01-10-2025-ZHTQKICAD5EEJCONFZ4LY7DDGY.php\" target=\"_blank\" rel=\"nofollow noopener\">leurs localisations sur le parcours du cort\u00e8ge<\/a>. C&rsquo;est le cas de celle des Gobelins depuis 10 heures. A midi, les stations Tour-Maubourg, Invalides , Port-Royal (RER B) et Varenne ont \u00e0 leur tour \u00e9t\u00e9 ferm\u00e9es.<\/p>\n<p>11:52<\/p>\n<p>3 000 manifestants \u00e0 Bayonne<\/p>\n<p>Un chiffre estim\u00e9 par France 3 Euskal Herri. Le cort\u00e8ge s&rsquo;est \u00e9lanc\u00e9 en fin de matin\u00e9e avec une banderole \u00ab Les sacrifices, \u00e7a suffit ! \u00bb.<\/p>\n<p>11:33<\/p>\n<p>Une action au si\u00e8ge de Thales<\/p>\n<p>Ce matin, des manifestants ont d\u00e9ploy\u00e9 une banderole devant le si\u00e8ge de l&rsquo;entreprise, situ\u00e9 \u00e0 Gennevilliers (Hauts-de-Seine). \u00ab Leurs guerres, leurs profits, nos mort.e.s \u00bb, peut-on lire. D&rsquo;apr\u00e8s une enqu\u00eate de <a href=\"https:\/\/disclose.ngo\/fr\/article\/vente-darmes-a-israel-thales-equipe-des-drones-de-combat-depuis-2018\" target=\"_blank\" rel=\"nofollow noopener\">Disclose<\/a>, Thales a vendu des composants \u00e9lectroniques servant \u00e0 \u00e9quiper des drones isra\u00e9liens qui pourraient servir dans des bombardements \u00e0 Gaza.\u00a0<\/p>\n<p>11:27<\/p>\n<p>A peine une dizaine de blocages dans des \u00e9tablissements scolaires<\/p>\n<p>A la mi-journ\u00e9e, le minist\u00e8re de l&rsquo;Education nationale fait \u00e9tat de sept blocages dans la matin\u00e9e, pour \u00ab 40 perturbations \u00bb.<\/p>\n<p>11:23<\/p>\n<p>6% d&rsquo;enseignants en gr\u00e8ve selon le minist\u00e8re<\/p>\n<p>Le minist\u00e8re de l&rsquo;Education nationale estime \u00e0 6,42% le taux de gr\u00e9viste chez les enseignants ce jeudi. Un taux qui baisse \u00e0 5,51% pour l&rsquo;ensemble des professions.<\/p>\n<p>Dans le d\u00e9tail, ce taux est de 6,95% dans les \u00e9coles, 7,38% dans les coll\u00e8ges et entre 4,5% et 4,95% dans les lyc\u00e9es. Les personnels de vie scolaire sont plus mobilis\u00e9s, avec 12,18% de gr\u00e9vistes.<\/p>\n<p>11:17<\/p>\n<p>Nouvelle AG \u00e0 la gare du Nord<\/p>\n<p>A l&rsquo;appel du syndicat Sud-Rail, une AG se tient actuellement aux abords de la gare du Nord. Le 18 septembre, une autre avait d\u00e9j\u00e0 \u00e9t\u00e9 organis\u00e9e avant de rejoindre le cort\u00e8ge parisien.\u00a0<\/p>\n<p>11:13<\/p>\n<p>27% de gr\u00e9vistes dans les coll\u00e8ges et lyc\u00e9es<\/p>\n<p>D&rsquo;apr\u00e8s le Snes-FSU, \u00a0premier syndicat du secondaire, \u00ab 27% des personnels d&rsquo;enseignement, d&rsquo;\u00e9ducation, PsyEN (psychologues de l&rsquo;Education nationale, ndlr), AED (Assistants d&rsquo;\u00e9ducation) et AESH (Accompagnants d&rsquo;\u00e9l\u00e8ves en situation de handicap) sont en gr\u00e8ve \u00bb.\u00a0<\/p>\n<p>Le 18 septembre, ce taux de gr\u00e9vistes avait \u00e9t\u00e9 estim\u00e9 \u00e0 45%.<\/p>\n<p>10:51<\/p>\n<p>La justice suspend en partie l&rsquo;arr\u00eat\u00e9 du pr\u00e9fet de l&rsquo;H\u00e9rault<\/p>\n<p>Dans cet arr\u00eat\u00e9, le pr\u00e9fet Fran\u00e7ois-Xavier Lauch interdisait \u00ab la pr\u00e9sence (dans le cort\u00e8ge) de toute personne ext\u00e9rieure \u00e0 la manifestation d\u00e9clar\u00e9e par l&rsquo;intersyndicale, compos\u00e9e de ses adh\u00e9rents, ses militants et ses sympathisants \u00bb. De quoi faire r\u00e9agir syndicats et forces politiques qui lui reprochaient de \u00ab trier les manifestants \u00bb.\u00a0<\/p>\n<p>Sur X, le pr\u00e9fet avait pr\u00e9cis\u00e9 que cette mesure visait \u00ab notamment les membres des groupuscules d&rsquo;extr\u00eame-droite pour lesquels l&rsquo;action de la pr\u00e9fecture a \u00e9t\u00e9 fortement sollicit\u00e9 depuis le 18 septembre \u00bb.<\/p>\n<p>\u00ab Je regrette que les m\u00eames qui depuis le 18 septembre critiquent ma pr\u00e9tendue inaction contre l\u2019extr\u00eame-droite me privent aujourd\u2019hui d\u2019un moyen de pr\u00e9vention de ces faits \u00bb, \u00e9crit le pr\u00e9fet en r\u00e9action \u00e0 la suspension partielle par le tribunal administratif.<\/p>\n<p>10:40<\/p>\n<p>Une matin\u00e9e moins charg\u00e9e que le 18 septembre<\/p>\n<p>Lors de la derni\u00e8re journ\u00e9e de mobilisation, plusieurs actions avaient eu lieu un peu partout en France, avec notamment de nombreuses interpellations d\u00e8s la mi-journ\u00e9e. Ce jeudi, des tentatives de blocages ont certes eu lieu, mais la mobilisation semble moindre.<\/p>\n<p>10:28<\/p>\n<p>500 manifestants autour de Saint-Omer<\/p>\n<p>Selon la <a href=\"https:\/\/www.lavoixdunord.fr\/1631234\/article\/2025-10-02\/direct-greve-du-2-octobre-quelque-250-corteges-attendus-travers-la-france-mais\" target=\"_blank\" rel=\"nofollow noopener\">Voix du Nord<\/a>, les syndicats qui tractaient au niveau du rond-point des Bruy\u00e8res \u00e0 Longuenesse, occasionnant quelques perturbations sur la circulation, sont parvenus \u00e0 mobiliser pr\u00e8s de 500 personnes pour s&rsquo;opposer \u00e0 la politique d&rsquo;aust\u00e9rit\u00e9 du gouvernement. Selon le quotidien, ils \u00e9taient 800 le 18 septembre dernier. Le cort\u00e8ge prend la direction du centre-ville de Saint-Omer, o\u00f9 une manifestation est pr\u00e9vue.<\/p>\n<p>10:12<\/p>\n<p>Dans les Hauts-de-France<\/p>\n<p>Deux grands rassemblements sont pr\u00e9vus cet apr\u00e8s-midi \u00e0 Lille et Dunkerque.<\/p>\n<p>10:07<\/p>\n<p>Des blocages et tentatives \u00e0 Rennes<\/p>\n<p>La cit\u00e9 d&rsquo;Ille-et-Vilaine a l&rsquo;habitude de se mobiliser, raison pour laquelle un important dispositif policier y a \u00e9t\u00e9 d\u00e9ploy\u00e9 d\u00e8s l&rsquo;aube. Les forces de l&rsquo;ordre ont emp\u00each\u00e9 des lyc\u00e9ens de bloquer l&rsquo;entr\u00e9e du lyc\u00e9e Jean-Mac\u00e9, mais les manifestants, une fois le calme revenu, ont, selon le <a href=\"https:\/\/www.letelegramme.fr\/ille-et-vilaine\/rennes-35000\/direct-greve-du-2-octobre-a-rennes-des-blocages-en-cours-ce-matin-6901191.php\" target=\"_blank\" rel=\"nofollow noopener\">T\u00e9l\u00e9gramme<\/a>, organis\u00e9 un deuxi\u00e8me blocage dans la cour int\u00e9rieure de l&rsquo;\u00e9tablissement.<\/p>\n<p>Des b\u00e2timents administratifs de sites universitaires ont \u00e9t\u00e9 bloqu\u00e9s \u00e0 Beaulieu et Rennes 2. Par ailleurs, le blocus de \u2060Sciences Po a \u00e9t\u00e9 lev\u00e9 par les forces de l&rsquo;ordre mais l&rsquo;\u00e9tablissement reste ferm\u00e9. Les courses sont effectu\u00e9s en distanciel.<\/p>\n<p>10:01<\/p>\n<p>Le t\u00e9l\u00e9gramme de Retailleau<\/p>\n<p>Hier, le ministre d\u00e9missionnaire de l&rsquo;Int\u00e9rieur Bruno Retailleau a adress\u00e9 un t\u00e9l\u00e9gramme aux pr\u00e9fets. Il leur demande de \u00ab s&rsquo;impliquer personnellement \u00bb pour emp\u00eacher les d\u00e9gradations et les blocages ce jeudi. Notre article <a href=\"https:\/\/www.leparisien.fr\/economie\/je-vous-demande-de-vous-impliquer-personnellement-le-message-de-bruno-retailleau-aux-prefets-avant-la-mobilisation-du-2-octobre-01-10-2025-ENDDJ5UCAFFVHAV3QXMQ4L2OGI.php\" target=\"_blank\" rel=\"nofollow noopener\">\u00e0 lire ici<\/a>.<\/p>\n<p>09:56<\/p>\n<p>Tentative de bloquer le p\u00e9riph lyonnais<\/p>\n<p>Selon nos confr\u00e8res du <a href=\"https:\/\/www.leprogres.fr\/faits-divers-justice\/2025\/10\/02\/greve-du-2-octobre-une-vingtaine-de-personnes-tentent-de-bloquer-le-peripherique-a-bron\" target=\"_blank\" rel=\"nofollow noopener\">Progr\u00e8s<\/a>, une vingtaine de personnes ont tent\u00e9 t\u00f4t ce matin de bloquer le p\u00e9riph\u00e9rique lyonnais au niveau de Bron. Des membres du mouvement \u00ab Bloquons tout \u00bb, \u00e0 l&rsquo;origine de la mobilisation du 10 septembre, s&rsquo;\u00e9taient donn\u00e9 rendez-vous \u00e0 Villeurbanne \u00e0 6h30 pour mener leur action, alors que la manifestation officielle est pr\u00e9vue cet apr\u00e8s-midi dans la capitale des Gaules. A 8 heures, ils ont tent\u00e9 de se rendre sur la chauss\u00e9e au niveau du \u00ab\u00a0virage de la femme morte\u00a0\u00bb, en direction de Paris, avec des poubelles et des barri\u00e8res. Ils ont \u00e9t\u00e9 d\u00e9log\u00e9s au bout de quelques minutes par la CRS autorouti\u00e8re. Selon la pr\u00e9fecture, deux personnes ont \u00e9t\u00e9 interpell\u00e9es.<\/p>\n<p>Contexte<\/p>\n<p>Nouvelle journ\u00e9e de mobilisation en France<\/p>\n<ul>\n<li>Apr\u00e8s les manifestations des <a href=\"https:\/\/www.leparisien.fr\/economie\/bloquons-tout-transports-ecoles-commerces-cest-le-grand-flou-autour-de-la-mobilisation-09-09-2025-JW7NWLI2XFB2ZLLMQVZKN2IWWU.php\" target=\"_blank\" rel=\"nofollow noopener\">10<\/a> et <a href=\"https:\/\/www.leparisien.fr\/faits-divers\/cassez-vous-cassez-vous-a-paris-journee-de-manifestation-sous-tension-mais-pas-de-violents-affrontements-18-09-2025-SJ54VYUPIVA7ZDQSRBOP6IWQRQ.php\" target=\"_blank\" rel=\"nofollow noopener\">18 septembre<\/a>, et avant le discours de politique g\u00e9n\u00e9rale et les derniers arbitrages du Premier ministre, l&rsquo;intersyndicale appelle les Fran\u00e7ais \u00e0 battre le pav\u00e9 ce jeudi pour contester les coupes budg\u00e9taires attendues.<\/li>\n<li>L&rsquo;intersyndicale a rencontr\u00e9 le nouveau Premier ministre, S\u00e9bastien Lecornu, le 24 septembre, mais <a href=\"https:\/\/www.leparisien.fr\/societe\/quelles-sont-les-six-revendications-sur-lesquelles-lintersyndicale-estime-ne-pas-avoir-ete-entendue-par-sebastien-lecornu-24-09-2025-AJDUJSPAP5FALALUQ55QPM5URA.php\" target=\"_blank\" rel=\"nofollow noopener\">ses revendications<\/a> n&rsquo;ont pas \u00e9t\u00e9 entendues.<\/li>\n<li>La mobilisation s&rsquo;annonce en baisse par rapport au 18 septembre. <a href=\"https:\/\/www.leparisien.fr\/economie\/greve-du-2-octobre-transports-ecoles-sante-a-quelle-mobilisation-sattendre-secteur-par-secteur-01-10-2025-QSEXRHXPPJH5ZA5BI7XUF3CXZE.php\" target=\"_blank\" rel=\"nofollow noopener\">Le minist\u00e8re de l&rsquo;Int\u00e9rieur pr\u00e9voit 300 000 personnes dans les rues<\/a>, contre 500 000 la derni\u00e8re fois. La CGT, elle, avait revendiqu\u00e9 un million de manifestants.<\/li>\n<\/ul>\n<p><script async src=\"https:\/\/platform.twitter.com\/widgets.js\" charset=\"utf-8\"><\/script><\/p>\n","protected":false},"excerpt":{"rendered":"18:07 Quatre personnes interpell\u00e9es \u00e0 Paris\u00a0 La pr\u00e9fecture de police de Paris a \u00e9galement annonc\u00e9 que quatre personnes&hellip;\n","protected":false},"author":2,"featured_media":434051,"comment_status":"","ping_status":"","sticky":false,"template":"","format":"standard","meta":{"footnotes":""},"categories":[1888],"tags":[11,1777,674,1011,27,2088,12,626,25],"class_list":{"0":"post-434050","1":"post","2":"type-post","3":"status-publish","4":"format-standard","5":"has-post-thumbnail","7":"category-paris","8":"tag-actualites","9":"tag-eu","10":"tag-europe","11":"tag-fr","12":"tag-france","13":"tag-manifestation","14":"tag-news","15":"tag-paris","16":"tag-republique-francaise"},"share_on_mastodon":{"url":"https:\/\/pubeurope.com\/@fr\/115305465054250948","error":""},"_links":{"self":[{"href":"https:\/\/www.europesays.com\/fr\/wp-json\/wp\/v2\/posts\/434050","targetHints":{"allow":["GET"]}}],"collection":[{"href":"https:\/\/www.europesays.com\/fr\/wp-json\/wp\/v2\/posts"}],"about":[{"href":"https:\/\/www.europesays.com\/fr\/wp-json\/wp\/v2\/types\/post"}],"author":[{"embeddable":true,"href":"https:\/\/www.europesays.com\/fr\/wp-json\/wp\/v2\/users\/2"}],"replies":[{"embeddable":true,"href":"https:\/\/www.europesays.com\/fr\/wp-json\/wp\/v2\/comments?post=434050"}],"version-history":[{"count":0,"href":"https:\/\/www.europesays.com\/fr\/wp-json\/wp\/v2\/posts\/434050\/revisions"}],"wp:featuredmedia":[{"embeddable":true,"href":"https:\/\/www.europesays.com\/fr\/wp-json\/wp\/v2\/media\/434051"}],"wp:attachment":[{"href":"https:\/\/www.europesays.com\/fr\/wp-json\/wp\/v2\/media?parent=434050"}],"wp:term":[{"taxonomy":"category","embeddable":true,"href":"https:\/\/www.europesays.com\/fr\/wp-json\/wp\/v2\/categories?post=434050"},{"taxonomy":"post_tag","embeddable":true,"href":"https:\/\/www.europesays.com\/fr\/wp-json\/wp\/v2\/tags?post=434050"}],"curies":[{"name":"wp","href":"https:\/\/api.w.org\/{rel}","templated":true}]}}