{"id":434052,"date":"2025-10-02T16:15:18","date_gmt":"2025-10-02T16:15:18","guid":{"rendered":"https:\/\/www.europesays.com\/fr\/434052\/"},"modified":"2025-10-02T16:15:18","modified_gmt":"2025-10-02T16:15:18","slug":"basketteur-russe-arrete-en-france-a-la-demande-des-etats-unis-5-minutes-pour-comprendre-laffaire-daniil-kasatkin","status":"publish","type":"post","link":"https:\/\/www.europesays.com\/fr\/434052\/","title":{"rendered":"Basketteur russe arr\u00eat\u00e9 en France \u00e0 la demande des \u00c9tats-Unis\u00a0: 5 minutes pour comprendre l\u2019affaire Daniil Kasatkin"},"content":{"rendered":"<p class=\"paragraph text_align_left lp-f-body-02\">Depuis fin juin, un basketteur russe est enferm\u00e9 \u00e0 la prison de Fresnes (Val-de-Marne). Son nom : <a href=\"https:\/\/www.leparisien.fr\/sports\/basket\/basketteur-russe-arrete-en-france-a-la-demande-des-etats-unis-son-avocat-reclame-sa-liberation-immediate-01-10-2025-FI7RM7TLMBH57NIS7GF53TQ66A.php\" target=\"_blank\" rel=\"noreferrer nofollow noopener\">Daniil Kasatkin<\/a>. La France ne lui reproche rien, mais les \u00c9tats-Unis le soup\u00e7onnent <a href=\"https:\/\/www.leparisien.fr\/sports\/basket\/il-tombe-des-nues-un-basketteur-russe-place-en-detention-en-france-a-la-demande-des-etats-unis-pour-piraterie-informatique-09-07-2025-WXWDJLIBEJAQ3MKX4CUQTA4TIE.php\" target=\"_blank\" rel=\"noreferrer nofollow noopener\">d\u2019avoir fait partie d\u2019un r\u00e9seau de hackers <\/a>et demandent son extradition. Sa d\u00e9fense clame son innocence et exige sa remise en libert\u00e9 imm\u00e9diate alors qu\u2019il risque jusqu\u2019\u00e0 vingt ans de prison outre-Atlantique.<\/p>\n<p>Qui est Daniil Kasatkin ?<\/p>\n<p class=\"paragraph text_align_left lp-f-body-02\">Pour trouver le CV du meneur de jeu professionnel \u00e2g\u00e9 de 26 ans, il faut fouiller un peu. Il est n\u00e9 \u00e0 Ivanovo, une ville \u00e0 trois heures de route au nord-est de Moscou, en janvier 1999. \u00c0 part une ann\u00e9e d\u2019\u00e9tudes \u00e0 Philadelphie \u00e0 la Penn University, en 2019, il a effectu\u00e9 toute sa carri\u00e8re dans la capitale russe au MBA Moscou, qui \u00e9volue en VTB Ligue, le championnat local.<\/p>\n<p class=\"paragraph text_align_left lp-f-body-02\">\u00ab Il s\u2019est pris de passion pour le basket tout jeune en regardant le film Space Jam, avec <a href=\"https:\/\/www.leparisien.fr\/sports\/nba-michael-jordan-la-star-du-basket-devenue-un-businessman-milliardaire-24-01-2020-8243229.php\" target=\"_blank\" rel=\"noreferrer nofollow noopener\">Michael Jordan<\/a> et Bugs Bunny. Son agent lui a trouv\u00e9 un lyc\u00e9e aux \u00c9tats-Unis, puis il a \u00e9t\u00e9 pris dans une universit\u00e9 en Pennsylvanie avec une bourse de sport \u00bb, a racont\u00e9 sa compagne \u00e0 un journal russe apr\u00e8s son arrestation.<\/p>\n<p class=\"paragraph text_align_left lp-f-body-02\">Sur la sc\u00e8ne internationale, le meneur blond d\u20191m99 a disput\u00e9 un Euro des moins de 18 ans (2018) et des moins de 20 ans (2020). Il suit en parall\u00e8le de sa carri\u00e8re des \u00e9tudes en management dans la communication.<\/p>\n<p>Que s\u2019est-il pass\u00e9 le jour de son arrestation ?<\/p>\n<p class=\"paragraph text_align_left lp-f-body-02\">Samedi 21 juin, avec sa compagne, Anna Kulyashova, Daniil Kasatkin arrive \u00e0 <a href=\"https:\/\/www.leparisien.fr\/val-d-oise-95\/aeroport-de-roissy\/\" target=\"_blank\" rel=\"noreferrer nofollow noopener\">l\u2019a\u00e9roport de Roissy<\/a> (Val-d\u2019Oise) depuis Moscou via une escale \u00e0 Istanbul. Le couple vient de se fiancer et pr\u00e9voit de passer quelques jours en France avant de rejoindre des amis en Croatie. \u00ab C\u2019\u00e9tait notre premi\u00e8re fois \u00e0 Paris pour tous les deux \u00bb, rappelle Anna Kulyashova.<\/p>\n<p class=\"paragraph text_align_left lp-f-body-02\">\u00c0 la sortie de l\u2019avion, le basketteur est arr\u00eat\u00e9 par la douane, pas sa compagne. Il a racont\u00e9 ces moments au journal moscovite <a href=\"https:\/\/www.kommersant.ru\/doc\/7924622?ref=basketeurope.com\" target=\"_blank\" rel=\"noreferrer nofollow noopener\">Kommersant<\/a> d\u00e9but juillet.<\/p>\n<p class=\"paragraph text_align_left lp-f-body-02\">\u00ab Nous avons calmement remis nos passeports, pensant qu\u2019il s\u2019agissait d\u2019une formalit\u00e9, relate-t-il. D\u00e8s que les policiers ont vu mon passeport, ils m\u2019ont pris \u00e0 part, ne me laissant m\u00eame pas dire au revoir \u00e0 Anya. Ils m\u2019ont imm\u00e9diatement fouill\u00e9, menott\u00e9, mis dans une voiture et conduit au commissariat le plus proche. Ils m\u2019ont inform\u00e9 que j\u2019\u00e9tais d\u00e9tenu \u00e0 la demande d\u2019un autre pays et m\u2019ont plac\u00e9 dans une cellule. Il n\u2019y avait qu\u2019un trou dans le sol et un matelas. \u00bb<\/p>\n<p>O\u00f9 est le basketteur depuis le 21 juin ?<\/p>\n<p class=\"paragraph text_align_left lp-f-body-02\">Depuis ce jour, il est d\u00e9tenu \u00e0 la prison de Fresnes. Il a racont\u00e9 son s\u00e9jour dans le m\u00eame journal. \u00ab Je suis s\u00fbr qu\u2019il existe des prisons pires dans le monde. C\u2019est ma premi\u00e8re fois, je n\u2019ai aucun point de comparaison. Cependant, on me dit qu\u2019elle est <a href=\"https:\/\/www.leparisien.fr\/val-de-marne-94\/creteil-94000\/la-prison-de-fresnes-c-est-la-pire-des-choses-en-termes-de-detention-30-11-2017-7425129.php\" target=\"_blank\" rel=\"noreferrer nofollow noopener\">une des pires de France<\/a>. Il est difficile de d\u00e9crire bri\u00e8vement toutes <a href=\"https:\/\/www.leparisien.fr\/faits-divers\/des-rats-urinaient-sur-sa-nourriture-un-detenu-de-fresnes-transfere-apres-avoir-contracte-la-leptospirose-28-02-2024-IAWS6WXPB5H77J7YAPNM6RF7DM.php\" target=\"_blank\" rel=\"noreferrer nofollow noopener\">les conditions de d\u00e9tention<\/a>. \u00bb<\/p>\n<p class=\"paragraph text_align_left lp-f-body-02\">Il poursuit : \u00ab On me nourrit deux fois par jour. Ce n\u2019est pas suffisant pour un corps d\u2019athl\u00e8te. La nourriture est pauvre en prot\u00e9ines. M\u00eame avec un entra\u00eenement quotidien, il est difficile de maintenir mes muscles. Je fais de mon mieux. Je marche une fois par jour, pendant environ une heure et demie. L\u2019aire de marche est une simple bo\u00eete d\u2019environ 10 m de long sur 6 de large. \u00bb<\/p>\n<p>Que lui reprochent les \u00c9tats-Unis ?<\/p>\n<p class=\"paragraph text_align_left lp-f-body-02\">La justice am\u00e9ricaine le soup\u00e7onne d\u2019avoir fait partie d\u2019un r\u00e9seau de pirates informatiques ayant, via <a href=\"https:\/\/www.leparisien.fr\/faits-divers\/securite-informatique-le-rancongiciel-cest-le-haut-du-spectre-de-la-cybercriminalite-18-07-2024-2S7UYD2N4RCDJEZF3MZLYCUWLE.php\" target=\"_blank\" rel=\"noreferrer nofollow noopener\">un ran\u00e7ongiciel<\/a>, attaqu\u00e9 plus de 900 entreprises, associations et entit\u00e9s gouvernementales \u00e9tats-uniennes entre 2020 et 2022. \u00ab En deux mots, expose son avocat, Me Fr\u00e9d\u00e9ric B\u00e9lot, M.Kasatkin a un mandat d\u2019arr\u00eat pour des faits qui sont qualifi\u00e9s par les autorit\u00e9s am\u00e9ricaines, de complot en vue de commettre une fraude informatique. C\u2019est la premi\u00e8re infraction. La deuxi\u00e8me est complot de fraude informatique. \u00bb<\/p>\n<p class=\"paragraph text_align_left lp-f-body-02\">Les \u00c9tats-Unis ne reprochent pas au meneur de jeu d\u2019\u00eatre un hacker russe. \u00ab On lui reproche d\u2019avoir \u00e9t\u00e9 un n\u00e9gociateur \u00bb, poursuit Me B\u00e9lot. Pour faire simple, le n\u00e9gociateur est celui qui demande des ran\u00e7ons aux victimes de piratage informatique.<\/p>\n<p class=\"paragraph text_align_left lp-f-body-02\">L\u2019enqu\u00eate p\u00e9nale, qui d\u00e9passe le simple cas de Daniil Kasatkin, a \u00e9t\u00e9 ouverte par un juge du Tennessee. Pour ces faits, s\u2019il est extrad\u00e9 aux \u00c9tats-Unis, le basketteur risque vingt ans de prison.<\/p>\n<p>Quelle est sa ligne de d\u00e9fense ?<\/p>\n<p class=\"paragraph text_align_left lp-f-body-02\">\u00ab M. Kasatkin clame \u00e9videmment son innocence, poursuit Me B\u00e9lot. Il est lui aussi une victime de hackers. Je peux vous assurer qu\u2019il n\u2019a pas de savoir technique en mati\u00e8re d\u2019informatique. Ce n\u2019est pas son m\u00e9tier, c\u2019est un basketteur professionnel et un \u00e9tudiant, il n\u2019a pas le temps de passer ses nuits devant un clavier. \u00bb<\/p>\n<p class=\"paragraph text_align_left lp-f-body-02\">Selon l\u2019avocat, \u00ab son tort est seulement d\u2019avoir achet\u00e9 un ordinateur d\u2019occasion sans le nettoyer \u00bb. \u00ab L\u2019ordinateur qu\u2019il a achet\u00e9 d\u2019occasion a servi aux hackers avant qu\u2019il en prenne possession et n\u2019a pas \u00e9t\u00e9 nettoy\u00e9. Soit un virus y a \u00e9t\u00e9 implant\u00e9 et les hackers s\u2019en sont servis \u00e0 distance sans qu\u2019il s\u2019en aper\u00e7oive \u00bb, pour effectuer leurs m\u00e9faits.<\/p>\n<p>Quelle est la suite de la proc\u00e9dure ?<\/p>\n<p class=\"paragraph text_align_left lp-f-body-02\">Ce 1er octobre, Me Fr\u00e9d\u00e9ric B\u00e9lot a demand\u00e9 la lib\u00e9ration imm\u00e9diate de son client devant la justice \u00e0 Paris. <a href=\"https:\/\/www.leparisien.fr\/faits-divers\/accuse-de-fraude-electronique-il-risque-207-ans-de-prison-en-cas-dextradition-vers-les-etats-unis-17-01-2025-XUYU2PI4KJEYPDF3JAUR7NHDB4.php\" target=\"_blank\" rel=\"noreferrer nofollow noopener\">Le trait\u00e9 bilat\u00e9ral d\u2019extradition entre la France et les \u00c9tats-Unis <\/a>stipule que la demande d\u2019extradition compl\u00e8te doit \u00eatre communiqu\u00e9e dans un d\u00e9lai de soixante jours \u00e0 partir de l\u2019arrestation provisoire. Le d\u00e9lai a expir\u00e9 depuis le 23 ao\u00fbt.<\/p>\n<p class=\"paragraph text_align_left lp-f-body-02\">\u00ab Et nous n\u2019avons pas un dossier complet \u00bb, plaide le d\u00e9fenseur, arguant que des traductions manquent. \u00ab Le texte de loi est tr\u00e8s clair. Lorsque le dossier n\u2019est pas complet dans ce d\u00e9lai, il doit y avoir remise en libert\u00e9 \u00bb, a martel\u00e9 Me B\u00e9lot, qui parle russe avec son client.<\/p>\n<p class=\"paragraph text_align_left lp-f-body-02\">L\u2019audience a \u00e9t\u00e9 suivie par le consul de Russie en France et un journaliste de l\u2019agence de presse officielle russe Tass, signe que Moscou porte attention \u00e0 ce dossier.<\/p>\n<p class=\"paragraph text_align_left lp-f-body-02\">Le pr\u00e9sident de la chambre a renvoy\u00e9 l\u2019examen de cette demande au 8 octobre. \u00ab M. Kasatkin est innocent des faits qui lui sont reproch\u00e9s et pour lesquels il est poursuivi aux \u00c9tats-Unis, insiste son avocat au Parisien. Il sait qu\u2019il sera blanchi et remis en libert\u00e9. Le probl\u00e8me est un probl\u00e8me de temps dans le cadre de la carri\u00e8re d\u2019un sportif professionnel. Avec son incarc\u00e9ration, il ne s\u2019entra\u00eene pas, ne travaille pas, ne s\u2019entretient pas physiquement. C\u2019est un souci dans la carri\u00e8re d\u2019un sportif, qui ne dure pas \u00e9ternellement. \u00bb<\/p>\n<p class=\"paragraph text_align_left lp-f-body-02\">Le 3 juillet, au d\u00e9but de sa d\u00e9tention, le MBA Moscou club, avec lequel il a jou\u00e9 172 matchs et \u00e9t\u00e9 deux fois m\u00e9daill\u00e9 de bronze \u00e0 la Coupe de Russie, a indiqu\u00e9 qu\u2019il ne faisait plus partie de son effectif.<\/p>\n","protected":false},"excerpt":{"rendered":"Depuis fin juin, un basketteur russe est enferm\u00e9 \u00e0 la prison de Fresnes (Val-de-Marne). Son nom : Daniil&hellip;\n","protected":false},"author":2,"featured_media":434053,"comment_status":"","ping_status":"","sticky":false,"template":"","format":"standard","meta":{"footnotes":""},"categories":[1591],"tags":[11,1465,118,1887,12,1885,1886,132,60],"class_list":{"0":"post-434052","1":"post","2":"type-post","3":"status-publish","4":"format-standard","5":"has-post-thumbnail","7":"category-russie","8":"tag-actualites","9":"tag-basket","10":"tag-faits-divers","11":"tag-federation-de-russie","12":"tag-news","13":"tag-russia","14":"tag-russian-federation","15":"tag-russie","16":"tag-sports"},"share_on_mastodon":{"url":"https:\/\/pubeurope.com\/@fr\/115305468729257693","error":""},"_links":{"self":[{"href":"https:\/\/www.europesays.com\/fr\/wp-json\/wp\/v2\/posts\/434052","targetHints":{"allow":["GET"]}}],"collection":[{"href":"https:\/\/www.europesays.com\/fr\/wp-json\/wp\/v2\/posts"}],"about":[{"href":"https:\/\/www.europesays.com\/fr\/wp-json\/wp\/v2\/types\/post"}],"author":[{"embeddable":true,"href":"https:\/\/www.europesays.com\/fr\/wp-json\/wp\/v2\/users\/2"}],"replies":[{"embeddable":true,"href":"https:\/\/www.europesays.com\/fr\/wp-json\/wp\/v2\/comments?post=434052"}],"version-history":[{"count":0,"href":"https:\/\/www.europesays.com\/fr\/wp-json\/wp\/v2\/posts\/434052\/revisions"}],"wp:featuredmedia":[{"embeddable":true,"href":"https:\/\/www.europesays.com\/fr\/wp-json\/wp\/v2\/media\/434053"}],"wp:attachment":[{"href":"https:\/\/www.europesays.com\/fr\/wp-json\/wp\/v2\/media?parent=434052"}],"wp:term":[{"taxonomy":"category","embeddable":true,"href":"https:\/\/www.europesays.com\/fr\/wp-json\/wp\/v2\/categories?post=434052"},{"taxonomy":"post_tag","embeddable":true,"href":"https:\/\/www.europesays.com\/fr\/wp-json\/wp\/v2\/tags?post=434052"}],"curies":[{"name":"wp","href":"https:\/\/api.w.org\/{rel}","templated":true}]}}