{"id":43406,"date":"2025-04-22T07:36:09","date_gmt":"2025-04-22T07:36:09","guid":{"rendered":"https:\/\/www.europesays.com\/fr\/43406\/"},"modified":"2025-04-22T07:36:09","modified_gmt":"2025-04-22T07:36:09","slug":"le-gout-des-autres-sur-canal","status":"publish","type":"post","link":"https:\/\/www.europesays.com\/fr\/43406\/","title":{"rendered":"le go\u00fbt des autres sur Canal+"},"content":{"rendered":"<p>    Julien, Sylvie, Capucine, Annie et Yasmina partagent leur quotidien dans une maison \u00e0 Orl\u00e9ans.<br \/>\n                Nata Shilo<\/p>\n<p>La cha\u00eene propose un documentaire qui suit la vie commune de jeunes adultes et de seniors dans une maison \u00e0 Orl\u00e9ans.<\/p>\n<p class=\"fig-paragraph\"><a href=\"https:\/\/www.lefigaro.fr\/tag\/cedric-klapisch\" target=\"_blank\" rel=\"noopener nofollow\" data-gtm-custom-categorie=\"navigation\" data-gtm-custom-action=\"crossclick\" data-gtm-custom-label=\"Contextuel\" data-gtm-event=\"customEventSPE\">C\u00e9dric Klapisch<\/a>\u00a0a admirablement relat\u00e9 les joies de la colocation dans l\u2019inoubliable\u00a0<a href=\"https:\/\/tvmag.lefigaro.fr\/programme-tv\/programme\/l-auberge-espagnole-f429447475\" target=\"_blank\" rel=\"noopener nofollow\" data-gtm-custom-categorie=\"navigation\" data-gtm-custom-action=\"crossclick\" data-gtm-custom-label=\"Contextuel\" data-gtm-event=\"customEventSPE\">L\u2019Auberge espagnole<\/a> . Aujourd\u2019hui, ce ph\u00e9nom\u00e8ne n\u2019est plus seulement r\u00e9serv\u00e9 aux \u00e9tudiants. Face au vieillissement de la population, \u00e0 l\u2019isolement ou encore aux probl\u00e8mes de pouvoir d\u2019achat, de nouveaux modes de vie sont exp\u00e9riment\u00e9s un peu partout. C\u2019est le cas de la colocation interg\u00e9n\u00e9rationnelle.<\/p>\n<p class=\"fig-paragraph\">Le vivre-ensemble est-il possible malgr\u00e9 des diff\u00e9rences d\u2019\u00e2ge\u00a0? C\u2019est ce qu\u2019a voulu d\u00e9couvrir le r\u00e9alisateur Thomas Raguet qui a suivi la mise en place, \u00e0 Orl\u00e9ans, d\u2019une colocation de ce type port\u00e9e par la start-up orl\u00e9anaise Colibree Interg\u00e9n\u00e9ration (cette derni\u00e8re avait conquis les investisseurs de l\u2019\u00e9mission<a href=\"https:\/\/tvmag.lefigaro.fr\/programme-tv\/programme\/qui-veut-etre-mon-associe-d342690822\" target=\"_blank\" rel=\"noopener nofollow\" data-gtm-custom-categorie=\"navigation\" data-gtm-custom-action=\"crossclick\" data-gtm-custom-label=\"Contextuel\" data-gtm-event=\"customEventSPE\">\u00a0\u00ab Qui veut \u00eatre mon associ\u00e9\u00a0\u00bb<\/a>, sur\u00a0<a href=\"https:\/\/tvmag.lefigaro.fr\/programme-tv\/chaine\/118\/tous-les-programmes-de-m6\" target=\"_blank\" rel=\"noopener nofollow\" data-gtm-custom-categorie=\"navigation\" data-gtm-custom-action=\"crossclick\" data-gtm-custom-label=\"Contextuel\" data-gtm-event=\"customEventSPE\">M6<\/a>, en 2023, mais a malheureusement mis la cl\u00e9 sous la porte depuis le tournage du documentaire). \u00c0 travers une plateforme informatique, elle mettait en relation des seniors \u00e2g\u00e9s de plus de 60\u00a0ans et des jeunes de moins de 30\u00a0ans, leur garantissant un toit, un loyer mod\u00e9r\u00e9, la mise en place de t\u00e2ches communes ainsi qu\u2019un suivi r\u00e9gulier. De la recherche de postulants jusqu\u2019\u00e0 la vie commune, le documentaire\u00a0<a href=\"https:\/\/tvmag.lefigaro.fr\/programme-tv\/programme\/la-coloc-f135751349\" target=\"_blank\" rel=\"noopener nofollow\" data-gtm-custom-categorie=\"navigation\" data-gtm-custom-action=\"crossclick\" data-gtm-custom-label=\"Contextuel\" data-gtm-event=\"customEventSPE\">La Coloc<\/a>, produit par Caroline Delage (Au Tableau Productions) et diffus\u00e9 sur Canal+, retrace la vie de cette maison unique durant plusieurs mois avec, en fil rouge, l\u2019\u00e9clairage du sociologue Serge Gu\u00e9rin.<\/p>\n<p class=\"fig-body-link\">\n            \u00c0 lire aussi<br \/>\n        <a class=\"fig-body-link__link\" href=\"http:\/\/tvmag.lefigaro.fr\/programme-tv\/actu-tele\/zodiac-l-obsession-le-tueur-aux-cryptogrammes-decode-sur-canal-20250325\" target=\"_blank\" data-fig-type=\"Article\" rel=\"noopener nofollow\" data-gtm-custom-categorie=\"navigation\" data-gtm-custom-action=\"crossclick\" data-gtm-custom-label=\"Contextuel\" data-gtm-event=\"customEventSPE\" data-fig-domain=\"TVMAG\">Zodiac, l\u2019obsession\u00a0: le tueur aux cryptogrammes d\u00e9cod\u00e9 sur Canal+<br \/>\n    <\/a>\n<\/p>\n<p>La charte de la cohabitation<\/p>\n<p class=\"fig-paragraph\">Si chacune des personnes qui souhaitent rejoindre ce projet a ses propres raisons de postuler, toutes doivent avoir le go\u00fbt du partage et des concessions. Daniel, 63\u00a0ans et encore actif, veut vivre une exp\u00e9rience nouvelle. \u00ab\u00a0Le challenge est sympa\u00a0: tu vas t\u2019installer et vivre comme en famille mais avec des gens que tu ne connais pas\u00a0\u00bb, explique-t-il, en esp\u00e9rant que les jeunes lui apportent de la tol\u00e9rance, lui qui s\u2019avoue parfois exigeant. Sylvie, 78\u00a0ans, retrait\u00e9e, ne veut pas \u00eatre une charge pour ses enfants. Elle est consciente que tout ne sera pas facile\u00a0: \u00ab\u00a0Il ne faut pas se leurrer, il y aura des heurts mais c\u2019est bien aussi, parce qu\u2019on apprendra \u00e0 se conna\u00eetre avec nos qualit\u00e9s et nos d\u00e9fauts\u00a0\u00bb, livre-t-elle, confiante, en amont de l\u2019aventure. Julien, 22\u00a0ans, pizza\u00efolo le jour et musicien la nuit, fuit la solitude de son appartement tandis que Capucine, 27\u00a0ans, qui a grandi entre le Canada et les Antilles, s\u2019installe en France pour la premi\u00e8re fois.<\/p>\n<p class=\"fig-paragraph\">Au fil des jours, la vie de la maison se met en place \u00e0 coups de plannings de t\u00e2ches m\u00e9nag\u00e8res. Tous signent la charte de la cohabitation donnant la possibilit\u00e9 de mettre des cartons jaunes puis un carton rouge stipulant l\u2019exclusion de la personne lorsque la situation le n\u00e9cessite. Si des manquements agacent certains plus que d\u2019autres (\u00ab\u00a0Julien ne fait pas sa semaine de m\u00e9nage\u00a0\u00bb), les concessions permettent de cr\u00e9er, jour apr\u00e8s jour, un \u00e9quilibre. Mais l\u2019arriv\u00e9e de deux colocataires fait na\u00eetre de nouvelles tensions car le vivre-ensemble n\u2019est pas si ais\u00e9. Et, finalement, la difficult\u00e9 ne vient pas, comme on pourrait le croire, de la diff\u00e9rence d\u2019\u00e2ge mais plut\u00f4t des caract\u00e8res et de la capacit\u00e9 d\u2019adaptation de chacun. Un film instructif sur une initiative int\u00e9ressante qui pourrait, \u00e0 l\u2019avenir, permettre de rem\u00e9dier \u00e0 la solitude et au manque de moyens en cr\u00e9ant du lien.<\/p>\n","protected":false},"excerpt":{"rendered":"Julien, Sylvie, Capucine, Annie et Yasmina partagent leur quotidien dans une maison \u00e0 Orl\u00e9ans. Nata Shilo La cha\u00eene&hellip;\n","protected":false},"author":2,"featured_media":43407,"comment_status":"","ping_status":"","sticky":false,"template":"","format":"standard","meta":{"footnotes":""},"categories":[1356],"tags":[10474,6399,6394,6396,6398,6397,6395,13050,58,1190,59,1011,27,6401,6402,252,1364,6400],"class_list":{"0":"post-43406","1":"post","2":"type-post","3":"status-publish","4":"format-standard","5":"has-post-thumbnail","7":"category-television","8":"tag-canal","9":"tag-ce-soir-a-la-tele","10":"tag-ce-soir-tv","11":"tag-ce-soir-tv-canal","12":"tag-ce-soir-tv-canalsat","13":"tag-ce-soir-tv-orange","14":"tag-ce-soir-tv-tnt","15":"tag-colocation","16":"tag-divertissement","17":"tag-documentaire","18":"tag-entertainment","19":"tag-fr","20":"tag-france","21":"tag-programme-tele-ce-soir","22":"tag-programme-tv-ce-soir","23":"tag-television","24":"tag-tv","25":"tag-tv-ce-soir-programme-tv"},"share_on_mastodon":{"url":"https:\/\/pubeurope.com\/@fr\/114380471294199859","error":""},"_links":{"self":[{"href":"https:\/\/www.europesays.com\/fr\/wp-json\/wp\/v2\/posts\/43406","targetHints":{"allow":["GET"]}}],"collection":[{"href":"https:\/\/www.europesays.com\/fr\/wp-json\/wp\/v2\/posts"}],"about":[{"href":"https:\/\/www.europesays.com\/fr\/wp-json\/wp\/v2\/types\/post"}],"author":[{"embeddable":true,"href":"https:\/\/www.europesays.com\/fr\/wp-json\/wp\/v2\/users\/2"}],"replies":[{"embeddable":true,"href":"https:\/\/www.europesays.com\/fr\/wp-json\/wp\/v2\/comments?post=43406"}],"version-history":[{"count":0,"href":"https:\/\/www.europesays.com\/fr\/wp-json\/wp\/v2\/posts\/43406\/revisions"}],"wp:featuredmedia":[{"embeddable":true,"href":"https:\/\/www.europesays.com\/fr\/wp-json\/wp\/v2\/media\/43407"}],"wp:attachment":[{"href":"https:\/\/www.europesays.com\/fr\/wp-json\/wp\/v2\/media?parent=43406"}],"wp:term":[{"taxonomy":"category","embeddable":true,"href":"https:\/\/www.europesays.com\/fr\/wp-json\/wp\/v2\/categories?post=43406"},{"taxonomy":"post_tag","embeddable":true,"href":"https:\/\/www.europesays.com\/fr\/wp-json\/wp\/v2\/tags?post=43406"}],"curies":[{"name":"wp","href":"https:\/\/api.w.org\/{rel}","templated":true}]}}