{"id":434063,"date":"2025-10-02T16:21:23","date_gmt":"2025-10-02T16:21:23","guid":{"rendered":"https:\/\/www.europesays.com\/fr\/434063\/"},"modified":"2025-10-02T16:21:23","modified_gmt":"2025-10-02T16:21:23","slug":"quel-est-le-degre-de-satisfaction-des-europeens-a-legard-de-lue","status":"publish","type":"post","link":"https:\/\/www.europesays.com\/fr\/434063\/","title":{"rendered":"Quel est le degr\u00e9 de satisfaction des Europ\u00e9ens \u00e0 l&rsquo;\u00e9gard de l&rsquo;UE\u00a0?"},"content":{"rendered":"<p>          <img decoding=\"async\" class=\"c-ad__placeholder__logo\" src=\"https:\/\/static.euronews.com\/website\/images\/logos\/logo-euronews-stacked-outlined-72x72-grey-9.svg\" width=\"72\" height=\"72\" alt=\"\" loading=\"lazy\"\/><br \/>\n          PUBLICIT\u00c9<\/p>\n<p>Les citoyens de l&rsquo;Union europ\u00e9enne estiment-ils que leurs priorit\u00e9s et leurs principaux besoins sont satisfaits par l&rsquo;Union ? La derni\u00e8re enqu\u00eate de l&rsquo;Eurobarom\u00e8tre du printemps 2025 du Parlement europ\u00e9en dresse un tableau plut\u00f4t positif d&rsquo;une approbation prudente m\u00eal\u00e9e \u00e0 une demande claire de plus d&rsquo;action.<\/p>\n<p>Les Europ\u00e9ens consid\u00e8rent toujours l&rsquo;Union europ\u00e9enne comme une force de stabilit\u00e9 dans un monde turbulent, pr\u00e8s des trois quarts d&rsquo;entre eux (73 %) d\u00e9clarant que leur pays b\u00e9n\u00e9ficie de son appartenance \u00e0 l&rsquo;Union. Il s&rsquo;agit de l&rsquo;un des taux les plus \u00e9lev\u00e9s jamais enregistr\u00e9s.<\/p>\n<p>La plupart des personnes interrog\u00e9es estiment \u00e9galement que l&rsquo;UE a <a href=\"https:\/\/fr.euronews.com\/my-europe\/2025\/07\/30\/droits-de-douane-limpact-sur-les-consommateurs-europeens-sera-limite\" target=\"_blank\" rel=\"noopener\"><strong>une influence sur leur vie quotidienne<\/strong><\/a>, m\u00eame si cela n&rsquo;est pas toujours per\u00e7u comme une bonne chose. La moiti\u00e9 des personnes interrog\u00e9es (50 %) estiment que cette influence est positive, 31 % la d\u00e9crivent comme ni bon ni mauvais, et 18 % consid\u00e8rent qu&rsquo;elle est n\u00e9gative.<\/p>\n<p>Dans le m\u00eame temps, la confiance dans l&rsquo;UE augmente, puisqu&rsquo;un peu plus de la moiti\u00e9 (52 %) des Europ\u00e9ens ont d\u00e9clar\u00e9 avoir une image positive de l&rsquo;Union.<\/p>\n<p>Ce niveau n&rsquo;a \u00e9t\u00e9 atteint que deux fois au cours des deux derni\u00e8res d\u00e9cennies (en 2021 et 2022). Par ailleurs, 42 % des personnes interrog\u00e9es estiment que l&rsquo;UE \u00e9volue dans la bonne direction, ce qui repr\u00e9sente une hausse de sept points de pourcentage par rapport au d\u00e9but de l&rsquo;ann\u00e9e 2025.<\/p>\n<p>L&rsquo;optimisme quant \u00e0 l&rsquo;avenir est \u00e9galement tr\u00e8s fort : deux tiers des citoyens se disent optimistes quant \u00e0 l&rsquo;avenir de l&rsquo;UE, et cette proportion atteint 72 % chez les 15-24 ans.<\/p>\n<p>D\u00e9fis \u00e9conomiques<\/p>\n<p>Mais la satisfaction n&rsquo;est pas synonyme de contentement. \u00c0 la question de savoir sur quoi l&rsquo;UE devrait se concentrer, les r\u00e9pondants europ\u00e9ens se sont montr\u00e9s tr\u00e8s clairs.<\/p>\n<p>Le co\u00fbt de la vie et l&rsquo;inflation restent les principales pr\u00e9occupations, cit\u00e9es par 41 % des r\u00e9pondants. Viennent ensuite la d\u00e9fense et la s\u00e9curit\u00e9 (34 %) et la lutte contre la pauvret\u00e9 et l&rsquo;exclusion sociale (31 %).<\/p>\n<p>Ces trois questions r\u00e9v\u00e8lent \u00e0 elles seules la pression que les Europ\u00e9ens ressentent dans leur vie quotidienne : tensions \u00e9conomiques, instabilit\u00e9 mondiale et in\u00e9galit\u00e9s croissantes.<\/p>\n<p>De nombreux citoyens ont indiqu\u00e9 qu&rsquo;ils ne voulaient pas seulement que l&rsquo;UE prenne acte de ces d\u00e9fis, mais <a href=\"https:\/\/fr.euronews.com\/my-europe\/2024\/09\/09\/rapport-draghi-sur-la-competitivite-de-lue-cinq-points-cles-a-retenir\" target=\"_blank\" rel=\"noopener\"><strong>qu&rsquo;elle en fasse plus.<\/strong><\/a><\/p>\n<p>Pas moins de 90 % d&rsquo;entre eux estiment que les \u00c9tats membres de l&rsquo;UE devraient \u00eatre plus unis pour relever les d\u00e9fis mondiaux, et 68 % estiment que l&rsquo;UE elle-m\u00eame devrait jouer un r\u00f4le plus important dans la protection des citoyens contre les crises mondiales et les menaces pour la s\u00e9curit\u00e9.<\/p>\n<p>Le d\u00e9sir d&rsquo;une Union europ\u00e9enne plus comp\u00e9tente et plus r\u00e9active transcende les \u00e2ges et les sexes, tandis que l&rsquo;attitude politique est l&rsquo;un des rares points d&rsquo;accord quasi universel sur tout le continent.<\/p>\n<p>En effet, 91 % des Europ\u00e9ens estiment que le Parlement europ\u00e9en devrait avoir pleinement acc\u00e8s aux informations et aux outils n\u00e9cessaires pour contr\u00f4ler les d\u00e9penses de l&rsquo;UE.<\/p>\n<p>Prot\u00e9ger les d\u00e9mocraties<\/p>\n<p>Dans le m\u00eame temps, 85 % des Europ\u00e9ens sont favorables \u00e0 l&rsquo;id\u00e9e de lier l&rsquo;attribution de fonds europ\u00e9ens au respect par un pays de l&rsquo;\u00c9tat de droit et des principes d\u00e9mocratiques. En d&rsquo;autres termes, le soutien \u00e0 l&rsquo;unit\u00e9 et aux investissements de l&rsquo;UE est \u00e9lev\u00e9, mais les citoyens veulent des contr\u00f4les, de la transparence et de l&rsquo;\u00e9quit\u00e9.<\/p>\n<p>En ce qui concerne <a href=\"https:\/\/fr.euronews.com\/my-europe\/2025\/07\/18\/le-nouveau-budget-de-lue-transformera-t-il-la-politique-de-cohesion-en-hunger-games-region\" target=\"_blank\" rel=\"noopener\"><strong>le budget \u00e0 long terme de l&rsquo;UE<\/strong><\/a>, seuls 36 % des r\u00e9pondants ont d\u00e9clar\u00e9 avoir entendu parler du cadre financier pluriannuel (CFP), mais ils ont des opinions bien arr\u00eat\u00e9es sur la mani\u00e8re dont il devrait fonctionner.<\/p>\n<p>Plus des trois quarts (78 %) pensent que davantage de projets futurs devraient \u00eatre financ\u00e9s conjointement au niveau de l&rsquo;UE, plut\u00f4t que d&rsquo;\u00eatre laiss\u00e9s \u00e0 la charge des pays individuels. Par ailleurs, 73 % des personnes interrog\u00e9es se d\u00e9clarent favorables \u00e0 la cr\u00e9ation de nouvelles sources de revenus sp\u00e9cifiques \u00e0 l&rsquo;UE, telles que des taxes sur les \u00e9missions de gaz \u00e0 effet de serre ou sur les b\u00e9n\u00e9fices des entreprises, afin de r\u00e9duire la d\u00e9pendance \u00e0 l&rsquo;\u00e9gard des contributions nationales.<\/p>\n<p>Les citoyens sont \u00e9galement tr\u00e8s favorables \u00e0 une bonne gestion des fonds budg\u00e9taires. Plus de 90 % des citoyens consid\u00e8rent que la transparence, l&rsquo;efficacit\u00e9, la flexibilit\u00e9 et la tra\u00e7abilit\u00e9 sont des aspects essentiels du fonctionnement du budget de l&rsquo;UE.<\/p>\n","protected":false},"excerpt":{"rendered":"PUBLICIT\u00c9 Les citoyens de l&rsquo;Union europ\u00e9enne estiment-ils que leurs priorit\u00e9s et leurs principaux besoins sont satisfaits par l&rsquo;Union&hellip;\n","protected":false},"author":2,"featured_media":434064,"comment_status":"","ping_status":"","sticky":false,"template":"","format":"standard","meta":{"footnotes":""},"categories":[1586],"tags":[11,554,1777,674,1779,1011,27,9345,12,25,1778,364],"class_list":{"0":"post-434063","1":"post","2":"type-post","3":"status-publish","4":"format-standard","5":"has-post-thumbnail","7":"category-europe","8":"tag-actualites","9":"tag-defense","10":"tag-eu","11":"tag-europe","12":"tag-european-union","13":"tag-fr","14":"tag-france","15":"tag-inflation","16":"tag-news","17":"tag-republique-francaise","18":"tag-ue","19":"tag-union-europeenne"},"share_on_mastodon":{"url":"https:\/\/pubeurope.com\/@fr\/115305492379809305","error":""},"_links":{"self":[{"href":"https:\/\/www.europesays.com\/fr\/wp-json\/wp\/v2\/posts\/434063","targetHints":{"allow":["GET"]}}],"collection":[{"href":"https:\/\/www.europesays.com\/fr\/wp-json\/wp\/v2\/posts"}],"about":[{"href":"https:\/\/www.europesays.com\/fr\/wp-json\/wp\/v2\/types\/post"}],"author":[{"embeddable":true,"href":"https:\/\/www.europesays.com\/fr\/wp-json\/wp\/v2\/users\/2"}],"replies":[{"embeddable":true,"href":"https:\/\/www.europesays.com\/fr\/wp-json\/wp\/v2\/comments?post=434063"}],"version-history":[{"count":0,"href":"https:\/\/www.europesays.com\/fr\/wp-json\/wp\/v2\/posts\/434063\/revisions"}],"wp:featuredmedia":[{"embeddable":true,"href":"https:\/\/www.europesays.com\/fr\/wp-json\/wp\/v2\/media\/434064"}],"wp:attachment":[{"href":"https:\/\/www.europesays.com\/fr\/wp-json\/wp\/v2\/media?parent=434063"}],"wp:term":[{"taxonomy":"category","embeddable":true,"href":"https:\/\/www.europesays.com\/fr\/wp-json\/wp\/v2\/categories?post=434063"},{"taxonomy":"post_tag","embeddable":true,"href":"https:\/\/www.europesays.com\/fr\/wp-json\/wp\/v2\/tags?post=434063"}],"curies":[{"name":"wp","href":"https:\/\/api.w.org\/{rel}","templated":true}]}}