{"id":434077,"date":"2025-10-02T16:30:18","date_gmt":"2025-10-02T16:30:18","guid":{"rendered":"https:\/\/www.europesays.com\/fr\/434077\/"},"modified":"2025-10-02T16:30:18","modified_gmt":"2025-10-02T16:30:18","slug":"joan-mir-ne-sest-pas-senti-mis-a-lecart-pendant-ses-difficultes","status":"publish","type":"post","link":"https:\/\/www.europesays.com\/fr\/434077\/","title":{"rendered":"Joan Mir ne s&rsquo;est pas senti \u00ab\u00a0mis \u00e0 l&rsquo;\u00e9cart\u00a0\u00bb pendant ses difficult\u00e9s"},"content":{"rendered":"<p>Apr\u00e8s deux ans et demi plus que difficiles chez Honda, <a href=\"https:\/\/fr.motorsport.com\/driver\/joan-mir\/289392\/\" target=\"_blank\" rel=\"noopener\">Joan Mir<\/a> a d\u00e9croch\u00e9 son premier podium avec la marque \u00e0 Motegi, en prenant la troisi\u00e8me place derri\u00e8re les pilotes Ducati officiels. Depuis son arriv\u00e9e dans l&rsquo;\u00e9quipe, le champion du monde 2020 a connu des \u00e9pisodes difficiles, au point de songer \u00e0 la retraite, et subi des critiques, notamment sur la l\u00e9gitimit\u00e9 de son titre.<\/p>\n<p>Mir a assur\u00e9 <a href=\"https:\/\/fr.motorsport.com\/motogp\/news\/joan-mir-repond-haters-premier-podium-honda\/10763354\/\" target=\"_blank\" rel=\"noopener\">ne pas se pr\u00e9occuper r\u00e9ellement des haters sur les r\u00e9seaux sociaux<\/a>. Pour lui, le plus important est d&rsquo;avoir conserv\u00e9 la confiance de Honda dans les moments les plus difficiles. \u00ab\u00a0Je n&rsquo;ai pas l&rsquo;impression d&rsquo;avoir \u00e9t\u00e9 mis \u00e0 l&rsquo;\u00e9cart\u00a0\u00bb, a d\u00e9clar\u00e9 Mir \u00e0 <strong>Motorsport.com<\/strong> dans le paddock de Mandalika ce jeudi.<\/p>\n<p>\u00ab\u00a0On a fait un bon travail, on a tout donn\u00e9 pendant longtemps pour d\u00e9crocher ce podium et les r\u00e9sultats prouvent qu&rsquo;on a fait un bon travail. Je n&rsquo;ai jamais per\u00e7u que j&rsquo;\u00e9tais mis \u00e0 l&rsquo;\u00e9cart, au contraire, je crois que Honda m&rsquo;accorde plus de cr\u00e9dit que jamais et je veux continuer \u00e0 soutenir cette famille.\u00a0\u00bb<\/p>\n<p>Dans les courses qui ont pr\u00e9c\u00e9d\u00e9 le podium de Joan Mir, <a href=\"https:\/\/fr.motorsport.com\/driver\/luca-marini\/201098\/\" target=\"_blank\" rel=\"noopener\">Luca Marini<\/a> avait d\u00e9montr\u00e9 les progr\u00e8s apport\u00e9s par les derni\u00e8res \u00e9volutions de la Honda en encha\u00eenant plusieurs r\u00e9sultats dans le top 10. Mir est de son c\u00f4t\u00e9 convaincu que le podium de Motegi en appelle d&rsquo;autres.<\/p>\n<p>\u00ab\u00a0Je ne pense pas que c&rsquo;\u00e9tait une performance isol\u00e9e, ou que quelque chose [d&rsquo;anormal] se serait pass\u00e9. On a \u00e9t\u00e9 forts tout le week-end, dans toutes les conditions, dans la chaleur extr\u00eame, dans la matin\u00e9e avec des temp\u00e9ratures plus faibles, en visant le meilleur temps. Je ne pense pas que quelqu&rsquo;un est tomb\u00e9 ou a fait une erreur devant, donc on faisait partie des trois pilotes les plus rapides du week-end, et on a fini \u00e0 cette place.\u00a0\u00bb<\/p>\n<p>   <img decoding=\"async\" draggable=\"false\" src=\"https:\/\/www.europesays.com\/fr\/wp-content\/uploads\/2025\/10\/joan-mir-honda-hrc.jpg\" alt=\"Joan Mir, Honda HRC\" width=\"1200\" height=\"800\" loading=\"lazy\"\/> <\/p>\n<p class=\"title\">Joan Mir<\/p>\n<p class=\"photographer\">Photo de: Gold and Goose Photography \/ LAT Images \/ via Getty Images<\/p>\n<p>\u00ab\u00a0Je ne pense sinc\u00e8rement pas que c&rsquo;\u00e9tait un cas isol\u00e9. Je sens plut\u00f4t que ce podium est la cons\u00e9quence du d\u00e9veloppement que l&rsquo;on a effectu\u00e9 et que nous pourrons reproduire ce r\u00e9sultat\u00a0\u2013 peut-\u00eatre pas en Indon\u00e9sie, qui est un circuit tr\u00e8s difficile pour nous\u00a0\u2013 mais dans les prochaines courses, je ne vois pas pourquoi nous ne pourrions pas le refaire.\u00a0\u00bb<\/p>\n<p>Pendant l&rsquo;\u00e9t\u00e9, le Majorquin a encha\u00een\u00e9 les chutes, en \u00e9tant plusieurs fois victimes d&rsquo;erreurs de ses adversaires, mais il a lentement vu Honda progresser dans la hi\u00e9rarchie. \u00ab\u00a0C&rsquo;est un moment particulier pour nous parce que petit \u00e0 petit, on atteint nos objectifs\u00a0\u00bb, a soulign\u00e9 Mir en conf\u00e9rence de presse ce jeudi. \u00ab\u00a0Cela a \u00e9t\u00e9 un parcours difficile et long, sans r\u00e9ussite.\u00a0\u00bb<\/p>\n<p>\u00ab\u00a0Dans les derni\u00e8res courses, depuis la mi-saison, je commence \u00e0 sentir que je pourrais avoir le package pour de bons r\u00e9sultats, des r\u00e9sultats qui valent la peine. Pour plusieurs raisons en course, des erreurs de ma part, de la part des autres, des probl\u00e8mes techniques, on n&rsquo;a pas pu obtenir un bon r\u00e9sultat. Motegi \u00e9tait le bon moment pour commencer \u00e0 le faire.\u00a0\u00bb<\/p>\n<p>\u00ab\u00a0Je sens que depuis Motegi, on a montr\u00e9 qu&rsquo;on pouvait d\u00e9crocher un bon r\u00e9sultat. Cette piste est totalement diff\u00e9rente de Motegi donc il faudra comprendre si on peut \u00eatre aussi performants que l\u00e0-bas. Ce n&rsquo;est pas mon circuit pr\u00e9f\u00e9r\u00e9 mais je pense qu&rsquo;on peut avoir une chance. La moto a l&rsquo;air d&rsquo;\u00eatre performante maintenant et je suis impatient.\u00a0\u00bb<\/p>\n<p>   <img decoding=\"async\" draggable=\"false\" src=\"https:\/\/www.europesays.com\/fr\/wp-content\/uploads\/2025\/10\/1759422618_996_joan-mir-honda-hrc.jpg\" alt=\"Joan Mir, Honda HRC\" width=\"1200\" height=\"800\" loading=\"lazy\"\/> <\/p>\n<p class=\"title\">Joan Mir<\/p>\n<p class=\"photographer\">Photo de: Gold and Goose Photography \/ LAT Images \/ via Getty Images<\/p>\n<p>Pour Mir, ce bond en avant est le fruit de progr\u00e8s sur tous les fronts, qui ont permis un fonctionnement plus harmonieux des diff\u00e9rents \u00e9l\u00e9ments sur la moto\u00a0: \u00ab\u00a0Je ne peux pas citer un \u00e9l\u00e9ment sp\u00e9cifique. La base est nettement meilleure en termes d&rsquo;a\u00e9rodynamique, de ch\u00e2ssis, de moteur \u2013 tout marche ensemble. C&rsquo;\u00e9tait une chose qui manquait avant. Maintenant, on comprend un peu plus la voie \u00e0 suivre pour faire fonctionner ce package. On a modifi\u00e9 le bras oscillant, des configurations du moteur, on a chang\u00e9 plusieurs choses qui rendent cette moto beaucoup plus conduisible.\u00a0\u00bb\u00a0<\/p>\n<p>Avec cette version de la Honda, Mir se sent d\u00e9sormais capable d&rsquo;\u00eatre constamment parmi les leaders. Cette constance est ce qu&rsquo;il recherche pr\u00e9cis\u00e9ment, plus que des coups d&rsquo;\u00e9clat\u00a0: \u00ab\u00a0C&rsquo;est le plus difficile, mais pour moi, maintenant le plus important est de rester constant.\u00a0\u00bb<\/p>\n<p>\u00ab\u00a0Je ne dis pas que l&rsquo;on devrait se battre pour le podium \u00e0 chaque course, parce que c&rsquo;est tr\u00e8s difficile, mais maintenant l&rsquo;objectif est d&rsquo;essayer de trouver une dynamique positive qui me permettra de bien finir les courses, pour d\u00e9buter l&rsquo;ann\u00e9e prochaine avec des progr\u00e8s et d&rsquo;une fa\u00e7on diff\u00e9rente.\u00a0\u00bb<\/p>\n<p>\u00ab\u00a0Je pense qu&rsquo;il faut que ce soit l&rsquo;objectif pour la fin de la saison, plus que les r\u00e9sultats, les classements, etc. Je pense qu&rsquo;il est plus logique de finir la saison forts et de bien pr\u00e9parer 2026.\u00a0\u00bb<\/p>\n<p style=\"text-align: right;\">Propos recueillis par Germ\u00e1n Garcia Casanova<\/p>\n<p>Lire aussi :<\/p>\n<p>            Votre avis nous int\u00e9resse !<\/p>\n<p class=\"mt-auto\">Qu&rsquo;aimeriez-vous voir sur Motorsport.com ?<\/p>\n<p>            <a href=\"#\" class=\"ms-link text-link font-bold\">R\u00e9pondez \u00e0 notre enqu\u00eate de 5 minutes.<\/a><\/p>\n<p class=\"mt-1 font-info text-body\">&#8211; L&rsquo;\u00e9quipe Motorsport.com<\/p>\n","protected":false},"excerpt":{"rendered":"Apr\u00e8s deux ans et demi plus que difficiles chez Honda, Joan Mir a d\u00e9croch\u00e9 son premier podium avec&hellip;\n","protected":false},"author":2,"featured_media":434078,"comment_status":"","ping_status":"","sticky":false,"template":"","format":"standard","meta":{"footnotes":""},"categories":[1413],"tags":[1011,27,55763,3345,3346,56177,55764,1457,1456,1458,60],"class_list":{"0":"post-434077","1":"post","2":"type-post","3":"status-publish","4":"format-standard","5":"has-post-thumbnail","7":"category-moto","8":"tag-fr","9":"tag-france","10":"tag-gp-dindonu00e9sie","11":"tag-honda-hrc","12":"tag-joan-mir","13":"tag-joan-mir-ne-sest-pas-senti-mis-u00e0-lu00e9cart-pendant-ses-difficultu00e9s","14":"tag-mandalika-international-street-circuit","15":"tag-moto","16":"tag-motocycle","17":"tag-motogp","18":"tag-sports"},"share_on_mastodon":{"url":"https:\/\/pubeurope.com\/@fr\/115305528018902055","error":""},"_links":{"self":[{"href":"https:\/\/www.europesays.com\/fr\/wp-json\/wp\/v2\/posts\/434077","targetHints":{"allow":["GET"]}}],"collection":[{"href":"https:\/\/www.europesays.com\/fr\/wp-json\/wp\/v2\/posts"}],"about":[{"href":"https:\/\/www.europesays.com\/fr\/wp-json\/wp\/v2\/types\/post"}],"author":[{"embeddable":true,"href":"https:\/\/www.europesays.com\/fr\/wp-json\/wp\/v2\/users\/2"}],"replies":[{"embeddable":true,"href":"https:\/\/www.europesays.com\/fr\/wp-json\/wp\/v2\/comments?post=434077"}],"version-history":[{"count":0,"href":"https:\/\/www.europesays.com\/fr\/wp-json\/wp\/v2\/posts\/434077\/revisions"}],"wp:featuredmedia":[{"embeddable":true,"href":"https:\/\/www.europesays.com\/fr\/wp-json\/wp\/v2\/media\/434078"}],"wp:attachment":[{"href":"https:\/\/www.europesays.com\/fr\/wp-json\/wp\/v2\/media?parent=434077"}],"wp:term":[{"taxonomy":"category","embeddable":true,"href":"https:\/\/www.europesays.com\/fr\/wp-json\/wp\/v2\/categories?post=434077"},{"taxonomy":"post_tag","embeddable":true,"href":"https:\/\/www.europesays.com\/fr\/wp-json\/wp\/v2\/tags?post=434077"}],"curies":[{"name":"wp","href":"https:\/\/api.w.org\/{rel}","templated":true}]}}