{"id":434079,"date":"2025-10-02T16:31:18","date_gmt":"2025-10-02T16:31:18","guid":{"rendered":"https:\/\/www.europesays.com\/fr\/434079\/"},"modified":"2025-10-02T16:31:18","modified_gmt":"2025-10-02T16:31:18","slug":"la-section-paloise-sans-plusieurs-de-ses-cadres-pour-le-deplacement-a-toulon","status":"publish","type":"post","link":"https:\/\/www.europesays.com\/fr\/434079\/","title":{"rendered":"la Section Paloise sans plusieurs de ses cadres pour le d\u00e9placement \u00e0 Toulon"},"content":{"rendered":"<p>S\u00e9bastien Piqueronies, le manager b\u00e9arnais, a d\u00e9cid\u00e9 de laisser plusieurs de ses meilleurs \u00e9l\u00e9ments au repos pour le match face au RCT.<\/p>\n<p class=\"fig-paragraph\">Pau, dauphin de Toulouse avec le m\u00eame nombre de points, va proc\u00e9der \u00e0 une revue d&rsquo;effectif samedi \u00e0 Toulon, laissant plusieurs cadres au repos \u00e0 l&rsquo;occasion de la 5e journ\u00e9e de Top 14. Tr\u00e8s sollicit\u00e9s depuis le d\u00e9but de saison, les internationaux fran\u00e7ais\u00a0<a href=\"http:\/\/www.lefigaro.fr\/sports\/rugby\/xv-de-france\/xv-de-france-on-peut-etre-tres-fiers-de-la-prestation-savoure-emilien-gailleton-20250705\" data-fig-type=\"NewsFlash\" data-gtm-custom-categorie=\"navigation\" data-gtm-custom-action=\"crossclick\" data-gtm-custom-label=\"Contextuel\" data-gtm-event=\"customEventSPE\" data-fig-domain=\"LEFIGARO\" target=\"_blank\" rel=\"noopener\">\u00c9milien Gailleton<\/a>\u00a0et\u00a0<a href=\"http:\/\/www.lefigaro.fr\/sports\/rugby\/affaire-auradou-jegou-la-justice-a-etabli-les-mensonges-de-la-plaignante-se-felicite-me-vey-20250218\" data-fig-type=\"NewsFlash\" data-gtm-custom-categorie=\"navigation\" data-gtm-custom-action=\"crossclick\" data-gtm-custom-label=\"Contextuel\" data-gtm-event=\"customEventSPE\" data-fig-domain=\"LEFIGARO\" target=\"_blank\" rel=\"noopener\">Hugo Auradou<\/a>, ainsi que l&rsquo;ouvreur anglais Joe Simmonds, les troisi\u00e8mes lignes n\u00e9o-z\u00e9landais Luke Whitelock et g\u00e9orgien Beka Gorgadze ne devraient pas effectuer le voyage dans le Var.<\/p>\n<p class=\"fig-paragraph\">L&rsquo;arri\u00e8re australien Jack Maddocks, touch\u00e9 au pied contre Lyon, a rejoint \u00e0 l&rsquo;infirmerie l&rsquo;arri\u00e8re ou ailier tricolore Th\u00e9o Attissogbe ou le demi de m\u00eal\u00e9e anglais Dan Robson mais son indisponibilit\u00e9 ne devrait pas \u00eatre longue.\u00a0<a href=\"http:\/\/www.lefigaro.fr\/sports\/rugby\/rugby-championship-l-argentine-procede-a-sept-changements-pour-le-dernier-match-contre-les-springboks-prisciantelli-a-l-ouverture-20251002\" data-fig-type=\"NewsFlash\" data-gtm-custom-categorie=\"navigation\" data-gtm-custom-action=\"crossclick\" data-gtm-custom-label=\"Contextuel\" data-gtm-event=\"customEventSPE\" data-fig-domain=\"LEFIGARO\" target=\"_blank\" rel=\"noopener\">Le talonneur argentin Julian Montoya<\/a>, recrue phare de la Section, dispute samedi la derni\u00e8re journ\u00e9e du Rugby Championship contre l&rsquo;Afrique du Sud \u00e0 Londres. \u00c0 noter que le deuxi\u00e8me- ligne Thomas Jolmes et le centre samoan Tumua Manu, qui n&rsquo;ont pas encore jou\u00e9 cette saison, ont \u00e9t\u00e9 retenus au sein du groupe b\u00e9arnais.<\/p>\n","protected":false},"excerpt":{"rendered":"S\u00e9bastien Piqueronies, le manager b\u00e9arnais, a d\u00e9cid\u00e9 de laisser plusieurs de ses meilleurs \u00e9l\u00e9ments au repos pour le&hellip;\n","protected":false},"author":2,"featured_media":434080,"comment_status":"","ping_status":"","sticky":false,"template":"","format":"standard","meta":{"footnotes":""},"categories":[1412],"tags":[1451,1452,1453,1454,1455,1011,27,3461,10405,12098,60],"class_list":{"0":"post-434079","1":"post","2":"type-post","3":"status-publish","4":"format-standard","5":"has-post-thumbnail","7":"category-f1","8":"tag-f1","9":"tag-formula-1","10":"tag-formula1","11":"tag-formule-1","12":"tag-formule1","13":"tag-fr","14":"tag-france","15":"tag-rct","16":"tag-rugby-club-toulonnais","17":"tag-section-paloise","18":"tag-sports"},"share_on_mastodon":{"url":"https:\/\/pubeurope.com\/@fr\/115305531589828964","error":""},"_links":{"self":[{"href":"https:\/\/www.europesays.com\/fr\/wp-json\/wp\/v2\/posts\/434079","targetHints":{"allow":["GET"]}}],"collection":[{"href":"https:\/\/www.europesays.com\/fr\/wp-json\/wp\/v2\/posts"}],"about":[{"href":"https:\/\/www.europesays.com\/fr\/wp-json\/wp\/v2\/types\/post"}],"author":[{"embeddable":true,"href":"https:\/\/www.europesays.com\/fr\/wp-json\/wp\/v2\/users\/2"}],"replies":[{"embeddable":true,"href":"https:\/\/www.europesays.com\/fr\/wp-json\/wp\/v2\/comments?post=434079"}],"version-history":[{"count":0,"href":"https:\/\/www.europesays.com\/fr\/wp-json\/wp\/v2\/posts\/434079\/revisions"}],"wp:featuredmedia":[{"embeddable":true,"href":"https:\/\/www.europesays.com\/fr\/wp-json\/wp\/v2\/media\/434080"}],"wp:attachment":[{"href":"https:\/\/www.europesays.com\/fr\/wp-json\/wp\/v2\/media?parent=434079"}],"wp:term":[{"taxonomy":"category","embeddable":true,"href":"https:\/\/www.europesays.com\/fr\/wp-json\/wp\/v2\/categories?post=434079"},{"taxonomy":"post_tag","embeddable":true,"href":"https:\/\/www.europesays.com\/fr\/wp-json\/wp\/v2\/tags?post=434079"}],"curies":[{"name":"wp","href":"https:\/\/api.w.org\/{rel}","templated":true}]}}