{"id":434112,"date":"2025-10-02T16:48:18","date_gmt":"2025-10-02T16:48:18","guid":{"rendered":"https:\/\/www.europesays.com\/fr\/434112\/"},"modified":"2025-10-02T16:48:18","modified_gmt":"2025-10-02T16:48:18","slug":"saint-etienne-entre-revendications-nationales-et-inquietudes-locales-plusieurs-milliers-de-personnes-ont-battu-le-pave","status":"publish","type":"post","link":"https:\/\/www.europesays.com\/fr\/434112\/","title":{"rendered":"Saint-Etienne. Entre revendications nationales et inqui\u00e9tudes locales, plusieurs milliers de personnes ont battu le pav\u00e9"},"content":{"rendered":"<p class=\"insetTitle\">Un millier de manifestants \u00e0 Roanne<\/p>\n<p>Ce jeudi matin, entre 800 et 1200 personnes ont particip\u00e9 \u00e0 la manifestation dans les rues de Roanne, entre le parvis du centre universitaire et la place des Promenades.<\/p>\n<p>La mobilisation pour cette troisi\u00e8me journ\u00e9e d\u2019action reste \u00e9lev\u00e9e mais en recul par rapport aux deux premi\u00e8res\u00a0: <a href=\"https:\/\/www.leprogres.fr\/social\/2025\/09\/10\/a-roanne-forte-mobilisation-a-mably-le-rassemblement-disperse-par-la-police\" target=\"_blank\" rel=\"nofollow noopener\">il y avait eu entre\u00a01400 et\u00a02500 personnes le 10\u00a0septembre<\/a> et <a href=\"https:\/\/www.leprogres.fr\/politique\/2025\/09\/18\/plusieurs-milliers-de-manifestants-et-presque-autant-de-revendications-dans-le-cortege-roannais\" target=\"_blank\" rel=\"nofollow noopener\">1800 \u00e0 3000 le 18\u00a0septembre<\/a>. \u00ab\u00a0C\u2019est difficile de mobiliser les gens \u00e0 r\u00e9p\u00e9tition\u00a0\u00bb, r\u00e9agit Dominique Furnon, retrait\u00e9 et adh\u00e9rent de l\u2019Unsa. \u00ab\u00a0Par contre, on sent bien le ras-le-bol g\u00e9n\u00e9ral. On a besoin d\u2019avoir un budget \u00e0 la hauteur de ce qu\u2019on attend au niveau soci\u00e9tal, avec des services publics en grand danger.\u00a0\u00bb Il rel\u00e8ve aussi les difficult\u00e9s croissantes pour ceux qui sont au Smic.<\/p>\n<p>Quelques \u00ab\u00a0indign\u00e9s\u00a0\u00bb font un concert de casseroles<\/p>\n<p>C\u2019est aussi l\u2019avis de Ren\u00e9 Lapallus, adh\u00e9rent du PC et de la CGT\u00a0: \u00ab\u00a0Le probl\u00e8me num\u00e9ro\u00a01, c\u2019est le pouvoir d\u2019achat, que ce soit pour les travailleurs et les retrait\u00e9s, c\u2019est un vrai probl\u00e8me et beaucoup se retrouvent en difficult\u00e9 d\u00e8s le 15 du mois.\u00a0\u00bb<\/p>\n<p>\u00c0 l\u2019issue du d\u00e9fil\u00e9, les diff\u00e9rents repr\u00e9sentants syndicaux se relaient au micro sur les marches de la S\u00e9curit\u00e9 sociale pour dire \u00ab\u00a0non aux reculs sociaux\u00a0\u00bb, r\u00e9clamer une abrogation de la r\u00e9forme des retraites et plus de justice fiscale.<\/p>\n<p>\u00c0 c\u00f4t\u00e9, quelques \u00ab\u00a0indign\u00e9s\u00a0\u00bb font un concert de casseroles \u00ab\u00a0pour se d\u00e9marquer et d\u00e9noncer le discours l\u00e9nifiant des syndicats\u00a0\u00bb, explique Maud, qui milite pour des modes d\u2019action diff\u00e9rents.<\/p>\n<p class=\"insetSignature\">K.\u00a0T.<\/p>\n","protected":false},"excerpt":{"rendered":"Un millier de manifestants \u00e0 Roanne Ce jeudi matin, entre 800 et 1200 personnes ont particip\u00e9 \u00e0 la&hellip;\n","protected":false},"author":2,"featured_media":434113,"comment_status":"","ping_status":"","sticky":false,"template":"","format":"standard","meta":{"footnotes":""},"categories":[9653],"tags":[1111,11,2430,9671,7539,1777,674,1011,27,3367,12,25,4001,7538,801],"class_list":{"0":"post-434112","1":"post","2":"type-post","3":"status-publish","4":"format-standard","5":"has-post-thumbnail","7":"category-saint-etienne","8":"tag-actu","9":"tag-actualites","10":"tag-auvergne-rhone-alpes","11":"tag-conflit-social","12":"tag-edition-loire-sud","13":"tag-eu","14":"tag-europe","15":"tag-fr","16":"tag-france","17":"tag-loire","18":"tag-news","19":"tag-republique-francaise","20":"tag-saint-etienne","21":"tag-saint-etienne-ville","22":"tag-social"},"share_on_mastodon":{"url":"https:\/\/pubeurope.com\/@fr\/115305598402186886","error":""},"_links":{"self":[{"href":"https:\/\/www.europesays.com\/fr\/wp-json\/wp\/v2\/posts\/434112","targetHints":{"allow":["GET"]}}],"collection":[{"href":"https:\/\/www.europesays.com\/fr\/wp-json\/wp\/v2\/posts"}],"about":[{"href":"https:\/\/www.europesays.com\/fr\/wp-json\/wp\/v2\/types\/post"}],"author":[{"embeddable":true,"href":"https:\/\/www.europesays.com\/fr\/wp-json\/wp\/v2\/users\/2"}],"replies":[{"embeddable":true,"href":"https:\/\/www.europesays.com\/fr\/wp-json\/wp\/v2\/comments?post=434112"}],"version-history":[{"count":0,"href":"https:\/\/www.europesays.com\/fr\/wp-json\/wp\/v2\/posts\/434112\/revisions"}],"wp:featuredmedia":[{"embeddable":true,"href":"https:\/\/www.europesays.com\/fr\/wp-json\/wp\/v2\/media\/434113"}],"wp:attachment":[{"href":"https:\/\/www.europesays.com\/fr\/wp-json\/wp\/v2\/media?parent=434112"}],"wp:term":[{"taxonomy":"category","embeddable":true,"href":"https:\/\/www.europesays.com\/fr\/wp-json\/wp\/v2\/categories?post=434112"},{"taxonomy":"post_tag","embeddable":true,"href":"https:\/\/www.europesays.com\/fr\/wp-json\/wp\/v2\/tags?post=434112"}],"curies":[{"name":"wp","href":"https:\/\/api.w.org\/{rel}","templated":true}]}}