{"id":434118,"date":"2025-10-02T16:51:12","date_gmt":"2025-10-02T16:51:12","guid":{"rendered":"https:\/\/www.europesays.com\/fr\/434118\/"},"modified":"2025-10-02T16:51:12","modified_gmt":"2025-10-02T16:51:12","slug":"un-defi-de-taille-pour-vandoeuvre-qui-devra-se-rendre-chez-la-reserve-de-lasnl","status":"publish","type":"post","link":"https:\/\/www.europesays.com\/fr\/434118\/","title":{"rendered":"un d\u00e9fi de taille pour Vandoeuvre, qui devra se rendre chez la r\u00e9serve de l\u2019ASNL"},"content":{"rendered":"<p>Pendant que la Coupe de France suit son cours, celle du Grand Est fait aussi son petit bout de chemin. Le 2e  tour termin\u00e9 (avec notamment <a href=\"https:\/\/www.estrepublicain.fr\/sport\/2025\/10\/02\/coupe-du-grand-est-une-qualification-aux-tirs-au-but-pour-blenod-face-a-dieulouard\" target=\"_blank\" rel=\"noopener\">Bl\u00e9nod &#8211; Dieulouard en match en retard mercredi soir<\/a> ), le tirage du 3e  a \u00e9t\u00e9 effectu\u00e9 et d\u00e9voil\u00e9 ce jeudi par la LGEF. Les projecteurs seront notamment braqu\u00e9s sur Vandoeuvre, qui a obtenu l\u2019honneur de d\u00e9fier la r\u00e9serve de l\u2019ASNL. Un beau d\u00e9fi pour les Vandop\u00e9riens face aux pensionnaires de R1. Les matchs sont pr\u00e9vus lors du week-end des 11 et 12\u00a0octobre.<\/p>\n<p>  Les rencontres<\/p>\n<p>Behonne-Longeville (R2) &#8211; Eclaron (R3)<\/p>\n<p>Blainville (R3) &#8211; Neuves-Maisons (R1)<\/p>\n<p>Pulnoy (R3) &#8211; Bl\u00e9nod (R2)<\/p>\n<p>Saint-Max\/Essey (R3) &#8211; Bulgn\u00e9ville\/Contrex.\/Vittel (R3)<\/p>\n<p>Villers (R1) &#8211; Sorcy\/Void (R2)<\/p>\n<p>ASNL 2 (R1) &#8211; Vandoeuvre (R2)<\/p>\n<p>Magny (R2) &#8211; Etain (R2)<\/p>\n","protected":false},"excerpt":{"rendered":"Pendant que la Coupe de France suit son cours, celle du Grand Est fait aussi son petit bout&hellip;\n","protected":false},"author":2,"featured_media":434119,"comment_status":"","ping_status":"","sticky":false,"template":"","format":"standard","meta":{"footnotes":""},"categories":[9635],"tags":[1111,11,3703,1704,1777,674,107,1701,63,1011,27,775,1702,1703,12,25,517,1700],"class_list":{"0":"post-434118","1":"post","2":"type-post","3":"status-publish","4":"format-standard","5":"has-post-thumbnail","7":"category-nancy","8":"tag-actu","9":"tag-actualites","10":"tag-asnl","11":"tag-edition-nancy-et-agglomeration","12":"tag-eu","13":"tag-europe","14":"tag-fil-info","15":"tag-fil-info-sport","16":"tag-football","17":"tag-fr","18":"tag-france","19":"tag-grand-est","20":"tag-nancy","21":"tag-nancy-ville-54b","22":"tag-news","23":"tag-republique-francaise","24":"tag-sport","25":"tag-sport-lorrain"},"share_on_mastodon":{"url":"https:\/\/pubeurope.com\/@fr\/115305610224860690","error":""},"_links":{"self":[{"href":"https:\/\/www.europesays.com\/fr\/wp-json\/wp\/v2\/posts\/434118","targetHints":{"allow":["GET"]}}],"collection":[{"href":"https:\/\/www.europesays.com\/fr\/wp-json\/wp\/v2\/posts"}],"about":[{"href":"https:\/\/www.europesays.com\/fr\/wp-json\/wp\/v2\/types\/post"}],"author":[{"embeddable":true,"href":"https:\/\/www.europesays.com\/fr\/wp-json\/wp\/v2\/users\/2"}],"replies":[{"embeddable":true,"href":"https:\/\/www.europesays.com\/fr\/wp-json\/wp\/v2\/comments?post=434118"}],"version-history":[{"count":0,"href":"https:\/\/www.europesays.com\/fr\/wp-json\/wp\/v2\/posts\/434118\/revisions"}],"wp:featuredmedia":[{"embeddable":true,"href":"https:\/\/www.europesays.com\/fr\/wp-json\/wp\/v2\/media\/434119"}],"wp:attachment":[{"href":"https:\/\/www.europesays.com\/fr\/wp-json\/wp\/v2\/media?parent=434118"}],"wp:term":[{"taxonomy":"category","embeddable":true,"href":"https:\/\/www.europesays.com\/fr\/wp-json\/wp\/v2\/categories?post=434118"},{"taxonomy":"post_tag","embeddable":true,"href":"https:\/\/www.europesays.com\/fr\/wp-json\/wp\/v2\/tags?post=434118"}],"curies":[{"name":"wp","href":"https:\/\/api.w.org\/{rel}","templated":true}]}}