{"id":434126,"date":"2025-10-02T16:55:25","date_gmt":"2025-10-02T16:55:25","guid":{"rendered":"https:\/\/www.europesays.com\/fr\/434126\/"},"modified":"2025-10-02T16:55:25","modified_gmt":"2025-10-02T16:55:25","slug":"la-mobilisation-du-2-octobre-en-images","status":"publish","type":"post","link":"https:\/\/www.europesays.com\/fr\/434126\/","title":{"rendered":"la mobilisation du 2 octobre en images"},"content":{"rendered":"<p>            Par<br \/>\n        <strong><br \/>\n            <a href=\"https:\/\/actu.fr\/auteur\/lea-pippinato\" title=\"Consulter tous les articles de L\u00e9a Pippinato\" target=\"_blank\" rel=\"noopener\">L\u00e9a Pippinato<\/a><br \/>\n        <\/strong><\/p>\n<p>        Publi\u00e9 le<\/p>\n<p>            2 oct. 2025 \u00e0 18h39        <\/p>\n<p><a href=\"https:\/\/actu.fr\/occitanie\/montpellier_34172\/greve-du-jeudi-2-octobre-suivez-la-mobilisation-a-montpellier_63242765.html\" target=\"_blank\" rel=\"noopener\">Pour la troisi\u00e8me fois en moins d\u2019un mois, <strong>les syndicats<\/strong> ont appel\u00e9 \u00e0 <strong>la gr\u00e8ve et \u00e0 la rue<\/strong>.<\/a> Apr\u00e8s les 15 000 manifestants du 18 septembre, ils \u00e9taient nettement moins nombreux <strong>ce jeudi 2 octobre<\/strong> \u00e0 <strong>Montpellier<\/strong>. La mobilisation recule mais elle garde une dimension sonore et color\u00e9e. La rencontre du 26 septembre avec le nouveau Premier ministre S\u00e9bastien Lecornu n\u2019a pas calm\u00e9 les esprits. L\u2019entretien, jug\u00e9 insatisfaisant par les organisations syndicales, a renforc\u00e9 <strong>leur col\u00e8re<\/strong>. Le refus de suspendre la r\u00e9forme des retraites ou de r\u00e9tablir l\u2019imp\u00f4t sur la fortune a nourri la d\u00e9termination des contestataires.<\/p>\n<p class=\" wall-content\">\n<p class=\" wall-content\">Le cort\u00e8ge est parti \u00e0 10h30 de la place Albert Ier. En t\u00eate, l\u2019intersyndicale ont men\u00e9 la marche. La foule a progress\u00e9 dans les rues de la ville avant de rejoindre la place de la Com\u00e9die autour de midi.<\/p>\n<p>    <img   decoding=\"async\" loading=\"lazy\" src=\"https:\/\/www.europesays.com\/fr\/wp-content\/uploads\/2025\/10\/22-960x640.png\" alt=\"La CGT et FO ouvrent le d\u00e9fil\u00e9 depuis la place Albert Ier, suivis par plusieurs milliers de manifestants.&#10;\" width=\"960\" height=\"640\"\/><br \/>\n    L\u2019intersyndicale ouvre le d\u00e9fil\u00e9 depuis la place Albert Ier, suivis par plusieurs milliers de manifestants.<br \/>(\u00a9M\u00e9tropolitain \/ AH)Slogans et d\u00e9tournements<\/p>\n<p class=\" wall-content\">Dans la manifestation, les pancartes se voulaient \u00e0 la fois revendicatives et ironiques. \u00ab Ah \u00e7a ira, \u00e7a ira mieux quand tu partiras, Macron d\u00e9mission, Sarko en prison \u00bb affichait l\u2019une d\u2019elles. D\u2019autres slogans rappelaient Mai 68, comme \u00ab Tu nous mets 64, on te mai 68 \u00bb. Entre drapeaux syndicaux et \u00e9tendards rouges, des drapeaux issus de la culture populaire, dont ceux de One Piece, surprenaient les passants.<\/p>\n<p class=\" wall-content\">\n    <img   decoding=\"async\" loading=\"lazy\" src=\"https:\/\/www.europesays.com\/fr\/wp-content\/uploads\/2025\/10\/tempimagefvvih1-960x640.jpg\" alt=\"\" width=\"960\" height=\"640\"\/><br \/>\n    \u00ab\u00a0Tu nous mets 64, on te mai 68\u00a0\u00bb : la pancarte provoque les sourires et rappelle la m\u00e9moire de Mai 68. (\u00a9M\u00e9tropolitain \/ LP)<br \/>\n    <img   decoding=\"async\" loading=\"lazy\" src=\"https:\/\/www.europesays.com\/fr\/wp-content\/uploads\/2025\/10\/tempimage0g5a5r-960x640.jpg\" alt=\"Dans le d\u00e9fil\u00e9, les manifestants brandissent aussi des drapeaux de One Piece, clin d\u2019\u0153il inattendu au milieu des banderoles syndicales.\" width=\"960\" height=\"640\"\/><br \/>\n    Dans le d\u00e9fil\u00e9, les manifestants brandissent aussi des drapeaux de One Piece, clin d\u2019\u0153il inattendu au milieu des banderoles syndicales. (\u00a9M\u00e9tropolitain \/ LP)<\/p>\n<p>La voix des manifestants<\/p>\n<p class=\" wall-content\">Sur la place Albert Ier, des militants ont utilis\u00e9 des porte-voix pour relayer leurs slogans. Leurs appels r\u00e9sonnaient entre les immeubles et guidaient le cort\u00e8ge. La parole scand\u00e9e prenait parfois des airs de discours improvis\u00e9s.<\/p>\n<p>Vid\u00e9os : en ce moment sur Actu<br \/>\n    <img   decoding=\"async\" loading=\"lazy\" src=\"https:\/\/www.europesays.com\/fr\/wp-content\/uploads\/2025\/10\/25-960x640.png\" alt=\"Les premiers slogans r\u00e9sonnent gr\u00e2ce aux porte-voix brandis en t\u00eate de cort\u00e8ge.\" width=\"960\" height=\"640\"\/><br \/>\n    Les premiers slogans r\u00e9sonnent gr\u00e2ce aux porte-voix brandis en t\u00eate de cort\u00e8ge. (\u00a9M\u00e9tropolitain \/ AH)Une image marquante sur la fontaine<\/p>\n<p class=\" wall-content\">Sur la place de la Com\u00e9die, un jeune homme a grimp\u00e9 au sommet de la fontaine des Trois Gr\u00e2ces. Il y a hiss\u00e9 un drapeau palestinien, sous les applaudissements de la foule. Ce geste a marqu\u00e9 la journ\u00e9e et a concentr\u00e9 de nombreux regards et appareils photo.<\/p>\n<p>Votre r\u00e9gion, votre actu !<\/p>\n<p>Recevez chaque jour les infos qui comptent pour vous.<\/p>\n<p>\t<a href=\"https:\/\/actu.fr\/newsletter\" class=\"ac-btn ac-btn--corner ac-btn--medium ac-btn--blue800\" target=\"_blank\" rel=\"noopener\">S&rsquo;incrire<\/a><\/p>\n<p>    <img   decoding=\"async\" loading=\"lazy\" src=\"https:\/\/www.europesays.com\/fr\/wp-content\/uploads\/2025\/10\/10-960x640.png\" alt=\"Place de la Com\u00e9die, un drapeau palestinien flotte au sommet de la fontaine des Trois Gr\u00e2ces.\" width=\"960\" height=\"640\"\/><br \/>\n    Place de la Com\u00e9die, un drapeau palestinien flotte au sommet de la fontaine des Trois Gr\u00e2ces. (\u00a9M\u00e9tropolitain \/ AH)La musique dans la rue<\/p>\n<p class=\" wall-content\">Au milieu du cort\u00e8ge, un groupe de manifestants a sorti trompettes et tambour. Les notes s\u2019entrechoquaient avec les slogans. Les musiciens donnaient du rythme et rendaient la marche plus festive malgr\u00e9 la col\u00e8re de fond.\u00a0<\/p>\n<p>    <img   decoding=\"async\" loading=\"lazy\" src=\"https:\/\/www.europesays.com\/fr\/wp-content\/uploads\/2025\/10\/1-1-960x640.png\" alt=\"Tambour et trompettes r\u00e9sonnent au milieu du cort\u00e8ge, apportant une note festive.\" width=\"960\" height=\"640\"\/><br \/>\n    Tambour et trompettes r\u00e9sonnent au milieu du cort\u00e8ge, apportant une note festive. (\u00a9M\u00e9tropolitain \/ AH)<\/p>\n<p class=\" wall-content\">Les fumig\u00e8nes rouges ont color\u00e9 le parcours. Ils enveloppaient par moments les manifestants d\u2019un voile dense.<\/p>\n<p>    <img   decoding=\"async\" loading=\"lazy\" src=\"https:\/\/www.europesays.com\/fr\/wp-content\/uploads\/2025\/10\/18-960x640.png\" alt=\"Des fum\u00e9es rouges enveloppent la rue et donnent une atmosph\u00e8re de brasier.\" width=\"960\" height=\"640\"\/><br \/>\n    Des fum\u00e9es rouges enveloppent la rue et donnent une atmosph\u00e8re de brasier. (\u00a9M\u00e9tropolitain \/ AH)Des forces de l\u2019ordre massivement mobilis\u00e9es<\/p>\n<p class=\" wall-content\">Les autorit\u00e9s avaient pr\u00e9vu d\u2019importants moyens. Deux compagnies de CRS, un escadron de gendarmerie mobile et des moyens de reconnaissance a\u00e9rienne compl\u00e9taient l\u2019encadrement. Au total, 350 policiers et gendarmes \u00e9taient d\u00e9ploy\u00e9s \u00e0 Montpellier. Une centaine de sapeurs-pompiers du Sdis restaient aussi mobilis\u00e9s en cas de d\u00e9bordement.<\/p>\n<p>    <img   decoding=\"async\" loading=\"lazy\" src=\"https:\/\/www.europesays.com\/fr\/wp-content\/uploads\/2025\/10\/29-960x640.png\" alt=\"CRS et gendarmes mobiles encadrent le d\u00e9fil\u00e9, \u00e9paul\u00e9s par des moyens a\u00e9riens de surveillance.\" width=\"960\" height=\"640\"\/><br \/>\n    CRS et gendarmes mobiles encadrent le d\u00e9fil\u00e9, \u00e9paul\u00e9s par des moyens a\u00e9riens de surveillance. (\u00a9M\u00e9tropolitain \/ LP)Entre contestation et ambiance<\/p>\n<p class=\" wall-content\">La mobilisation a montr\u00e9 moins de manifestants que la pr\u00e9c\u00e9dente, mais l\u2019ambiance restait l\u00e0. Les pancartes, la musique et les fumig\u00e8nes composaient un tableau anim\u00e9. L\u2019empreinte visuelle de cette journ\u00e9e confirme que le mouvement, m\u00eame affaibli, conserve sa force symbolique.<\/p>\n<p>    <img   decoding=\"async\" loading=\"lazy\" src=\"https:\/\/www.europesays.com\/fr\/wp-content\/uploads\/2025\/10\/2-1-960x640.png\" alt=\"La place de la Com\u00e9die devient un th\u00e9\u00e2tre de slogans, de musique et de fumig\u00e8nes.\" width=\"960\" height=\"640\"\/><br \/>\n    La place de la Com\u00e9die devient un th\u00e9\u00e2tre de slogans, de musique et de fumig\u00e8nes. (\u00a9M\u00e9tropolitain \/ AH)<\/p>\n<p class=\" wall-content\">Personnalisez votre actualit\u00e9 en ajoutant vos villes et m\u00e9dias en favori avec <a href=\"https:\/\/moncompte.actu.fr\" title=\"D\u00e9couvez Mon Actu\" rel=\"nofollow noopener\" data-trk=\"{&quot;cta&quot;:{&quot;action&quot;:&quot;https:\\\/\\\/moncompte.actu.fr&quot;,&quot;category&quot;:&quot;mon compte&quot;,&quot;from&quot;:&quot;article footer&quot;,&quot;name&quot;:&quot;Mon actu&quot;,&quot;type&quot;:&quot;cta&quot;}}\" target=\"_blank\">Mon Actu<\/a>.<\/p>\n","protected":false},"excerpt":{"rendered":"Par L\u00e9a Pippinato Publi\u00e9 le 2 oct. 2025 \u00e0 18h39 Pour la troisi\u00e8me fois en moins d\u2019un mois,&hellip;\n","protected":false},"author":2,"featured_media":434127,"comment_status":"","ping_status":"","sticky":false,"template":"","format":"standard","meta":{"footnotes":""},"categories":[9599],"tags":[1111,11,1777,674,1011,27,54872,1272,2208,12,2680,25,104,3427],"class_list":{"0":"post-434126","1":"post","2":"type-post","3":"status-publish","4":"format-standard","5":"has-post-thumbnail","7":"category-montpellier","8":"tag-actu","9":"tag-actualites","10":"tag-eu","11":"tag-europe","12":"tag-fr","13":"tag-france","14":"tag-greve-du-2-octobre-2025","15":"tag-manifestations","16":"tag-montpellier","17":"tag-news","18":"tag-occitanie","19":"tag-republique-francaise","20":"tag-societe","21":"tag-syndicats"},"share_on_mastodon":{"url":"https:\/\/pubeurope.com\/@fr\/115305626953998585","error":""},"_links":{"self":[{"href":"https:\/\/www.europesays.com\/fr\/wp-json\/wp\/v2\/posts\/434126","targetHints":{"allow":["GET"]}}],"collection":[{"href":"https:\/\/www.europesays.com\/fr\/wp-json\/wp\/v2\/posts"}],"about":[{"href":"https:\/\/www.europesays.com\/fr\/wp-json\/wp\/v2\/types\/post"}],"author":[{"embeddable":true,"href":"https:\/\/www.europesays.com\/fr\/wp-json\/wp\/v2\/users\/2"}],"replies":[{"embeddable":true,"href":"https:\/\/www.europesays.com\/fr\/wp-json\/wp\/v2\/comments?post=434126"}],"version-history":[{"count":0,"href":"https:\/\/www.europesays.com\/fr\/wp-json\/wp\/v2\/posts\/434126\/revisions"}],"wp:featuredmedia":[{"embeddable":true,"href":"https:\/\/www.europesays.com\/fr\/wp-json\/wp\/v2\/media\/434127"}],"wp:attachment":[{"href":"https:\/\/www.europesays.com\/fr\/wp-json\/wp\/v2\/media?parent=434126"}],"wp:term":[{"taxonomy":"category","embeddable":true,"href":"https:\/\/www.europesays.com\/fr\/wp-json\/wp\/v2\/categories?post=434126"},{"taxonomy":"post_tag","embeddable":true,"href":"https:\/\/www.europesays.com\/fr\/wp-json\/wp\/v2\/tags?post=434126"}],"curies":[{"name":"wp","href":"https:\/\/api.w.org\/{rel}","templated":true}]}}