{"id":434128,"date":"2025-10-02T16:56:11","date_gmt":"2025-10-02T16:56:11","guid":{"rendered":"https:\/\/www.europesays.com\/fr\/434128\/"},"modified":"2025-10-02T16:56:11","modified_gmt":"2025-10-02T16:56:11","slug":"rouen-la-metropole-vote-une-aide-financiere-aux-plus-modestes-pour-leur-facture-deau","status":"publish","type":"post","link":"https:\/\/www.europesays.com\/fr\/434128\/","title":{"rendered":"Rouen. La M\u00e9tropole vote une aide financi\u00e8re aux plus modestes pour leur facture d&rsquo;eau"},"content":{"rendered":"<p melodystyle=\"texte\">C&rsquo;est un coup de pouce pour le pouvoir d&rsquo;achat des m\u00e9nages les plus modestes dans la M\u00e9tropole Rouen Normandie. Lors du conseil m\u00e9tropolitain du lundi 29\u00a0septembre, les \u00e9lus ont vot\u00e9 \u00e0 l&rsquo;unanimit\u00e9 une aide financi\u00e8re pour aider \u00e0 r\u00e9gler la facture\u00a0<a href=\"https:\/\/www.tendanceouest.com\/actualite-432322-le-havre-seine-metropole-residus-de-pesticides-dans-l-eau-que-veut-dire-le-courrier-envoye-aux-habitants\" target=\"_blank\" rel=\"nofollow noopener\">d&rsquo;eau.<\/a> Elle est vers\u00e9e automatiquement aux m\u00e9nages les plus d\u00e9favoris\u00e9s en fonction de leur quotient familial (jusqu&rsquo;\u00e0 250) et peut aller de 40 \u00e0 150\u20ac, en fonction du nombre de personnes dans le m\u00e9nage. 6\u00a0500 foyers doivent \u00eatre concern\u00e9s en 2025 pour une enveloppe totale de 300 000\u20ac. L&rsquo;aide doit \u00eatre vers\u00e9e une fois par an.\u00a0<\/p>\n<p>Une compensation \u00e0 l&rsquo;augmentation du prix de l&rsquo;eau<\/p>\n<p melodystyle=\"texte\">\u00ab\u00a0La perspective sur les 10 prochaines ann\u00e9es, c&rsquo;est une augmentation de 2,5% du prix de l&rsquo;eau, en plus du co\u00fbt de la vie, d\u00e9taille Jean-Pierre\u00a0Breugnot, vice-pr\u00e9sident en charge de l&rsquo;eau et de l&rsquo;assainissement. L&rsquo;eau va \u00eatre ch\u00e8re et la facture peut devenir un vrai sujet.\u00a0\u00bb\u00a0L&rsquo;aide doit donc permettre d&rsquo;amortir cette hausse. \u00ab\u00a0Ce n&rsquo;est pas un ch\u00e8que eau, donc l&rsquo;aide vient conforter les plus pr\u00e9caires dans leur pouvoir d&rsquo;achat\u00a0\u00bb, pr\u00e9cise l&rsquo;\u00e9lu, puisque l&rsquo;argent est bien vers\u00e9 directement sur le compte bancaire des b\u00e9n\u00e9ficiaires et n&rsquo;est pas obligatoirement \u00e0 utiliser pour la facture d&rsquo;eau.<\/p>\n","protected":false},"excerpt":{"rendered":"C&rsquo;est un coup de pouce pour le pouvoir d&rsquo;achat des m\u00e9nages les plus modestes dans la M\u00e9tropole Rouen&hellip;\n","protected":false},"author":2,"featured_media":434129,"comment_status":"","ping_status":"","sticky":false,"template":"","format":"standard","meta":{"footnotes":""},"categories":[9587],"tags":[1111,11,1777,674,1011,27,12,5161,25,9590],"class_list":{"0":"post-434128","1":"post","2":"type-post","3":"status-publish","4":"format-standard","5":"has-post-thumbnail","7":"category-rouen","8":"tag-actu","9":"tag-actualites","10":"tag-eu","11":"tag-europe","12":"tag-fr","13":"tag-france","14":"tag-news","15":"tag-normandie","16":"tag-republique-francaise","17":"tag-rouen"},"share_on_mastodon":{"url":"https:\/\/pubeurope.com\/@fr\/115305629898563477","error":""},"_links":{"self":[{"href":"https:\/\/www.europesays.com\/fr\/wp-json\/wp\/v2\/posts\/434128","targetHints":{"allow":["GET"]}}],"collection":[{"href":"https:\/\/www.europesays.com\/fr\/wp-json\/wp\/v2\/posts"}],"about":[{"href":"https:\/\/www.europesays.com\/fr\/wp-json\/wp\/v2\/types\/post"}],"author":[{"embeddable":true,"href":"https:\/\/www.europesays.com\/fr\/wp-json\/wp\/v2\/users\/2"}],"replies":[{"embeddable":true,"href":"https:\/\/www.europesays.com\/fr\/wp-json\/wp\/v2\/comments?post=434128"}],"version-history":[{"count":0,"href":"https:\/\/www.europesays.com\/fr\/wp-json\/wp\/v2\/posts\/434128\/revisions"}],"wp:featuredmedia":[{"embeddable":true,"href":"https:\/\/www.europesays.com\/fr\/wp-json\/wp\/v2\/media\/434129"}],"wp:attachment":[{"href":"https:\/\/www.europesays.com\/fr\/wp-json\/wp\/v2\/media?parent=434128"}],"wp:term":[{"taxonomy":"category","embeddable":true,"href":"https:\/\/www.europesays.com\/fr\/wp-json\/wp\/v2\/categories?post=434128"},{"taxonomy":"post_tag","embeddable":true,"href":"https:\/\/www.europesays.com\/fr\/wp-json\/wp\/v2\/tags?post=434128"}],"curies":[{"name":"wp","href":"https:\/\/api.w.org\/{rel}","templated":true}]}}